{"id":4386,"date":"2021-12-07T10:59:01","date_gmt":"2021-12-07T13:59:01","guid":{"rendered":"http:\/\/fmtinkunaco.com.ar\/?p=4263"},"modified":"2021-12-07T10:59:01","modified_gmt":"2021-12-07T13:59:01","slug":"ate-moreno-convoca-a-un-paro-por-24-hs-y-movilizacion","status":"publish","type":"post","link":"https:\/\/fmtinkunaco.ar\/?p=4386","title":{"rendered":"ATE Moreno convoca a un paro por 24 hs y movilizaci\u00f3n"},"content":{"rendered":"<p>Ante la falta de respuesta, por parte del Ejecutivo municipal, frente al reclamo de los trabajadores y las trabajadoras municipales del 15% de recomposici\u00f3n salarial para equiparar la inflaci\u00f3n al d\u00eda de hoy; ATE Moreno convoca a un paro de 24 hs y movilizaci\u00f3n para el pr\u00f3ximo jueves 9 de diciembre.<\/p>\n<p>En di\u00e1logo con el programa radial \u201cEncuentro con las Noticias\u201d, Ra\u00fal Soria, Delegado General de la Junta Interna de Municipales, se refiri\u00f3 a la falta de respuestas por parte de las autoridades del Ejecutivo, <em>\u201cEl Ejecutivo sigue sin convocar a los gremios a la mesa paritaria, entonces en asamblea la semana pasada se tomo la decisi\u00f3n de generar un paro, una actividad ya concreta. Paro y movilizaci\u00f3n para el d\u00eda jueves, paro de 24 hs para intentar que el Ejecutiva entienda la necesidad de las y los trabajadores.<\/em><br \/>\n<em> (\u2026) Hemos tambi\u00e9n abierto alguna otra puerta, por llamarlo as\u00ed, hemos hecho una presentaci\u00f3n en el Ministerio de Trabajo amen del paro con respecto a algunas formas y actitudes que viene teniendo el Ejecutivo y tambi\u00e9n el pedido de que saque o adelante este porcentaje del 8% por decreto vulnerando las leyes que hablan de negociaci\u00f3n colectiva en \u00e1mbitos mixtos. Esperemos que no sea el camino que elijan, porque cerrar una paritaria de forma unilateral no le hace bien ni a la gesti\u00f3n, ni a los trabajadores\u201d.<\/em><\/p>\n<p>Soria, adem\u00e1s, remarco<em> \u201cNosotros estamos dispuestos al dialogo, faltar\u00eda que esa decisi\u00f3n la tome el gobierno de Mariel Fern\u00e1ndez, si embarrar la canche porque tambi\u00e9n ha habido algunas actitudes; por ejemplo la semana pasada mientras nosotros est\u00e1bamos con las y los trabajadores en asamblea, el gobierno de Mariel se reun\u00eda con Micheli y saca una publicaci\u00f3n oficial planteando que se junto para hablar los y las trabajadoras a nivel local y a nivel nacional. Y la verdad que nosotros entendemos que Micheli no tiene ning\u00fan tipo de representatividad, no entendemos porque le pone el titulo de dirigente de la CTA\u201d.<\/em><\/p>\n<p>Finalmente, Ra\u00fal Soria, afirm\u00f3 <em>\u201cApostamos a esto, a que las y los trabajadores municipales se sumen al paro y que sea contundente y que de esa forma podamos convencer al Ejecutivo de sentarse a dar la discusi\u00f3n en donde corresponde\u201d.<\/em><\/p>\n<p>La convocatoria a paro y movilizaci\u00f3n es el\u00a0 pr\u00f3ximo jueves 9 de diciembre.<\/p>\n<p>Compartimos la entrevista completa<\/p>\n<p><a href=\"https:\/\/archive.org\/details\/audio-raul-soria-ate-moreno-07-12\">Descargar<\/a><\/p>\n<audio class=\"wp-audio-shortcode\" id=\"audio-4386-2\" preload=\"none\" style=\"width: 100%;\" controls=\"controls\"><source type=\"audio\/mpeg\" src=\"https:\/\/archive.org\/download\/audio-raul-soria-ate-moreno-07-12\/AUDIO%20-%20RAUL%20SORIA%20%28ATE%20MORENO%29%2007%2012.mp3?_=2\" \/><a href=\"https:\/\/archive.org\/download\/audio-raul-soria-ate-moreno-07-12\/AUDIO%20-%20RAUL%20SORIA%20%28ATE%20MORENO%29%2007%2012.mp3\">https:\/\/archive.org\/download\/audio-raul-soria-ate-moreno-07-12\/AUDIO%20-%20RAUL%20SORIA%20%28ATE%20MORENO%29%2007%2012.mp3<\/a><\/audio>\n<div class=\"powerpress_player\" id=\"powerpress_player_6905\"><audio class=\"wp-audio-shortcode\" id=\"audio-4386-1\" preload=\"none\" style=\"width: 100%;\" controls=\"controls\"><source type=\"audio\/mpeg\" src=\"https:\/\/archive.org\/download\/audio-raul-soria-ate-moreno-07-12\/AUDIO%20-%20RAUL%20SORIA%20%28ATE%20MORENO%29%2007%2012.mp3?_=1\" \/><a href=\"https:\/\/archive.org\/download\/audio-raul-soria-ate-moreno-07-12\/AUDIO%20-%20RAUL%20SORIA%20%28ATE%20MORENO%29%2007%2012.mp3\">https:\/\/archive.org\/download\/audio-raul-soria-ate-moreno-07-12\/AUDIO%20-%20RAUL%20SORIA%20%28ATE%20MORENO%29%2007%2012.mp3<\/a><\/audio><\/div><p class=\"powerpress_links powerpress_links_mp3\" style=\"margin-bottom: 1px !important;\">Podcast: <a href=\"https:\/\/archive.org\/download\/audio-raul-soria-ate-moreno-07-12\/AUDIO%20-%20RAUL%20SORIA%20%28ATE%20MORENO%29%2007%2012.mp3\" class=\"powerpress_link_pinw\" target=\"_blank\" title=\"Reproducir en una nueva ventana\" onclick=\"return powerpress_pinw('https:\/\/fmtinkunaco.ar\/?powerpress_pinw=4386-podcast');\" rel=\"nofollow\">Reproducir en una nueva ventana<\/a> | <a href=\"https:\/\/archive.org\/download\/audio-raul-soria-ate-moreno-07-12\/AUDIO%20-%20RAUL%20SORIA%20%28ATE%20MORENO%29%2007%2012.mp3\" class=\"powerpress_link_d\" title=\"Descargar\" rel=\"nofollow\" download=\"AUDIO%20-%20RAUL%20SORIA%20%28ATE%20MORENO%29%2007%2012.mp3\">Descargar<\/a><\/p>","protected":false},"excerpt":{"rendered":"<p>Ante la falta de respuesta, por parte del Ejecutivo municipal, frente al reclamo de los trabajadores y las trabajadoras municipales del 15% de recomposici\u00f3n salarial para equiparar la inflaci\u00f3n al d\u00eda de hoy; ATE Moreno convoca a un paro de 24 hs y movilizaci\u00f3n para el pr\u00f3ximo jueves 9 de diciembre. En di\u00e1logo con el [&hellip;]<\/p>\n","protected":false},"author":1,"featured_media":4264,"comment_status":"open","ping_status":"open","sticky":false,"template":"","format":"standard","meta":{"footnotes":""},"categories":[9],"tags":[58,379],"class_list":["post-4386","post","type-post","status-publish","format-standard","has-post-thumbnail","hentry","category-sociedad","tag-ate-moreno","tag-paritarias"],"_links":{"self":[{"href":"https:\/\/fmtinkunaco.ar\/index.php?rest_route=\/wp\/v2\/posts\/4386","targetHints":{"allow":["GET"]}}],"collection":[{"href":"https:\/\/fmtinkunaco.ar\/index.php?rest_route=\/wp\/v2\/posts"}],"about":[{"href":"https:\/\/fmtinkunaco.ar\/index.php?rest_route=\/wp\/v2\/types\/post"}],"author":[{"embeddable":true,"href":"https:\/\/fmtinkunaco.ar\/index.php?rest_route=\/wp\/v2\/users\/1"}],"replies":[{"embeddable":true,"href":"https:\/\/fmtinkunaco.ar\/index.php?rest_route=%2Fwp%2Fv2%2Fcomments&post=4386"}],"version-history":[{"count":0,"href":"https:\/\/fmtinkunaco.ar\/index.php?rest_route=\/wp\/v2\/posts\/4386\/revisions"}],"wp:featuredmedia":[{"embeddable":true,"href":"https:\/\/fmtinkunaco.ar\/index.php?rest_route=\/"}],"wp:attachment":[{"href":"https:\/\/fmtinkunaco.ar\/index.php?rest_route=%2Fwp%2Fv2%2Fmedia&parent=4386"}],"wp:term":[{"taxonomy":"category","embeddable":true,"href":"https:\/\/fmtinkunaco.ar\/index.php?rest_route=%2Fwp%2Fv2%2Fcategories&post=4386"},{"taxonomy":"post_tag","embeddable":true,"href":"https:\/\/fmtinkunaco.ar\/index.php?rest_route=%2Fwp%2Fv2%2Ftags&post=4386"}],"curies":[{"name":"wp","href":"https:\/\/api.w.org\/{rel}","templated":true}]}}