{"id":4387,"date":"2021-12-09T13:27:10","date_gmt":"2021-12-09T16:27:10","guid":{"rendered":"http:\/\/fmtinkunaco.com.ar\/?p=4267"},"modified":"2021-12-09T13:27:10","modified_gmt":"2021-12-09T16:27:10","slug":"trabajadores-y-trabajadoras-del-patronato-de-liberados-rechazan-el-cambio-de-regimen-horario","status":"publish","type":"post","link":"https:\/\/fmtinkunaco.ar\/?p=4387","title":{"rendered":"Trabajadores y Trabajadoras del Patronato de Liberados rechazan el cambio de r\u00e9gimen horario"},"content":{"rendered":"<p>Las y los trabajadores del Patronato de Liberados Bonaerense y de la Subsecretar\u00eda de Derechos Humanos, de la Provincia de Buenos Aires, rechazan el acuerdo paritario de cambio de r\u00e9gimen horario a 40 hs.<\/p>\n<p>Denuncian que es extorsivo, inconsulto e implica una rebaja salarial.<\/p>\n<p>En este contexto, las y los trabajadores realizaron un paro de actividades y una movilizaci\u00f3n al Ministerio de Justicia el pasado martes 7 de diciembre.<\/p>\n<p>En di\u00e1logo con el programa radial \u201cEncuentro con las Noticias\u201d, Romina Rosas, Trabajadora del Patronato de Liberados, se refiri\u00f3 a esta cambio de r\u00e9gimen, <em>\u201cNosotres nos enteramos el d\u00eda jueves por la noche que el viernes iban a abrir la paritaria del sector, la Direcci\u00f3n Provincial de ATE fue a esa paritaria con la posici\u00f3n de aceptar el cambio de r\u00e9gimen horario sin consultarnos a nosotros que somos las que vamos a poner el cuerpo todos los d\u00edas en las oficinas, todos los d\u00edas con la demanda que requiere el laburo que hacemos por lo cual, inmediatamente, nos movilizamos como pudimos el d\u00eda viernes, tanto nosotras desde el Patronato de Liberados de diferentes delegaciones de la provincia de Buenos Aires como la Junta Interna de Derechos Humanos de la provincia de Buenos Aires frente al Ministerio de Trabajo rechazando las 40 horas\u201d.<\/em><\/p>\n<p>En esta l\u00ednea, Rosas, remarc\u00f3 <em>\u201cPor qu\u00e9 rechazamos las 40 horas, porque entendemos que por un lado es extorsivo porque nos sacan una bonificaci\u00f3n especial que ganamos hace muchos a\u00f1os por la tarea que realizamos. Ellos hablan de una bonificaci\u00f3n por riesgo, nosotros hablamos de una tarea especial. (\u2026) Esa bonificaci\u00f3n est\u00e1 atada al b\u00e1sico y en este r\u00e9gimen de 40 horas nos quieren poner una bonificaci\u00f3n fija del 125%, por supuesto con la inflaci\u00f3n que hay en dos meses esa bonificaci\u00f3n no tiene valor. Y a partir de las 30 horas, para arriba, en el Estado la hora de trabajo vale menos, as\u00ed que no es un aumento de salarios, es realmente una baja de salarios\u201d.<\/em><\/p>\n<p>El d\u00eda martes las trabajadoras y trabajadores fueron recibidos por los funcionarios Carlos Bonicatto, Subsecretario de Planificaci\u00f3n, Control de Gesti\u00f3n y Relaciones Institucionales del Ministerio de Justicia y Derechos Humanos, Diego Rao Subsecretario de Pol\u00edticas Penitenciarias de Inclusi\u00f3n del Ministerio de Justicia y Derechos Humanos y Marcelo Galland Director Provincial de Control de Gesti\u00f3n y seg\u00fan relat\u00f3 Romina Rosas, las autoridades reconocieron el mal manejo del sindicato, <em>\u201cNos escucharon y entendieron que el Sindicato estaba firmando algo totalmente a espalda de los laburantes, acordado con no s\u00e9 quien porque con nosotros no lo hablaron y nosotros somos quienes ponemos el cuerpo y a partir de ah\u00ed nos paramos a rechazar este cambio de r\u00e9gimen horario\u201d.<\/em><\/p>\n<p>Las trabajadoras y trabajadores se encuentran a la espera de respuestas concretas por parte del gremio y la gesti\u00f3n. Adem\u00e1s la semana que viene iniciaron una juntada de firmas, en rechazo a las 40hs, en toda la provincia de Buenos Aires para ser presentada en el Ministerio de Justicia.<\/p>\n<p>Compartimos la entrevista completa<\/p>\n<p><a href=\"https:\/\/archive.org\/details\/audio-romina-rosas-patronato-09-12-2021\">Descargar<\/a><\/p>\n<audio class=\"wp-audio-shortcode\" id=\"audio-4387-2\" preload=\"none\" style=\"width: 100%;\" controls=\"controls\"><source type=\"audio\/mpeg\" src=\"https:\/\/archive.org\/download\/audio-romina-rosas-patronato-09-12-2021\/AUDIO%20-%20ROMINA%20ROSAS%20%28PATRONATO%29%2009%2012%202021.mp3?_=2\" \/><a href=\"https:\/\/archive.org\/download\/audio-romina-rosas-patronato-09-12-2021\/AUDIO%20-%20ROMINA%20ROSAS%20%28PATRONATO%29%2009%2012%202021.mp3\">https:\/\/archive.org\/download\/audio-romina-rosas-patronato-09-12-2021\/AUDIO%20-%20ROMINA%20ROSAS%20%28PATRONATO%29%2009%2012%202021.mp3<\/a><\/audio>\n<p>&nbsp;<\/p>\n<div class=\"powerpress_player\" id=\"powerpress_player_1123\"><audio class=\"wp-audio-shortcode\" id=\"audio-4387-1\" preload=\"none\" style=\"width: 100%;\" controls=\"controls\"><source type=\"audio\/mpeg\" src=\"https:\/\/archive.org\/download\/audio-romina-rosas-patronato-09-12-2021\/AUDIO%20-%20ROMINA%20ROSAS%20%28PATRONATO%29%2009%2012%202021.mp3?_=1\" \/><a href=\"https:\/\/archive.org\/download\/audio-romina-rosas-patronato-09-12-2021\/AUDIO%20-%20ROMINA%20ROSAS%20%28PATRONATO%29%2009%2012%202021.mp3\">https:\/\/archive.org\/download\/audio-romina-rosas-patronato-09-12-2021\/AUDIO%20-%20ROMINA%20ROSAS%20%28PATRONATO%29%2009%2012%202021.mp3<\/a><\/audio><\/div><p class=\"powerpress_links powerpress_links_mp3\" style=\"margin-bottom: 1px !important;\">Podcast: <a href=\"https:\/\/archive.org\/download\/audio-romina-rosas-patronato-09-12-2021\/AUDIO%20-%20ROMINA%20ROSAS%20%28PATRONATO%29%2009%2012%202021.mp3\" class=\"powerpress_link_pinw\" target=\"_blank\" title=\"Reproducir en una nueva ventana\" onclick=\"return powerpress_pinw('https:\/\/fmtinkunaco.ar\/?powerpress_pinw=4387-podcast');\" rel=\"nofollow\">Reproducir en una nueva ventana<\/a> | <a href=\"https:\/\/archive.org\/download\/audio-romina-rosas-patronato-09-12-2021\/AUDIO%20-%20ROMINA%20ROSAS%20%28PATRONATO%29%2009%2012%202021.mp3\" class=\"powerpress_link_d\" title=\"Descargar\" rel=\"nofollow\" download=\"AUDIO%20-%20ROMINA%20ROSAS%20%28PATRONATO%29%2009%2012%202021.mp3\">Descargar<\/a><\/p>","protected":false},"excerpt":{"rendered":"<p>Las y los trabajadores del Patronato de Liberados Bonaerense y de la Subsecretar\u00eda de Derechos Humanos, de la Provincia de Buenos Aires, rechazan el acuerdo paritario de cambio de r\u00e9gimen horario a 40 hs. Denuncian que es extorsivo, inconsulto e implica una rebaja salarial. En este contexto, las y los trabajadores realizaron un paro de [&hellip;]<\/p>\n","protected":false},"author":1,"featured_media":4268,"comment_status":"open","ping_status":"open","sticky":false,"template":"","format":"standard","meta":{"footnotes":""},"categories":[9],"tags":[],"class_list":["post-4387","post","type-post","status-publish","format-standard","has-post-thumbnail","hentry","category-sociedad"],"_links":{"self":[{"href":"https:\/\/fmtinkunaco.ar\/index.php?rest_route=\/wp\/v2\/posts\/4387","targetHints":{"allow":["GET"]}}],"collection":[{"href":"https:\/\/fmtinkunaco.ar\/index.php?rest_route=\/wp\/v2\/posts"}],"about":[{"href":"https:\/\/fmtinkunaco.ar\/index.php?rest_route=\/wp\/v2\/types\/post"}],"author":[{"embeddable":true,"href":"https:\/\/fmtinkunaco.ar\/index.php?rest_route=\/wp\/v2\/users\/1"}],"replies":[{"embeddable":true,"href":"https:\/\/fmtinkunaco.ar\/index.php?rest_route=%2Fwp%2Fv2%2Fcomments&post=4387"}],"version-history":[{"count":0,"href":"https:\/\/fmtinkunaco.ar\/index.php?rest_route=\/wp\/v2\/posts\/4387\/revisions"}],"wp:featuredmedia":[{"embeddable":true,"href":"https:\/\/fmtinkunaco.ar\/index.php?rest_route=\/"}],"wp:attachment":[{"href":"https:\/\/fmtinkunaco.ar\/index.php?rest_route=%2Fwp%2Fv2%2Fmedia&parent=4387"}],"wp:term":[{"taxonomy":"category","embeddable":true,"href":"https:\/\/fmtinkunaco.ar\/index.php?rest_route=%2Fwp%2Fv2%2Fcategories&post=4387"},{"taxonomy":"post_tag","embeddable":true,"href":"https:\/\/fmtinkunaco.ar\/index.php?rest_route=%2Fwp%2Fv2%2Ftags&post=4387"}],"curies":[{"name":"wp","href":"https:\/\/api.w.org\/{rel}","templated":true}]}}