{"id":4388,"date":"2021-12-10T10:54:10","date_gmt":"2021-12-10T13:54:10","guid":{"rendered":"http:\/\/fmtinkunaco.com.ar\/?p=4270"},"modified":"2021-12-10T10:54:10","modified_gmt":"2021-12-10T13:54:10","slug":"la-coordinadora-por-el-cambio-social-se-movilizo-bajo-el-lema-tierra-para-vivir-y-producir","status":"publish","type":"post","link":"https:\/\/fmtinkunaco.ar\/?p=4388","title":{"rendered":"La Coordinadora por el Cambio Social se moviliz\u00f3 bajo el lema \u201cTierra para Vivir y Producir\u201d"},"content":{"rendered":"<p>La Coordinadora por el Cambio Social se moviliz\u00f3, en el d\u00eda de ayer, junto a la Asamblea por Tierra y Vivienda de Zona Sur, con las principales consignas <strong>\u201cTierra para vivir y producir, y por la autogesti\u00f3n de la vivienda. Basta de negocio inmobiliario\u201d<\/strong>.<\/p>\n<p>Los \u00faltimos c\u00e1lculos estiman que en el pa\u00eds hay 4 millones de personas que tienen dificultades para acceder a la vivienda, pero las cifras se han agravado desde la profundizaci\u00f3n de la crisis econ\u00f3mica y la ca\u00edda del trabajo y del salario de los \u00faltimos a\u00f1os.<\/p>\n<p>En di\u00e1logo con el programa radial \u201cEncuentro con las Noticias\u201d, Lucila Romero, integrante de la Coordinadora por el Cambio Social, se refiri\u00f3 a la movilizaci\u00f3n y a las diferentes acciones que se realizaron, <em>\u201cFuimos a presentar un petitorio, uno de los tantos que se presentan constantemente, con los reclamos de que se nos atienda, porque ni siquiera est\u00e1 el punto de partida de una reuni\u00f3n en la que se puedan hacer negociaciones. (\u2026) Y el reclamo principal de este momento es el apoyo a las tomas de tierras que se hicieron y a los desalojos que hubo esta semana. As\u00ed que un punto principal era solidarizarnos con estos compa\u00f1eros\u201d.<\/em><\/p>\n<p>Romero, adem\u00e1s, remarc\u00f3 <em>\u201cExigimos concretamente una mesa de trabajo conjunta con el gobierno de la provincia para poder charlar todas estas cuestiones y planificar porque nuestra intenci\u00f3n no es ir en contra de toda la composici\u00f3n que tiene el Estado porque sabemos que no se puede empezar de cero ahora, pero esta la intenci\u00f3n de trabajar en conjunto, de que nos garanticen los medios para que podamos\u201d.<\/em><\/p>\n<p>Las organizaciones contin\u00faan esperando respuestas, ayer \u00fanicamente les recibieron el petitorio.<\/p>\n<p>Compartimos la entrevista completa<\/p>\n<p><a href=\"https:\/\/archive.org\/details\/audio-lucila-romero-coordinadora-por-el-cambio-social-10-12-2021\">Descargar<\/a><\/p>\n<audio class=\"wp-audio-shortcode\" id=\"audio-4388-2\" preload=\"none\" style=\"width: 100%;\" controls=\"controls\"><source type=\"audio\/mpeg\" src=\"https:\/\/archive.org\/download\/audio-lucila-romero-coordinadora-por-el-cambio-social-10-12-2021\/AUDIO%20-%20LUCILA%20ROMERO%20%28COORDINADORA%20POR%20EL%20CAMBIO%20SOCIAL%29%2010%2012%202021.mp3?_=2\" \/><a href=\"https:\/\/archive.org\/download\/audio-lucila-romero-coordinadora-por-el-cambio-social-10-12-2021\/AUDIO%20-%20LUCILA%20ROMERO%20%28COORDINADORA%20POR%20EL%20CAMBIO%20SOCIAL%29%2010%2012%202021.mp3\">https:\/\/archive.org\/download\/audio-lucila-romero-coordinadora-por-el-cambio-social-10-12-2021\/AUDIO%20-%20LUCILA%20ROMERO%20%28COORDINADORA%20POR%20EL%20CAMBIO%20SOCIAL%29%2010%2012%202021.mp3<\/a><\/audio>\n<div class=\"powerpress_player\" id=\"powerpress_player_5778\"><audio class=\"wp-audio-shortcode\" id=\"audio-4388-1\" preload=\"none\" style=\"width: 100%;\" controls=\"controls\"><source type=\"audio\/mpeg\" src=\"https:\/\/archive.org\/download\/audio-lucila-romero-coordinadora-por-el-cambio-social-10-12-2021\/AUDIO%20-%20LUCILA%20ROMERO%20%28COORDINADORA%20POR%20EL%20CAMBIO%20SOCIAL%29%2010%2012%202021.mp3?_=1\" \/><a href=\"https:\/\/archive.org\/download\/audio-lucila-romero-coordinadora-por-el-cambio-social-10-12-2021\/AUDIO%20-%20LUCILA%20ROMERO%20%28COORDINADORA%20POR%20EL%20CAMBIO%20SOCIAL%29%2010%2012%202021.mp3\">https:\/\/archive.org\/download\/audio-lucila-romero-coordinadora-por-el-cambio-social-10-12-2021\/AUDIO%20-%20LUCILA%20ROMERO%20%28COORDINADORA%20POR%20EL%20CAMBIO%20SOCIAL%29%2010%2012%202021.mp3<\/a><\/audio><\/div><p class=\"powerpress_links powerpress_links_mp3\" style=\"margin-bottom: 1px !important;\">Podcast: <a href=\"https:\/\/archive.org\/download\/audio-lucila-romero-coordinadora-por-el-cambio-social-10-12-2021\/AUDIO%20-%20LUCILA%20ROMERO%20%28COORDINADORA%20POR%20EL%20CAMBIO%20SOCIAL%29%2010%2012%202021.mp3\" class=\"powerpress_link_pinw\" target=\"_blank\" title=\"Reproducir en una nueva ventana\" onclick=\"return powerpress_pinw('https:\/\/fmtinkunaco.ar\/?powerpress_pinw=4388-podcast');\" rel=\"nofollow\">Reproducir en una nueva ventana<\/a> | <a href=\"https:\/\/archive.org\/download\/audio-lucila-romero-coordinadora-por-el-cambio-social-10-12-2021\/AUDIO%20-%20LUCILA%20ROMERO%20%28COORDINADORA%20POR%20EL%20CAMBIO%20SOCIAL%29%2010%2012%202021.mp3\" class=\"powerpress_link_d\" title=\"Descargar\" rel=\"nofollow\" download=\"AUDIO%20-%20LUCILA%20ROMERO%20%28COORDINADORA%20POR%20EL%20CAMBIO%20SOCIAL%29%2010%2012%202021.mp3\">Descargar<\/a><\/p>","protected":false},"excerpt":{"rendered":"<p>La Coordinadora por el Cambio Social se moviliz\u00f3, en el d\u00eda de ayer, junto a la Asamblea por Tierra y Vivienda de Zona Sur, con las principales consignas \u201cTierra para vivir y producir, y por la autogesti\u00f3n de la vivienda. Basta de negocio inmobiliario\u201d. Los \u00faltimos c\u00e1lculos estiman que en el pa\u00eds hay 4 millones [&hellip;]<\/p>\n","protected":false},"author":1,"featured_media":4271,"comment_status":"open","ping_status":"open","sticky":false,"template":"","format":"standard","meta":{"footnotes":""},"categories":[4],"tags":[],"class_list":["post-4388","post","type-post","status-publish","format-standard","has-post-thumbnail","hentry","category-derechos-humanos"],"_links":{"self":[{"href":"https:\/\/fmtinkunaco.ar\/index.php?rest_route=\/wp\/v2\/posts\/4388","targetHints":{"allow":["GET"]}}],"collection":[{"href":"https:\/\/fmtinkunaco.ar\/index.php?rest_route=\/wp\/v2\/posts"}],"about":[{"href":"https:\/\/fmtinkunaco.ar\/index.php?rest_route=\/wp\/v2\/types\/post"}],"author":[{"embeddable":true,"href":"https:\/\/fmtinkunaco.ar\/index.php?rest_route=\/wp\/v2\/users\/1"}],"replies":[{"embeddable":true,"href":"https:\/\/fmtinkunaco.ar\/index.php?rest_route=%2Fwp%2Fv2%2Fcomments&post=4388"}],"version-history":[{"count":0,"href":"https:\/\/fmtinkunaco.ar\/index.php?rest_route=\/wp\/v2\/posts\/4388\/revisions"}],"wp:featuredmedia":[{"embeddable":true,"href":"https:\/\/fmtinkunaco.ar\/index.php?rest_route=\/"}],"wp:attachment":[{"href":"https:\/\/fmtinkunaco.ar\/index.php?rest_route=%2Fwp%2Fv2%2Fmedia&parent=4388"}],"wp:term":[{"taxonomy":"category","embeddable":true,"href":"https:\/\/fmtinkunaco.ar\/index.php?rest_route=%2Fwp%2Fv2%2Fcategories&post=4388"},{"taxonomy":"post_tag","embeddable":true,"href":"https:\/\/fmtinkunaco.ar\/index.php?rest_route=%2Fwp%2Fv2%2Ftags&post=4388"}],"curies":[{"name":"wp","href":"https:\/\/api.w.org\/{rel}","templated":true}]}}