{"id":4389,"date":"2021-12-13T13:25:34","date_gmt":"2021-12-13T16:25:34","guid":{"rendered":"http:\/\/fmtinkunaco.com.ar\/?p=4273"},"modified":"2021-12-13T13:25:34","modified_gmt":"2021-12-13T16:25:34","slug":"la-mesa-local-de-ninez-y-adolescencia-de-jose-c-paz-tuvo-su-ultima-reunion-del-ano","status":"publish","type":"post","link":"https:\/\/fmtinkunaco.ar\/?p=4389","title":{"rendered":"La Mesa Local de Ni\u00f1ez y Adolescencia de Jos\u00e9 C. Paz tuvo su \u00faltima reuni\u00f3n del a\u00f1o"},"content":{"rendered":"<p>La Mesa Local de Ni\u00f1ez y Adolescencia de Jos\u00e9 C. Paz es un espacio impulsado por organizaciones sociales y comunitarias, Instituciones formales, sindicatos y al que est\u00e1n invitados los organismos estatales locales responsables de garantizar derechos a las infancias.<\/p>\n<p>Finalizando un a\u00f1o de much\u00edsimo trabajo el s\u00e1bado 4 de diciembre se realiz\u00f3 la \u00faltima reuni\u00f3n de este 2021. Durante la reuni\u00f3n se plantearon varias de las dificultades con las que se encuentran a la hora de buscar el efectivo cumplimiento de los derechos de ni\u00f1os, ni\u00f1as y adolescentes.<\/p>\n<p>En di\u00e1logo con el programa radial \u201cEncuentro con las Noticias\u201d, Mat\u00edas Santill\u00e1n, integrante de la Mesa Local de Ni\u00f1ez y Adolescencia, se refiri\u00f3 a las expectativas m\u00e1s urgentes de la Mesa, <em>\u201cLo principal y lo m\u00e1s urgente, en este momento, antes que termine el a\u00f1o es el tema de ver la Ordenanza municipal, de hecho estamos esperando una respuesta para una reuni\u00f3n el d\u00eda mi\u00e9rcoles con el Presidente del Concejo que es Caggiano porque hay una Ordenanza que fue aprobada en 2010 pero es una Ordenanza que no contempla algunas cuestiones. Entonces nosotros estamos haciendo una revisi\u00f3n en cuanto a la misma y queremos ver que va a pasar con eso, as\u00ed si se puede ya el a\u00f1o entrante podemos arrancar con una Ordenanza ya en curso y efectivo. Entonces ya efectivamente dejamos de ser mesa y nos conformamos como Consejo Local<\/em>\u201d.<\/p>\n<p>Santill\u00e1n, adem\u00e1s, puntualiz\u00f3 en las principales problem\u00e1ticas que reconocieron en la \u00faltima reuni\u00f3n, <em>\u201cEn un contexto bastante complejo, como se ha dicho en uno de los balances es que complejizo todas las problem\u00e1ticas que tienen que ver con la infancia, desde la explotaci\u00f3n infantil porque obviamente muchas de las familias han visto ca\u00eddo sus ingresos, la perdida de trabajo de los responsables de la familia y eso ha deca\u00eddo mucho en que ni\u00f1as y ni\u00f1os tengan que salir a pedir o a realizar tareas laborales, esa es una de las cosas que se ha identificado.<\/em><br \/>\n<em> El tema de la continuidad pedag\u00f3gica y la dificultad que implicaba el tema de un dispositivo para varios integrantes de las familias. Ahora los ATR tratando de equilibrar esa situaci\u00f3n como para que les ni\u00f1es no est\u00e9n tan complicados como para lo que implica, muchos casos, el fin del ciclo, pasar del primario al secundario con una estructura tan complejo. Eso maso menos se ha identificado, y algo que tiene estrictamente que ver contra lo que peleamos que es la problem\u00e1tica de las intervenciones de la dinaf con las situaciones complejas, donde est\u00e1n la vulneraci\u00f3n de los derechos de ni\u00f1os y ni\u00f1as; que la verdad que la dinaf no brinda las respuestas y muchas veces terminan siendo las mismas instituciones comunitarias y barriales las que tratan e intentan tejiendo redes, inclusive saltando al espacio ejecutivo municipal, brindar los recursos para que las familias puedan afrontar esa situaci\u00f3n problem\u00e1tica\u201d.<\/em><\/p>\n<p>Actualmente la Mesa de Ni\u00f1ez y Adolescencia se encuentra juntando firmas de los espacios de ni\u00f1eces y adolescencias que acompa\u00f1e la modificaci\u00f3n de las Ordenanza que les permitir\u00eda pasar de ser Mesa a Consejo Local.<\/p>\n<p>La planilla para adherir se encuentra en la Red El Encuentro \u2013 ubicada en Zuvir\u00eda 4683 \u2013 Jos\u00e9. C. Paz y est\u00e1 disponible lunes, martes y mi\u00e9rcoles hasta las 11hs y los jueves y viernes hasta las 17 hs.<\/p>\n<p>Compartimos la entrevista completa<\/p>\n<p><a href=\"https:\/\/archive.org\/details\/audio-matias-santillan-mesa-de-nin-ez-13-12-2021\">Descargar<\/a><\/p>\n<audio class=\"wp-audio-shortcode\" id=\"audio-4389-2\" preload=\"none\" style=\"width: 100%;\" controls=\"controls\"><source type=\"audio\/mpeg\" src=\"https:\/\/archive.org\/download\/audio-matias-santillan-mesa-de-nin-ez-13-12-2021\/AUDIO%20-%20MATIAS%20SANTILLAN%20%28MESA%20DE%20NI%C3%91EZ%29%2013%2012%202021.mp3?_=2\" \/><a href=\"https:\/\/archive.org\/download\/audio-matias-santillan-mesa-de-nin-ez-13-12-2021\/AUDIO%20-%20MATIAS%20SANTILLAN%20%28MESA%20DE%20NI%C3%91EZ%29%2013%2012%202021.mp3\">https:\/\/archive.org\/download\/audio-matias-santillan-mesa-de-nin-ez-13-12-2021\/AUDIO%20-%20MATIAS%20SANTILLAN%20%28MESA%20DE%20NI%C3%91EZ%29%2013%2012%202021.mp3<\/a><\/audio>\n<div class=\"powerpress_player\" id=\"powerpress_player_4600\"><audio class=\"wp-audio-shortcode\" id=\"audio-4389-1\" preload=\"none\" style=\"width: 100%;\" controls=\"controls\"><source type=\"audio\/mpeg\" src=\"https:\/\/archive.org\/download\/audio-matias-santillan-mesa-de-nin-ez-13-12-2021\/AUDIO%20-%20MATIAS%20SANTILLAN%20%28MESA%20DE%20NI%C3%91EZ%29%2013%2012%202021.mp3?_=1\" \/><a href=\"https:\/\/archive.org\/download\/audio-matias-santillan-mesa-de-nin-ez-13-12-2021\/AUDIO%20-%20MATIAS%20SANTILLAN%20%28MESA%20DE%20NI%C3%91EZ%29%2013%2012%202021.mp3\">https:\/\/archive.org\/download\/audio-matias-santillan-mesa-de-nin-ez-13-12-2021\/AUDIO%20-%20MATIAS%20SANTILLAN%20%28MESA%20DE%20NI%C3%91EZ%29%2013%2012%202021.mp3<\/a><\/audio><\/div><p class=\"powerpress_links powerpress_links_mp3\" style=\"margin-bottom: 1px !important;\">Podcast: <a href=\"https:\/\/archive.org\/download\/audio-matias-santillan-mesa-de-nin-ez-13-12-2021\/AUDIO%20-%20MATIAS%20SANTILLAN%20%28MESA%20DE%20NI%C3%91EZ%29%2013%2012%202021.mp3\" class=\"powerpress_link_pinw\" target=\"_blank\" title=\"Reproducir en una nueva ventana\" onclick=\"return powerpress_pinw('https:\/\/fmtinkunaco.ar\/?powerpress_pinw=4389-podcast');\" rel=\"nofollow\">Reproducir en una nueva ventana<\/a> | <a href=\"https:\/\/archive.org\/download\/audio-matias-santillan-mesa-de-nin-ez-13-12-2021\/AUDIO%20-%20MATIAS%20SANTILLAN%20%28MESA%20DE%20NI%C3%91EZ%29%2013%2012%202021.mp3\" class=\"powerpress_link_d\" title=\"Descargar\" rel=\"nofollow\" download=\"AUDIO%20-%20MATIAS%20SANTILLAN%20%28MESA%20DE%20NI%C3%91EZ%29%2013%2012%202021.mp3\">Descargar<\/a><\/p>","protected":false},"excerpt":{"rendered":"<p>La Mesa Local de Ni\u00f1ez y Adolescencia de Jos\u00e9 C. Paz es un espacio impulsado por organizaciones sociales y comunitarias, Instituciones formales, sindicatos y al que est\u00e1n invitados los organismos estatales locales responsables de garantizar derechos a las infancias. Finalizando un a\u00f1o de much\u00edsimo trabajo el s\u00e1bado 4 de diciembre se realiz\u00f3 la \u00faltima reuni\u00f3n [&hellip;]<\/p>\n","protected":false},"author":1,"featured_media":4274,"comment_status":"open","ping_status":"open","sticky":false,"template":"","format":"standard","meta":{"footnotes":""},"categories":[4],"tags":[317,337],"class_list":["post-4389","post","type-post","status-publish","format-standard","has-post-thumbnail","hentry","category-derechos-humanos","tag-mesa-de-ninez","tag-municipio-de-jose-c-paz"],"_links":{"self":[{"href":"https:\/\/fmtinkunaco.ar\/index.php?rest_route=\/wp\/v2\/posts\/4389","targetHints":{"allow":["GET"]}}],"collection":[{"href":"https:\/\/fmtinkunaco.ar\/index.php?rest_route=\/wp\/v2\/posts"}],"about":[{"href":"https:\/\/fmtinkunaco.ar\/index.php?rest_route=\/wp\/v2\/types\/post"}],"author":[{"embeddable":true,"href":"https:\/\/fmtinkunaco.ar\/index.php?rest_route=\/wp\/v2\/users\/1"}],"replies":[{"embeddable":true,"href":"https:\/\/fmtinkunaco.ar\/index.php?rest_route=%2Fwp%2Fv2%2Fcomments&post=4389"}],"version-history":[{"count":0,"href":"https:\/\/fmtinkunaco.ar\/index.php?rest_route=\/wp\/v2\/posts\/4389\/revisions"}],"wp:featuredmedia":[{"embeddable":true,"href":"https:\/\/fmtinkunaco.ar\/index.php?rest_route=\/"}],"wp:attachment":[{"href":"https:\/\/fmtinkunaco.ar\/index.php?rest_route=%2Fwp%2Fv2%2Fmedia&parent=4389"}],"wp:term":[{"taxonomy":"category","embeddable":true,"href":"https:\/\/fmtinkunaco.ar\/index.php?rest_route=%2Fwp%2Fv2%2Fcategories&post=4389"},{"taxonomy":"post_tag","embeddable":true,"href":"https:\/\/fmtinkunaco.ar\/index.php?rest_route=%2Fwp%2Fv2%2Ftags&post=4389"}],"curies":[{"name":"wp","href":"https:\/\/api.w.org\/{rel}","templated":true}]}}