{"id":4391,"date":"2021-12-16T10:52:55","date_gmt":"2021-12-16T13:52:55","guid":{"rendered":"http:\/\/fmtinkunaco.com.ar\/?p=4281"},"modified":"2021-12-16T10:52:55","modified_gmt":"2021-12-16T13:52:55","slug":"la-asociacion-de-sobrevivientes-familiares-companerxs-de-campo-de-mayo-convocan-a-una-nueva-entrada-a-el-campito","status":"publish","type":"post","link":"https:\/\/fmtinkunaco.ar\/?p=4391","title":{"rendered":"La Asociaci\u00f3n de Sobrevivientes, Familiares, Compa\u00f1erxs de Campo de Mayo convocan a una nueva entrada a \u201cEl Campito\u201d"},"content":{"rendered":"<p>La Asociaci\u00f3n de Sobrevivientes, Familiares, Compa\u00f1eros y Compa\u00f1eras de Campo de Mayo convocan a la \u00faltima entrada del a\u00f1o al \u201cEl Campito\u201d de Campo de Mayo.<br \/>\nSe concentrar\u00e1n ma\u00f1ana, viernes 17 de diciembre, en Avenida Ideoate y Pol\u00edgono de Tiro a las 11 hs.<\/p>\n<p>Esta entrada, adem\u00e1s, se da en el marco de la decisi\u00f3n del Presidente Alberto Fern\u00e1ndez de derogar el decreto firmado por el ex presidente Macri que pretend\u00eda realizar en Campo de Mayo una reserva natural y destinar parte del terreno, que actualmente est\u00e1 en manos del Ministerio de Defensa, a la Secretar\u00eda de Derechos Humanos para permitir el Sitio de Memoria reclamado por los Organismos de Derechos Humanos.<\/p>\n<p>En di\u00e1logo con el programa radial \u201cEncuentro con las Noticias\u201d, Iris Avellaneda, sobreviviente de Campo de Mayo y Presidenta de la Asociaci\u00f3n de Sobrevivientes, Familiares, Compa\u00f1eros y Compa\u00f1eras de Campo de Mayo, se refiri\u00f3 a este anunci\u00f3 <em>\u201ccontenta porque ese decreto, despu\u00e9s de tantos a\u00f1os, sali\u00f3, esta bueno pero no tenemos nada para festejar en este momento. Lo que s\u00ed, estamos contentos porque se firmo ese decreto que estaba medio stand by pero nosotros vamos a seguir pidiendo y exigiendo la apertura de los archivos porque as\u00ed es la forma de que se pueda trabajar y se pueda saber qu\u00e9 pas\u00f3 con tanta gente. (\u2026) Hasta ahora a nosotros nos han llamado cuando ya est\u00e1 todo cocinado, o sea que la resoluci\u00f3n, el decreto lo han hecho con las universidades y estudiantes de las universidades pero a nosotros los sobrevivientes no nos han llamado ni para decir bueno, paso esto, esto y esto, ustedes que opinan. No, a nosotros nos llaman cuando ya<\/em> est\u00e1 todo cocinando\u201d.<\/p>\n<p>Avellaneda, adem\u00e1s, sostuvo <em>\u201cY el pedido nuestro, es lo siguiente, queremos el Sitio de Memoria en el Campito pero que se saquen a los milicos, nosotros no queremos a los milicos ah\u00ed. Va a ser ardua la pelea pero yo creo que vamos a salir adelante\u201d.<\/em><\/p>\n<p>La convocatoria, para entrar a \u201cEl Campito\u201d, es para ma\u00f1ana viernes 17 de diciembre, en Avenida Ideoate y Pol\u00edgono de Tiro, a partir de las 11 hs. El objetivo es seguir reclamando el Sitio de Memoria y recordar a las y los compa\u00f1eros.<\/p>\n<p>Compartimos la entrevista<\/p>\n<p><a href=\"https:\/\/archive.org\/details\/audio-iris-avellaneda-16-12-2021\">Descargar<\/a><\/p>\n<audio class=\"wp-audio-shortcode\" id=\"audio-4391-2\" preload=\"none\" style=\"width: 100%;\" controls=\"controls\"><source type=\"audio\/mpeg\" src=\"https:\/\/archive.org\/download\/audio-iris-avellaneda-16-12-2021\/AUDIO%20-%20IRIS%20AVELLANEDA%2016%2012%202021.mp3?_=2\" \/><a href=\"https:\/\/archive.org\/download\/audio-iris-avellaneda-16-12-2021\/AUDIO%20-%20IRIS%20AVELLANEDA%2016%2012%202021.mp3\">https:\/\/archive.org\/download\/audio-iris-avellaneda-16-12-2021\/AUDIO%20-%20IRIS%20AVELLANEDA%2016%2012%202021.mp3<\/a><\/audio>\n<div class=\"powerpress_player\" id=\"powerpress_player_3903\"><audio class=\"wp-audio-shortcode\" id=\"audio-4391-1\" preload=\"none\" style=\"width: 100%;\" controls=\"controls\"><source type=\"audio\/mpeg\" src=\"https:\/\/archive.org\/download\/audio-iris-avellaneda-16-12-2021\/AUDIO%20-%20IRIS%20AVELLANEDA%2016%2012%202021.mp3?_=1\" \/><a href=\"https:\/\/archive.org\/download\/audio-iris-avellaneda-16-12-2021\/AUDIO%20-%20IRIS%20AVELLANEDA%2016%2012%202021.mp3\">https:\/\/archive.org\/download\/audio-iris-avellaneda-16-12-2021\/AUDIO%20-%20IRIS%20AVELLANEDA%2016%2012%202021.mp3<\/a><\/audio><\/div><p class=\"powerpress_links powerpress_links_mp3\" style=\"margin-bottom: 1px !important;\">Podcast: <a href=\"https:\/\/archive.org\/download\/audio-iris-avellaneda-16-12-2021\/AUDIO%20-%20IRIS%20AVELLANEDA%2016%2012%202021.mp3\" class=\"powerpress_link_pinw\" target=\"_blank\" title=\"Reproducir en una nueva ventana\" onclick=\"return powerpress_pinw('https:\/\/fmtinkunaco.ar\/?powerpress_pinw=4391-podcast');\" rel=\"nofollow\">Reproducir en una nueva ventana<\/a> | <a href=\"https:\/\/archive.org\/download\/audio-iris-avellaneda-16-12-2021\/AUDIO%20-%20IRIS%20AVELLANEDA%2016%2012%202021.mp3\" class=\"powerpress_link_d\" title=\"Descargar\" rel=\"nofollow\" download=\"AUDIO%20-%20IRIS%20AVELLANEDA%2016%2012%202021.mp3\">Descargar<\/a><\/p>","protected":false},"excerpt":{"rendered":"<p>La Asociaci\u00f3n de Sobrevivientes, Familiares, Compa\u00f1eros y Compa\u00f1eras de Campo de Mayo convocan a la \u00faltima entrada del a\u00f1o al \u201cEl Campito\u201d de Campo de Mayo. Se concentrar\u00e1n ma\u00f1ana, viernes 17 de diciembre, en Avenida Ideoate y Pol\u00edgono de Tiro a las 11 hs. Esta entrada, adem\u00e1s, se da en el marco de la decisi\u00f3n [&hellip;]<\/p>\n","protected":false},"author":1,"featured_media":4282,"comment_status":"open","ping_status":"open","sticky":false,"template":"","format":"standard","meta":{"footnotes":""},"categories":[4],"tags":[],"class_list":["post-4391","post","type-post","status-publish","format-standard","has-post-thumbnail","hentry","category-derechos-humanos"],"_links":{"self":[{"href":"https:\/\/fmtinkunaco.ar\/index.php?rest_route=\/wp\/v2\/posts\/4391","targetHints":{"allow":["GET"]}}],"collection":[{"href":"https:\/\/fmtinkunaco.ar\/index.php?rest_route=\/wp\/v2\/posts"}],"about":[{"href":"https:\/\/fmtinkunaco.ar\/index.php?rest_route=\/wp\/v2\/types\/post"}],"author":[{"embeddable":true,"href":"https:\/\/fmtinkunaco.ar\/index.php?rest_route=\/wp\/v2\/users\/1"}],"replies":[{"embeddable":true,"href":"https:\/\/fmtinkunaco.ar\/index.php?rest_route=%2Fwp%2Fv2%2Fcomments&post=4391"}],"version-history":[{"count":0,"href":"https:\/\/fmtinkunaco.ar\/index.php?rest_route=\/wp\/v2\/posts\/4391\/revisions"}],"wp:featuredmedia":[{"embeddable":true,"href":"https:\/\/fmtinkunaco.ar\/index.php?rest_route=\/"}],"wp:attachment":[{"href":"https:\/\/fmtinkunaco.ar\/index.php?rest_route=%2Fwp%2Fv2%2Fmedia&parent=4391"}],"wp:term":[{"taxonomy":"category","embeddable":true,"href":"https:\/\/fmtinkunaco.ar\/index.php?rest_route=%2Fwp%2Fv2%2Fcategories&post=4391"},{"taxonomy":"post_tag","embeddable":true,"href":"https:\/\/fmtinkunaco.ar\/index.php?rest_route=%2Fwp%2Fv2%2Ftags&post=4391"}],"curies":[{"name":"wp","href":"https:\/\/api.w.org\/{rel}","templated":true}]}}