{"id":4392,"date":"2021-12-16T13:48:34","date_gmt":"2021-12-16T16:48:34","guid":{"rendered":"http:\/\/fmtinkunaco.com.ar\/?p=4286"},"modified":"2021-12-16T13:48:34","modified_gmt":"2021-12-16T16:48:34","slug":"ate-moreno-retoma-el-dialogo-con-el-municipio-de-mariel-fernandez","status":"publish","type":"post","link":"https:\/\/fmtinkunaco.ar\/?p=4392","title":{"rendered":"ATE Moreno retoma el di\u00e1logo con el municipio de Mariel Fern\u00e1ndez"},"content":{"rendered":"<p>Luego de diferentes acciones de lucha en el marco de la exigencia de la recomposici\u00f3n salarial de los trabajadores y las trabajadoras municipales, en los \u00faltimos d\u00edas el municipio morenense retom\u00f3 el di\u00e1logo el sindicato.<\/p>\n<p>En di\u00e1logo con el programa radial \u201cEncuentro con las Noticias\u201d, Ra\u00fal Soria, Delegado General de la Junta Interna de Municipales, se refiri\u00f3 a este inicio comunicaci\u00f3n, <em>\u201cHubo en el medio del paro y movilizaci\u00f3n, que hicimos la semana pasada, un llamado al di\u00e1logo por parte del Ejecutivo. Este llamado plante\u00f3 que podr\u00eda haber una atenci\u00f3n por parte del Secretario de Gobierno para esta semana; esa reuni\u00f3n se concret\u00f3 en el d\u00eda de ayer donde la intenci\u00f3n nuestra, siempre lo plantemos, nuestro objetivo no es el quilombo por el quilombo en s\u00ed, si no siempre hay un objetivo que beneficie a los trabajadores\u201d<\/em>.<\/p>\n<p>Adem\u00e1s, Soria, remarc\u00f3 que llevaron una propuesta a esta reuni\u00f3n, <em>\u201cEstamos a espera de la respuesta, llevamos una propuesta que entendemos podr\u00eda lograr destrabar esta situaci\u00f3n, beneficiar o llevarle algo m\u00e1s a los trabajadores municipales\u201d.<\/em><\/p>\n<p>Los trabajadores y las trabajadoras municipales se encuentran a la espera de la respuesta del Ejecutivo Municipal.<\/p>\n<p>Compartimos la entrevista completa<\/p>\n<p><a href=\"https:\/\/archive.org\/details\/audio-raul-soria-ate-moreno-16-12-2021\">Descargar<\/a><\/p>\n<audio class=\"wp-audio-shortcode\" id=\"audio-4392-2\" preload=\"none\" style=\"width: 100%;\" controls=\"controls\"><source type=\"audio\/mpeg\" src=\"https:\/\/archive.org\/download\/audio-raul-soria-ate-moreno-16-12-2021\/AUDIO%20-%20RAUL%20SORIA%20%28ATE%20MORENO%29%2016%2012%202021.mp3?_=2\" \/><a href=\"https:\/\/archive.org\/download\/audio-raul-soria-ate-moreno-16-12-2021\/AUDIO%20-%20RAUL%20SORIA%20%28ATE%20MORENO%29%2016%2012%202021.mp3\">https:\/\/archive.org\/download\/audio-raul-soria-ate-moreno-16-12-2021\/AUDIO%20-%20RAUL%20SORIA%20%28ATE%20MORENO%29%2016%2012%202021.mp3<\/a><\/audio>\n<div class=\"powerpress_player\" id=\"powerpress_player_2126\"><audio class=\"wp-audio-shortcode\" id=\"audio-4392-1\" preload=\"none\" style=\"width: 100%;\" controls=\"controls\"><source type=\"audio\/mpeg\" src=\"https:\/\/archive.org\/download\/audio-raul-soria-ate-moreno-16-12-2021\/AUDIO%20-%20RAUL%20SORIA%20%28ATE%20MORENO%29%2016%2012%202021.mp3?_=1\" \/><a href=\"https:\/\/archive.org\/download\/audio-raul-soria-ate-moreno-16-12-2021\/AUDIO%20-%20RAUL%20SORIA%20%28ATE%20MORENO%29%2016%2012%202021.mp3\">https:\/\/archive.org\/download\/audio-raul-soria-ate-moreno-16-12-2021\/AUDIO%20-%20RAUL%20SORIA%20%28ATE%20MORENO%29%2016%2012%202021.mp3<\/a><\/audio><\/div><p class=\"powerpress_links powerpress_links_mp3\" style=\"margin-bottom: 1px !important;\">Podcast: <a href=\"https:\/\/archive.org\/download\/audio-raul-soria-ate-moreno-16-12-2021\/AUDIO%20-%20RAUL%20SORIA%20%28ATE%20MORENO%29%2016%2012%202021.mp3\" class=\"powerpress_link_pinw\" target=\"_blank\" title=\"Reproducir en una nueva ventana\" onclick=\"return powerpress_pinw('https:\/\/fmtinkunaco.ar\/?powerpress_pinw=4392-podcast');\" rel=\"nofollow\">Reproducir en una nueva ventana<\/a> | <a href=\"https:\/\/archive.org\/download\/audio-raul-soria-ate-moreno-16-12-2021\/AUDIO%20-%20RAUL%20SORIA%20%28ATE%20MORENO%29%2016%2012%202021.mp3\" class=\"powerpress_link_d\" title=\"Descargar\" rel=\"nofollow\" download=\"AUDIO%20-%20RAUL%20SORIA%20%28ATE%20MORENO%29%2016%2012%202021.mp3\">Descargar<\/a><\/p>","protected":false},"excerpt":{"rendered":"<p>Luego de diferentes acciones de lucha en el marco de la exigencia de la recomposici\u00f3n salarial de los trabajadores y las trabajadoras municipales, en los \u00faltimos d\u00edas el municipio morenense retom\u00f3 el di\u00e1logo el sindicato. En di\u00e1logo con el programa radial \u201cEncuentro con las Noticias\u201d, Ra\u00fal Soria, Delegado General de la Junta Interna de Municipales, [&hellip;]<\/p>\n","protected":false},"author":1,"featured_media":4287,"comment_status":"open","ping_status":"open","sticky":false,"template":"","format":"standard","meta":{"footnotes":""},"categories":[9],"tags":[58],"class_list":["post-4392","post","type-post","status-publish","format-standard","has-post-thumbnail","hentry","category-sociedad","tag-ate-moreno"],"_links":{"self":[{"href":"https:\/\/fmtinkunaco.ar\/index.php?rest_route=\/wp\/v2\/posts\/4392","targetHints":{"allow":["GET"]}}],"collection":[{"href":"https:\/\/fmtinkunaco.ar\/index.php?rest_route=\/wp\/v2\/posts"}],"about":[{"href":"https:\/\/fmtinkunaco.ar\/index.php?rest_route=\/wp\/v2\/types\/post"}],"author":[{"embeddable":true,"href":"https:\/\/fmtinkunaco.ar\/index.php?rest_route=\/wp\/v2\/users\/1"}],"replies":[{"embeddable":true,"href":"https:\/\/fmtinkunaco.ar\/index.php?rest_route=%2Fwp%2Fv2%2Fcomments&post=4392"}],"version-history":[{"count":0,"href":"https:\/\/fmtinkunaco.ar\/index.php?rest_route=\/wp\/v2\/posts\/4392\/revisions"}],"wp:featuredmedia":[{"embeddable":true,"href":"https:\/\/fmtinkunaco.ar\/index.php?rest_route=\/"}],"wp:attachment":[{"href":"https:\/\/fmtinkunaco.ar\/index.php?rest_route=%2Fwp%2Fv2%2Fmedia&parent=4392"}],"wp:term":[{"taxonomy":"category","embeddable":true,"href":"https:\/\/fmtinkunaco.ar\/index.php?rest_route=%2Fwp%2Fv2%2Fcategories&post=4392"},{"taxonomy":"post_tag","embeddable":true,"href":"https:\/\/fmtinkunaco.ar\/index.php?rest_route=%2Fwp%2Fv2%2Ftags&post=4392"}],"curies":[{"name":"wp","href":"https:\/\/api.w.org\/{rel}","templated":true}]}}