{"id":4394,"date":"2021-12-21T10:56:29","date_gmt":"2021-12-21T13:56:29","guid":{"rendered":"http:\/\/fmtinkunaco.com.ar\/?p=4293"},"modified":"2021-12-21T10:56:29","modified_gmt":"2021-12-21T13:56:29","slug":"pilar-a-un-ano-de-la-aprobacion-de-la-ordenanza-de-pirotecnia-sonora-baja","status":"publish","type":"post","link":"https:\/\/fmtinkunaco.ar\/?p=4394","title":{"rendered":"Pilar: A un a\u00f1o de la aprobaci\u00f3n de la Ordenanza de Pirotecnia sonora baja"},"content":{"rendered":"<p>Hace un a\u00f1o, el Concejo Deliberante del partido de Pilar aprobaba por unanimidad la Ordenanza que proh\u00edbe la venta de pirotecnia sonora por encima de los 84 decibeles.<\/p>\n<p>La Ordenanza parti\u00f3 de un proyecto impulsado por TGD Padres TEA Pilar \u2013 Red Federal y presentado por el Concejal Gustavo Trindade.<\/p>\n<p>A un a\u00f1o, desde TGD Padres TEA Pilar contin\u00faan concientizando a la comunidad y remarcando que es necesario que la municipalidad haga cumplir la Ordenanza.<\/p>\n<p>En di\u00e1logo con el programa radial \u201cEncuentro con las Noticias\u201d, Gabriela Rojas, integrante de TGD Padres TEA Pilar \u2013 Red Federal, realiz\u00f3 un balance de este primer a\u00f1o de Ordenanza, \u201cEl a\u00f1o pasado si hubo algunos lugares y locales que fueron clausurados o les sacaron directamente la mercader\u00eda que estaba prohibida pero hab\u00eda sido muy reciente todo. (\u2026) Este a\u00f1o, en los partidos de futbol y tambi\u00e9n en los cierres de campa\u00f1a se tiraron pirotecnia y nosotros no podemos hacer nada si la municipalidad no nos ayuda de su lado. (\u2026) Ped\u00edamos a la municipalidad un n\u00famero para denuncias porque el a\u00f1o pasado llam\u00e1bamos al 911 y no nos daban bolilla. Este a\u00f1o pedimos un numero porque de que vale que este la ordenanza, y vemos que est\u00e1n vendiendo; la municipalidad puse en el instagram un n\u00famero de denuncias pero ayer lo sacaron. Yo me comunique el domingo para hacer una denuncia y no me atendieron, despu\u00e9s mande un mensaje y me dijeron que eso era solo para contenci\u00f3n, qu\u00e9 contenci\u00f3n podes dar, nosotros necesitamos que no est\u00e9n a la venta esos productos\u201d.<\/p>\n<p>Gabriela Rojas, adem\u00e1s, remarc\u00f3 que el objetivo de la Red es concientizar, \u201cEl objetivo es concientizar, hacemos distintos flyers, propagandas, hacemos spots que los pasamos por la radio explicando que pasa con las personas que tienen hipersensibilidad auditiva que es una gran mayor\u00eda. Es lo \u00fanico que nosotros podemos hacer\u201d.<\/p>\n<p>Compartimos la entrevista completa<\/p>\n<p><a href=\"https:\/\/archive.org\/details\/audio-gabriela-rojas-21-12-2021\">Descargar<\/a><\/p>\n<audio class=\"wp-audio-shortcode\" id=\"audio-4394-2\" preload=\"none\" style=\"width: 100%;\" controls=\"controls\"><source type=\"audio\/mpeg\" src=\"https:\/\/archive.org\/download\/audio-gabriela-rojas-21-12-2021\/AUDIO%20-%20GABRIELA%20ROJAS%2021%2012%202021.mp3?_=2\" \/><a href=\"https:\/\/archive.org\/download\/audio-gabriela-rojas-21-12-2021\/AUDIO%20-%20GABRIELA%20ROJAS%2021%2012%202021.mp3\">https:\/\/archive.org\/download\/audio-gabriela-rojas-21-12-2021\/AUDIO%20-%20GABRIELA%20ROJAS%2021%2012%202021.mp3<\/a><\/audio>\n<div class=\"powerpress_player\" id=\"powerpress_player_2791\"><audio class=\"wp-audio-shortcode\" id=\"audio-4394-1\" preload=\"none\" style=\"width: 100%;\" controls=\"controls\"><source type=\"audio\/mpeg\" src=\"https:\/\/archive.org\/download\/audio-gabriela-rojas-21-12-2021\/AUDIO%20-%20GABRIELA%20ROJAS%2021%2012%202021.mp3?_=1\" \/><a href=\"https:\/\/archive.org\/download\/audio-gabriela-rojas-21-12-2021\/AUDIO%20-%20GABRIELA%20ROJAS%2021%2012%202021.mp3\">https:\/\/archive.org\/download\/audio-gabriela-rojas-21-12-2021\/AUDIO%20-%20GABRIELA%20ROJAS%2021%2012%202021.mp3<\/a><\/audio><\/div><p class=\"powerpress_links powerpress_links_mp3\" style=\"margin-bottom: 1px !important;\">Podcast: <a href=\"https:\/\/archive.org\/download\/audio-gabriela-rojas-21-12-2021\/AUDIO%20-%20GABRIELA%20ROJAS%2021%2012%202021.mp3\" class=\"powerpress_link_pinw\" target=\"_blank\" title=\"Reproducir en una nueva ventana\" onclick=\"return powerpress_pinw('https:\/\/fmtinkunaco.ar\/?powerpress_pinw=4394-podcast');\" rel=\"nofollow\">Reproducir en una nueva ventana<\/a> | <a href=\"https:\/\/archive.org\/download\/audio-gabriela-rojas-21-12-2021\/AUDIO%20-%20GABRIELA%20ROJAS%2021%2012%202021.mp3\" class=\"powerpress_link_d\" title=\"Descargar\" rel=\"nofollow\" download=\"AUDIO%20-%20GABRIELA%20ROJAS%2021%2012%202021.mp3\">Descargar<\/a><\/p>","protected":false},"excerpt":{"rendered":"<p>Hace un a\u00f1o, el Concejo Deliberante del partido de Pilar aprobaba por unanimidad la Ordenanza que proh\u00edbe la venta de pirotecnia sonora por encima de los 84 decibeles. La Ordenanza parti\u00f3 de un proyecto impulsado por TGD Padres TEA Pilar \u2013 Red Federal y presentado por el Concejal Gustavo Trindade. A un a\u00f1o, desde TGD [&hellip;]<\/p>\n","protected":false},"author":1,"featured_media":4294,"comment_status":"open","ping_status":"open","sticky":false,"template":"","format":"standard","meta":{"footnotes":""},"categories":[4],"tags":[476],"class_list":["post-4394","post","type-post","status-publish","format-standard","has-post-thumbnail","hentry","category-derechos-humanos","tag-tgd-padres-tea-pilar"],"_links":{"self":[{"href":"https:\/\/fmtinkunaco.ar\/index.php?rest_route=\/wp\/v2\/posts\/4394","targetHints":{"allow":["GET"]}}],"collection":[{"href":"https:\/\/fmtinkunaco.ar\/index.php?rest_route=\/wp\/v2\/posts"}],"about":[{"href":"https:\/\/fmtinkunaco.ar\/index.php?rest_route=\/wp\/v2\/types\/post"}],"author":[{"embeddable":true,"href":"https:\/\/fmtinkunaco.ar\/index.php?rest_route=\/wp\/v2\/users\/1"}],"replies":[{"embeddable":true,"href":"https:\/\/fmtinkunaco.ar\/index.php?rest_route=%2Fwp%2Fv2%2Fcomments&post=4394"}],"version-history":[{"count":0,"href":"https:\/\/fmtinkunaco.ar\/index.php?rest_route=\/wp\/v2\/posts\/4394\/revisions"}],"wp:featuredmedia":[{"embeddable":true,"href":"https:\/\/fmtinkunaco.ar\/index.php?rest_route=\/wp\/v2\/templates\/4294"}],"wp:attachment":[{"href":"https:\/\/fmtinkunaco.ar\/index.php?rest_route=%2Fwp%2Fv2%2Fmedia&parent=4394"}],"wp:term":[{"taxonomy":"category","embeddable":true,"href":"https:\/\/fmtinkunaco.ar\/index.php?rest_route=%2Fwp%2Fv2%2Fcategories&post=4394"},{"taxonomy":"post_tag","embeddable":true,"href":"https:\/\/fmtinkunaco.ar\/index.php?rest_route=%2Fwp%2Fv2%2Ftags&post=4394"}],"curies":[{"name":"wp","href":"https:\/\/api.w.org\/{rel}","templated":true}]}}