{"id":4395,"date":"2021-12-22T13:32:10","date_gmt":"2021-12-22T16:32:10","guid":{"rendered":"http:\/\/fmtinkunaco.com.ar\/?p=4297"},"modified":"2021-12-22T13:32:10","modified_gmt":"2021-12-22T16:32:10","slug":"tgd-familias-tea-cuartel-v-lanzo-la-campana-mas-luces-menos-ruido","status":"publish","type":"post","link":"https:\/\/fmtinkunaco.ar\/?p=4395","title":{"rendered":"TGD Familias TEA &#8211; Cuartel V lanz\u00f3 la campa\u00f1a \u201cM\u00e1s Luces, Menos Ruido\u201d"},"content":{"rendered":"<p>Como cada a\u00f1o, en el marco de la Navidad y el A\u00f1o Nuevo, TGD Familias TEA &#8211; Cuartel V llevan adelante la campa\u00f1a \u201cM\u00e1s luces, menos ruido\u201d con el objetivo de concientizar a la comunidad en el uso de pirotecnia lum\u00ednica en lugar de la pirotecnia de alto impacto.<\/p>\n<p>La organizaci\u00f3n de Cuartel V \u2013 Moreno hace 4 a\u00f1os que lleva adelante esta campa\u00f1a de concientizaci\u00f3n.<\/p>\n<p>En di\u00e1logo con el programa radial \u201cEncuentro con las Noticias\u201d, Ana Rodr\u00edguez, integrante de TGD Familias TEA &#8211; Cuartel V, se refiri\u00f3 a la campa\u00f1a M\u00e1s Luces, Menos Ruido, <em>\u201cNosotros venimos trabajando esta campa\u00f1a que se llama &lt;&lt; M\u00e1s Luces, Menos Ruido &gt;&gt; ya hace aproximadamente cuatro a\u00f1os en el territorio. (\u2026) Estamos trabajando con la ordenanza 6246\/19 donde justamente aclara esto de tomar conciencia y usar mas luces o usar alternativas en cuanto a todo lo lum\u00ednico y no usar pirotecnias de alto impacto sonoro\u201d.<\/em><\/p>\n<p>Rodr\u00edguez, adem\u00e1s hizo referencia al \u00faltimo logro como Red Federal que responde a la no fabricaci\u00f3n de pirotecnia de alto impacto, <em>\u201cHay todo un trabajo paralelo junto al Sindicato del F\u00f3sforo y uno de los responsables que es Guillermo Cantatore que es el que siempre se junta con nosotros y otras organizaciones tambi\u00e9n y ahora logramos, este a\u00f1o, sacar de circulaci\u00f3n y la fabricaci\u00f3n de pirotecnia de alto impacto; tengo entendido que se van a fabricar de 50 decibeles para abajo.<\/em><br \/>\n<em> Entonces apostamos a un cambio social, cultural, tradicional, tambi\u00e9n va a llevar un tiempo, todo esto es un proceso de educaci\u00f3n y toma de conciencia y hay que seguir trabajando con las campa\u00f1as\u201d.<\/em><\/p>\n<p>Ana Rodr\u00edguez, tambi\u00e9n, sostuvo <em>\u201cEs un proceso cultural, una tradici\u00f3n que se va a ir modificando con el pasar del tiempo que tambi\u00e9n no depende, solamente, de las organizaciones que estamos trabajando en la campa\u00f1a. Tambi\u00e9n depende mucho de las empresas, que ellos puedan difundir y poner en exhibici\u00f3n, tambi\u00e9n la alternativa en cuanto a la pirotecnia porque la gente desconoce que hay luces led, hay espumas de colores, hay burbujas\u201d.<\/em><\/p>\n<p>Compartimos la entrevista completa<\/p>\n<p><a href=\"https:\/\/archive.org\/details\/audio-ana-rodriguez-tgd-familias-tea-22-12-2021\">Descargar<\/a><\/p>\n<audio class=\"wp-audio-shortcode\" id=\"audio-4395-2\" preload=\"none\" style=\"width: 100%;\" controls=\"controls\"><source type=\"audio\/mpeg\" src=\"https:\/\/archive.org\/download\/audio-ana-rodriguez-tgd-familias-tea-22-12-2021\/AUDIO%20-%20ANA%20RODRIGUEZ%20%28TGD%20FAMILIAS%20TEA%29%2022%2012%202021.mp3?_=2\" \/><a href=\"https:\/\/archive.org\/download\/audio-ana-rodriguez-tgd-familias-tea-22-12-2021\/AUDIO%20-%20ANA%20RODRIGUEZ%20%28TGD%20FAMILIAS%20TEA%29%2022%2012%202021.mp3\">https:\/\/archive.org\/download\/audio-ana-rodriguez-tgd-familias-tea-22-12-2021\/AUDIO%20-%20ANA%20RODRIGUEZ%20%28TGD%20FAMILIAS%20TEA%29%2022%2012%202021.mp3<\/a><\/audio>\n<div class=\"powerpress_player\" id=\"powerpress_player_1543\"><audio class=\"wp-audio-shortcode\" id=\"audio-4395-1\" preload=\"none\" style=\"width: 100%;\" controls=\"controls\"><source type=\"audio\/mpeg\" src=\"https:\/\/archive.org\/download\/audio-ana-rodriguez-tgd-familias-tea-22-12-2021\/AUDIO%20-%20ANA%20RODRIGUEZ%20%28TGD%20FAMILIAS%20TEA%29%2022%2012%202021.mp3?_=1\" \/><a href=\"https:\/\/archive.org\/download\/audio-ana-rodriguez-tgd-familias-tea-22-12-2021\/AUDIO%20-%20ANA%20RODRIGUEZ%20%28TGD%20FAMILIAS%20TEA%29%2022%2012%202021.mp3\">https:\/\/archive.org\/download\/audio-ana-rodriguez-tgd-familias-tea-22-12-2021\/AUDIO%20-%20ANA%20RODRIGUEZ%20%28TGD%20FAMILIAS%20TEA%29%2022%2012%202021.mp3<\/a><\/audio><\/div><p class=\"powerpress_links powerpress_links_mp3\" style=\"margin-bottom: 1px !important;\">Podcast: <a href=\"https:\/\/archive.org\/download\/audio-ana-rodriguez-tgd-familias-tea-22-12-2021\/AUDIO%20-%20ANA%20RODRIGUEZ%20%28TGD%20FAMILIAS%20TEA%29%2022%2012%202021.mp3\" class=\"powerpress_link_pinw\" target=\"_blank\" title=\"Reproducir en una nueva ventana\" onclick=\"return powerpress_pinw('https:\/\/fmtinkunaco.ar\/?powerpress_pinw=4395-podcast');\" rel=\"nofollow\">Reproducir en una nueva ventana<\/a> | <a href=\"https:\/\/archive.org\/download\/audio-ana-rodriguez-tgd-familias-tea-22-12-2021\/AUDIO%20-%20ANA%20RODRIGUEZ%20%28TGD%20FAMILIAS%20TEA%29%2022%2012%202021.mp3\" class=\"powerpress_link_d\" title=\"Descargar\" rel=\"nofollow\" download=\"AUDIO%20-%20ANA%20RODRIGUEZ%20%28TGD%20FAMILIAS%20TEA%29%2022%2012%202021.mp3\">Descargar<\/a><\/p>","protected":false},"excerpt":{"rendered":"<p>Como cada a\u00f1o, en el marco de la Navidad y el A\u00f1o Nuevo, TGD Familias TEA &#8211; Cuartel V llevan adelante la campa\u00f1a \u201cM\u00e1s luces, menos ruido\u201d con el objetivo de concientizar a la comunidad en el uso de pirotecnia lum\u00ednica en lugar de la pirotecnia de alto impacto. La organizaci\u00f3n de Cuartel V \u2013 [&hellip;]<\/p>\n","protected":false},"author":1,"featured_media":4298,"comment_status":"open","ping_status":"open","sticky":false,"template":"","format":"standard","meta":{"footnotes":""},"categories":[4],"tags":[140,475],"class_list":["post-4395","post","type-post","status-publish","format-standard","has-post-thumbnail","hentry","category-derechos-humanos","tag-cuartel-v","tag-tgd-padres-tea-moreno"],"_links":{"self":[{"href":"https:\/\/fmtinkunaco.ar\/index.php?rest_route=\/wp\/v2\/posts\/4395","targetHints":{"allow":["GET"]}}],"collection":[{"href":"https:\/\/fmtinkunaco.ar\/index.php?rest_route=\/wp\/v2\/posts"}],"about":[{"href":"https:\/\/fmtinkunaco.ar\/index.php?rest_route=\/wp\/v2\/types\/post"}],"author":[{"embeddable":true,"href":"https:\/\/fmtinkunaco.ar\/index.php?rest_route=\/wp\/v2\/users\/1"}],"replies":[{"embeddable":true,"href":"https:\/\/fmtinkunaco.ar\/index.php?rest_route=%2Fwp%2Fv2%2Fcomments&post=4395"}],"version-history":[{"count":0,"href":"https:\/\/fmtinkunaco.ar\/index.php?rest_route=\/wp\/v2\/posts\/4395\/revisions"}],"wp:featuredmedia":[{"embeddable":true,"href":"https:\/\/fmtinkunaco.ar\/index.php?rest_route=\/wp\/v2\/menu-items\/4298"}],"wp:attachment":[{"href":"https:\/\/fmtinkunaco.ar\/index.php?rest_route=%2Fwp%2Fv2%2Fmedia&parent=4395"}],"wp:term":[{"taxonomy":"category","embeddable":true,"href":"https:\/\/fmtinkunaco.ar\/index.php?rest_route=%2Fwp%2Fv2%2Fcategories&post=4395"},{"taxonomy":"post_tag","embeddable":true,"href":"https:\/\/fmtinkunaco.ar\/index.php?rest_route=%2Fwp%2Fv2%2Ftags&post=4395"}],"curies":[{"name":"wp","href":"https:\/\/api.w.org\/{rel}","templated":true}]}}