{"id":4400,"date":"2022-02-02T14:07:08","date_gmt":"2022-02-02T17:07:08","guid":{"rendered":"http:\/\/fmtinkunaco.com.ar\/?p=4315"},"modified":"2022-02-02T14:07:08","modified_gmt":"2022-02-02T17:07:08","slug":"ate-moreno-trabajadores-y-trabajadoras-exigen-recomposicion-salarial-del-15-de-cara-a-las-paritarias-2022","status":"publish","type":"post","link":"https:\/\/fmtinkunaco.ar\/?p=4400","title":{"rendered":"ATE MORENO: Trabajadores y trabajadoras exigen recomposici\u00f3n salarial del 15% de cara a las paritarias 2022"},"content":{"rendered":"<p>La Asociaci\u00f3n de Trabajadores del Estado de Moreno (ATE), exige al Ejecutivo la recomposici\u00f3n del 15% que perdieron durante el a\u00f1o 2021. Este aumento se espera antes de comenzar las negociaciones paritarias del 2022.<\/p>\n<p>En di\u00e1logo con el programa radial \u201cEncuentro con las Noticias\u201d, Ra\u00fal Soria, Delegado General de la Junta Interna de trabajadores y trabajadoras municipales de ATE Moreno, se refiri\u00f3 a las expectativas de las negociaciones paritarias para este nuevo a\u00f1o, <em>\u201cEste a\u00f1o 2022 lo iniciamos con mucha expectativa y con una posici\u00f3n totalmente clara, nosotros vamos a comenzar la discusi\u00f3n de la paritaria 2022 diciendo que tiene que haber recomposici\u00f3n de ese 15% de p\u00e9rdida. Esto no quiere decir que nos cerramos en este 15% pero entendemos que el Ejecutivo tiene que tener alg\u00fan tipo de efecto como, por lo menos, acercarnos a recuperar algo de ese poder adquisitivo. Hemos ya presentado una nota pidiendo la apertura de paritarias que a todo esto nos hab\u00edan dicho que se iba a abrir en enero\u201d.<\/em><\/p>\n<p>El inicio de las paritarias estaba previsto para los primeros d\u00edas del mes de enero pero seg\u00fan lo informado a las y los trabajadores por Adri\u00e1n M\u00e1rquez, Director de Asuntos Gremiales del municipio, la convocatoria del Ejecutivo se realizar\u00eda a mediados del mes de febrero.<\/p>\n<p>Soria, adem\u00e1s, remarc\u00f3 el trabajo con la Junta de Calificaci\u00f3n y Ascenso, <em>\u201cSeguimos trabajando con la Junta de Calificaci\u00f3n y Ascenso, algo que es importante para todos pero que viene, tambi\u00e9n, media retrasada, en esta etapa del 2022 hubo ya una suspensi\u00f3n y estamos a espera de que se defina una fecha. (\u2026) porque hay compa\u00f1eros trabajadores que est\u00e1n a espera de su pase a planta, todav\u00eda no hemos logrado que se defina uno de los pedidos que se hizo el a\u00f1o pasado que son las cuarenta horas para la totalidad de los trabajadores. Entendemos que no son muchos y que donde debemos iniciar, fundamentalmente, es en un sector que estuvo siempre frente de la lucha contra la pandemia que es salud y de ah\u00ed avanzar en los diferentes sectores y todav\u00eda eso no lo hemos logrado, eso es un pendiente del a\u00f1o pasado\u201d.<\/em><\/p>\n<p>Compartimos la entrevista completa<\/p>\n<p><a href=\"https:\/\/archive.org\/details\/audio-raul-soria-ate-moreno-02-02-2022\">Descargar<\/a><\/p>\n<audio class=\"wp-audio-shortcode\" id=\"audio-4400-2\" preload=\"none\" style=\"width: 100%;\" controls=\"controls\"><source type=\"audio\/mpeg\" src=\"https:\/\/archive.org\/download\/audio-raul-soria-ate-moreno-02-02-2022\/AUDIO%20-%20RAUL%20SORIA%20%28ATE%20MORENO%29%2002%2002%202022.mp3?_=2\" \/><a href=\"https:\/\/archive.org\/download\/audio-raul-soria-ate-moreno-02-02-2022\/AUDIO%20-%20RAUL%20SORIA%20%28ATE%20MORENO%29%2002%2002%202022.mp3\">https:\/\/archive.org\/download\/audio-raul-soria-ate-moreno-02-02-2022\/AUDIO%20-%20RAUL%20SORIA%20%28ATE%20MORENO%29%2002%2002%202022.mp3<\/a><\/audio>\n<div class=\"powerpress_player\" id=\"powerpress_player_5182\"><audio class=\"wp-audio-shortcode\" id=\"audio-4400-1\" preload=\"none\" style=\"width: 100%;\" controls=\"controls\"><source type=\"audio\/mpeg\" src=\"https:\/\/archive.org\/download\/audio-raul-soria-ate-moreno-02-02-2022\/AUDIO%20-%20RAUL%20SORIA%20%28ATE%20MORENO%29%2002%2002%202022.mp3?_=1\" \/><a href=\"https:\/\/archive.org\/download\/audio-raul-soria-ate-moreno-02-02-2022\/AUDIO%20-%20RAUL%20SORIA%20%28ATE%20MORENO%29%2002%2002%202022.mp3\">https:\/\/archive.org\/download\/audio-raul-soria-ate-moreno-02-02-2022\/AUDIO%20-%20RAUL%20SORIA%20%28ATE%20MORENO%29%2002%2002%202022.mp3<\/a><\/audio><\/div><p class=\"powerpress_links powerpress_links_mp3\" style=\"margin-bottom: 1px !important;\">Podcast: <a href=\"https:\/\/archive.org\/download\/audio-raul-soria-ate-moreno-02-02-2022\/AUDIO%20-%20RAUL%20SORIA%20%28ATE%20MORENO%29%2002%2002%202022.mp3\" class=\"powerpress_link_pinw\" target=\"_blank\" title=\"Reproducir en una nueva ventana\" onclick=\"return powerpress_pinw('https:\/\/fmtinkunaco.ar\/?powerpress_pinw=4400-podcast');\" rel=\"nofollow\">Reproducir en una nueva ventana<\/a> | <a href=\"https:\/\/archive.org\/download\/audio-raul-soria-ate-moreno-02-02-2022\/AUDIO%20-%20RAUL%20SORIA%20%28ATE%20MORENO%29%2002%2002%202022.mp3\" class=\"powerpress_link_d\" title=\"Descargar\" rel=\"nofollow\" download=\"AUDIO%20-%20RAUL%20SORIA%20%28ATE%20MORENO%29%2002%2002%202022.mp3\">Descargar<\/a><\/p>","protected":false},"excerpt":{"rendered":"<p>La Asociaci\u00f3n de Trabajadores del Estado de Moreno (ATE), exige al Ejecutivo la recomposici\u00f3n del 15% que perdieron durante el a\u00f1o 2021. Este aumento se espera antes de comenzar las negociaciones paritarias del 2022. En di\u00e1logo con el programa radial \u201cEncuentro con las Noticias\u201d, Ra\u00fal Soria, Delegado General de la Junta Interna de trabajadores y [&hellip;]<\/p>\n","protected":false},"author":1,"featured_media":4316,"comment_status":"open","ping_status":"open","sticky":false,"template":"","format":"standard","meta":{"footnotes":""},"categories":[9],"tags":[58,382,485],"class_list":["post-4400","post","type-post","status-publish","format-standard","has-post-thumbnail","hentry","category-sociedad","tag-ate-moreno","tag-paritarias-2022","tag-trabajadorxs-municipales"],"_links":{"self":[{"href":"https:\/\/fmtinkunaco.ar\/index.php?rest_route=\/wp\/v2\/posts\/4400","targetHints":{"allow":["GET"]}}],"collection":[{"href":"https:\/\/fmtinkunaco.ar\/index.php?rest_route=\/wp\/v2\/posts"}],"about":[{"href":"https:\/\/fmtinkunaco.ar\/index.php?rest_route=\/wp\/v2\/types\/post"}],"author":[{"embeddable":true,"href":"https:\/\/fmtinkunaco.ar\/index.php?rest_route=\/wp\/v2\/users\/1"}],"replies":[{"embeddable":true,"href":"https:\/\/fmtinkunaco.ar\/index.php?rest_route=%2Fwp%2Fv2%2Fcomments&post=4400"}],"version-history":[{"count":0,"href":"https:\/\/fmtinkunaco.ar\/index.php?rest_route=\/wp\/v2\/posts\/4400\/revisions"}],"wp:featuredmedia":[{"embeddable":true,"href":"https:\/\/fmtinkunaco.ar\/index.php?rest_route=\/wp\/v2\/posts\/4316"}],"wp:attachment":[{"href":"https:\/\/fmtinkunaco.ar\/index.php?rest_route=%2Fwp%2Fv2%2Fmedia&parent=4400"}],"wp:term":[{"taxonomy":"category","embeddable":true,"href":"https:\/\/fmtinkunaco.ar\/index.php?rest_route=%2Fwp%2Fv2%2Fcategories&post=4400"},{"taxonomy":"post_tag","embeddable":true,"href":"https:\/\/fmtinkunaco.ar\/index.php?rest_route=%2Fwp%2Fv2%2Ftags&post=4400"}],"curies":[{"name":"wp","href":"https:\/\/api.w.org\/{rel}","templated":true}]}}