{"id":4405,"date":"2022-02-14T14:17:43","date_gmt":"2022-02-14T17:17:43","guid":{"rendered":"http:\/\/fmtinkunaco.com.ar\/?p=4333"},"modified":"2022-02-14T14:17:43","modified_gmt":"2022-02-14T17:17:43","slug":"inicia-el-juicio-contra-el-prefecto-raul-bonifacio-guerrero-por-los-asesinatos-de-victor-chino-avila-y-christian-marote-nunez","status":"publish","type":"post","link":"https:\/\/fmtinkunaco.ar\/?p=4405","title":{"rendered":"Inicia el juicio contra el prefecto Ra\u00fal Bonifacio Guerrero por los asesinatos de V\u00edctor \u00abChino\u00bb \u00c1vila y Christian \u00abMarote\u00bb N\u00fa\u00f1ez \u00a0"},"content":{"rendered":"<p>El 7 de noviembre de 2014, el prefecto Ra\u00fal Bonifacio Guerrero fusil\u00f3 a V\u00edctor \u201cChino\u201d \u00c1vila y a Christian \u201cMarote\u201d N\u00fa\u00f1ez \u00a0en el barrio Alem de Cuartel V &#8211; partido de Moreno.<\/p>\n<p>Luego de 7 a\u00f1os de lucha, de las organizaciones sociales junto a familiares, y de denunciar estos asesinatos como gatillo f\u00e1cil, el pr\u00f3ximo 25 de febrero inicia el juicio en los Tribunales de Mercedes.<\/p>\n<p>En di\u00e1logo con el programa radial \u201cEncuentro con las Noticias\u201d, Joaqu\u00edn Bel, referente de CORREPI, describi\u00f3 el caso y sostuvo que el \u00a0caso de Chino y Marote se suma a los m\u00e1s de 70 casos que se conocen en Moreno de gatillo f\u00e1cil, <em>\u201cEl caso de Chino y Marote se inscribe dentro de los 72 casos que hay en Moreno, que se sucedieron desde el 83 a la fecha en nuestro municipio. (\u2026) Lo que pas\u00f3 esa madrugada del 7 de noviembre, es que si bien los pibes estaban festejando que boca y river hab\u00edan pasado a la semifinal de la copa libertadores del 2014, efectivamente esa madrugada intentaron cometer un robo con un arma que no serv\u00eda. Cuando intentan robarle a esta persona, a \u00a0Ra\u00fal Bonifacio Guerrero, esta persona saca su arma, los chicos autom\u00e1ticamente se escapan, no se ponen en situaci\u00f3n de enfrentamiento o en situaci\u00f3n de tiro lo que generar\u00eda otra situaci\u00f3n si no que autom\u00e1ticamente se dan a la fuga y esta persona pr\u00e1cticamente los fusila, se baja de su veh\u00edculo y los remata\u201d. \u00a0<\/em><\/p>\n<p>Adem\u00e1s, Bel, remarc\u00f3 \u00a0el camino de lucha que llevaron adelante hasta llegar a este inicio de juicio, <em>\u201cNosotros llegamos a juicio, el 25 de febrero, despu\u00e9s de m\u00e1s de 7 a\u00f1os del fusilamiento de los chicos. Tuvimos que pelear contra la primer fiscal Mar\u00eda Gabriela Urrut\u00eda de la Fiscal\u00eda N 8 de Moreno; conocida de CORREPI, de muchos casos anteriores, conocida encubridora de fusiladores de pibes. Los primeros 4 a\u00f1os en t\u00e9rminos judiciales fueron dif\u00edciles porque la \u00fanica versi\u00f3n que se daba por sentada era la del polic\u00eda que hab\u00eda esgrimido que los pibes hab\u00edan intentado robarle y que \u00e9l se hab\u00eda defendido. Para la fiscal eso era m\u00e1s que suficiente para cerrar la causa, en 2016 estuvimos dos a\u00f1os presentando pedidos de cambio de fiscal, presentando pedidos de prueba que la fiscal inclusive no hab\u00eda tenido en cuenta para dar un poco m\u00e1s de luz a la investigaci\u00f3n. <\/em><br \/>\n<em> Y reci\u00e9n en 2018 se acepta nuestro pedido de cambio de fiscal, y a partir de ah\u00ed comienza un incipiente camino de esclarecimiento de la situaci\u00f3n. Obviamente nosotros ya sab\u00edamos que era un caso de gatillo f\u00e1cil, los vecinos del barrio sab\u00edan que era un caso de gatillo f\u00e1cil y no era que est\u00e1bamos esperando a ver que se esclarezca. Nosotros ya sab\u00edamos lo que hab\u00eda pasado, lo que quer\u00edamos era que se tradujera en t\u00e9rminos judiciales para intentar disputar una condena contra esta persona\u201d.<\/em><\/p>\n<p>Ra\u00fal Bonifacio Guerrero es un prefecto ya retirado que vive en barrio Anderson en Cuartel V, y que a\u00fan luego de los asesinatos, de Chino y Marote, se mantuvo en activo en las fuerzas.<br \/>\nActualmente se encuentra transitando por las calles de Moreno libremente pero el pr\u00f3ximo 25 de febrero comienza el juicio contra el bajo la caratula de \u201cHomicidio por exceso en el ejercicio de la leg\u00edtima defensa\u201d, aunque las organizaciones exigen la caratula de \u201cHomicidio calificado\u201d<\/p>\n<p>Compartimos entrevista completa<\/p>\n<p><a href=\"https:\/\/archive.org\/details\/audio-joaquin-bel-14-02-2022\">Descargar<\/a><\/p>\n<audio class=\"wp-audio-shortcode\" id=\"audio-4405-2\" preload=\"none\" style=\"width: 100%;\" controls=\"controls\"><source type=\"audio\/mpeg\" src=\"https:\/\/archive.org\/download\/audio-joaquin-bel-14-02-2022\/AUDIO%20-%20JOAQUIN%20BEL%2014%2002%202022.mp3?_=2\" \/><a href=\"https:\/\/archive.org\/download\/audio-joaquin-bel-14-02-2022\/AUDIO%20-%20JOAQUIN%20BEL%2014%2002%202022.mp3\">https:\/\/archive.org\/download\/audio-joaquin-bel-14-02-2022\/AUDIO%20-%20JOAQUIN%20BEL%2014%2002%202022.mp3<\/a><\/audio>\n<div class=\"powerpress_player\" id=\"powerpress_player_3802\"><audio class=\"wp-audio-shortcode\" id=\"audio-4405-1\" preload=\"none\" style=\"width: 100%;\" controls=\"controls\"><source type=\"audio\/mpeg\" src=\"https:\/\/archive.org\/download\/audio-joaquin-bel-14-02-2022\/AUDIO%20-%20JOAQUIN%20BEL%2014%2002%202022.mp3?_=1\" \/><a href=\"https:\/\/archive.org\/download\/audio-joaquin-bel-14-02-2022\/AUDIO%20-%20JOAQUIN%20BEL%2014%2002%202022.mp3\">https:\/\/archive.org\/download\/audio-joaquin-bel-14-02-2022\/AUDIO%20-%20JOAQUIN%20BEL%2014%2002%202022.mp3<\/a><\/audio><\/div><p class=\"powerpress_links powerpress_links_mp3\" style=\"margin-bottom: 1px !important;\">Podcast: <a href=\"https:\/\/archive.org\/download\/audio-joaquin-bel-14-02-2022\/AUDIO%20-%20JOAQUIN%20BEL%2014%2002%202022.mp3\" class=\"powerpress_link_pinw\" target=\"_blank\" title=\"Reproducir en una nueva ventana\" onclick=\"return powerpress_pinw('https:\/\/fmtinkunaco.ar\/?powerpress_pinw=4405-podcast');\" rel=\"nofollow\">Reproducir en una nueva ventana<\/a> | <a href=\"https:\/\/archive.org\/download\/audio-joaquin-bel-14-02-2022\/AUDIO%20-%20JOAQUIN%20BEL%2014%2002%202022.mp3\" class=\"powerpress_link_d\" title=\"Descargar\" rel=\"nofollow\" download=\"AUDIO%20-%20JOAQUIN%20BEL%2014%2002%202022.mp3\">Descargar<\/a><\/p>","protected":false},"excerpt":{"rendered":"<p>El 7 de noviembre de 2014, el prefecto Ra\u00fal Bonifacio Guerrero fusil\u00f3 a V\u00edctor \u201cChino\u201d \u00c1vila y a Christian \u201cMarote\u201d N\u00fa\u00f1ez \u00a0en el barrio Alem de Cuartel V &#8211; partido de Moreno. Luego de 7 a\u00f1os de lucha, de las organizaciones sociales junto a familiares, y de denunciar estos asesinatos como gatillo f\u00e1cil, el pr\u00f3ximo [&hellip;]<\/p>\n","protected":false},"author":1,"featured_media":4334,"comment_status":"open","ping_status":"open","sticky":false,"template":"","format":"standard","meta":{"footnotes":""},"categories":[4],"tags":[136],"class_list":["post-4405","post","type-post","status-publish","format-standard","has-post-thumbnail","hentry","category-derechos-humanos","tag-correpi"],"_links":{"self":[{"href":"https:\/\/fmtinkunaco.ar\/index.php?rest_route=\/wp\/v2\/posts\/4405","targetHints":{"allow":["GET"]}}],"collection":[{"href":"https:\/\/fmtinkunaco.ar\/index.php?rest_route=\/wp\/v2\/posts"}],"about":[{"href":"https:\/\/fmtinkunaco.ar\/index.php?rest_route=\/wp\/v2\/types\/post"}],"author":[{"embeddable":true,"href":"https:\/\/fmtinkunaco.ar\/index.php?rest_route=\/wp\/v2\/users\/1"}],"replies":[{"embeddable":true,"href":"https:\/\/fmtinkunaco.ar\/index.php?rest_route=%2Fwp%2Fv2%2Fcomments&post=4405"}],"version-history":[{"count":0,"href":"https:\/\/fmtinkunaco.ar\/index.php?rest_route=\/wp\/v2\/posts\/4405\/revisions"}],"wp:featuredmedia":[{"embeddable":true,"href":"https:\/\/fmtinkunaco.ar\/index.php?rest_route=\/wp\/v2\/posts\/4334"}],"wp:attachment":[{"href":"https:\/\/fmtinkunaco.ar\/index.php?rest_route=%2Fwp%2Fv2%2Fmedia&parent=4405"}],"wp:term":[{"taxonomy":"category","embeddable":true,"href":"https:\/\/fmtinkunaco.ar\/index.php?rest_route=%2Fwp%2Fv2%2Fcategories&post=4405"},{"taxonomy":"post_tag","embeddable":true,"href":"https:\/\/fmtinkunaco.ar\/index.php?rest_route=%2Fwp%2Fv2%2Ftags&post=4405"}],"curies":[{"name":"wp","href":"https:\/\/api.w.org\/{rel}","templated":true}]}}