{"id":4407,"date":"2022-02-16T10:49:43","date_gmt":"2022-02-16T13:49:43","guid":{"rendered":"http:\/\/fmtinkunaco.com.ar\/?p=4342"},"modified":"2022-02-16T10:49:43","modified_gmt":"2022-02-16T13:49:43","slug":"moreno-se-presentara-el-libro-norita-la-madre-de-todas-las-batallas","status":"publish","type":"post","link":"https:\/\/fmtinkunaco.ar\/?p=4407","title":{"rendered":"Moreno: Se presentar\u00e1 el libro \u201cNorita, La Madre de todas las batallas\u201d"},"content":{"rendered":"<p>Organizaciones Feministas, de Derechos Humanos, Sindicales, Sociales y Pol\u00edticas del conurbano oeste convocan a la presentaci\u00f3n del libro <strong>\u201cNorita, La Madre de todas las batallas\u201d<\/strong>, de Gerardo Szalkowicz.<\/p>\n<p>La invitaci\u00f3n es el pr\u00f3ximo viernes 18 de febrero a partir de las 18 hs en la Plaza Mariano Moreno del Partido de Moreno.<\/p>\n<p>En di\u00e1logo con el programa radial \u201cEncuentro con las Noticias\u201d, Noelia G\u00f3mez, integrante de la Campa\u00f1a Nacional Contra las Violencias hacia las Mujeres y parte de la organizaci\u00f3n de la presentaci\u00f3n, se refiri\u00f3 a la iniciativa, <em>\u201cSurge a partir de una propuesta de una compa\u00f1era de una Red Feminista de Moreno y que nos invitan diferentes organizaciones a pensar esta actividad, as\u00ed que venimos hace ya una semana pens\u00e1ndola, organiz\u00e1ndola, con ganas de que suceda. Es este viernes, a las 18 horas en la Plaza Mariano Moreno, va a venir Gerardo que es el autor del libro, y tambi\u00e9n vamos a contar con la presencia de Norita que para todes es un s\u00edmbolo de lucha, as\u00ed que estamos como muy felices tambi\u00e9n\u201d.<\/em><\/p>\n<p>G\u00f3mez, adem\u00e1s, remarc\u00f3 lo que representa Nora Corti\u00f1as, <em>\u201cEs un ejemplo de lucha, es una persona que es la lucha en la calle, es quien no se calla, a la vez tambi\u00e9n acompa\u00f1a diferentes luchas y somos un mont\u00f3n de organizaciones, cada una con nuestra caracterizaci\u00f3n y todos nos sentimos de alguna forma representados\u201d.<\/em><\/p>\n<p>Finalmente, Noelia G\u00f3mez, sostuvo que existieron algunas complicaciones con el municipio <em>\u201cHubieron algunas complicaciones en relaci\u00f3n al municipio porque desde este colectivo de organizaciones hicimos un nota que la presentamos el 8 de febrero, informando que \u00edbamos a hacer esta actividad y ayer recibimos una llamada telef\u00f3nica del municipio dici\u00e9ndonos que esta plaza no estaba destinada para hacer eventos y actividades. La verdad que eso nos enoja bastante y lo cuestionamos desde las diferentes organizaciones porque la plaza es del pueblo, la plaza no pertenece a ning\u00fan municipio, entonces no necesitamos ni pedir permiso, y esto, que es un espacio p\u00fablico para habilitarlo, para habitarlo, para hacer actividades\u201d.<\/em><\/p>\n<p>La jornada contar\u00e1 con la presentaci\u00f3n de Gerardo, autor del libro y con la honorable presencia de Nora Corti\u00f1as, integrante de Madres de Plaza de Mayo L\u00ednea Fundadora.<\/p>\n<p>Compartimos la entrevista completa<\/p>\n<p><a href=\"https:\/\/archive.org\/details\/audio-noelia-gomez-16-02-2022\">Descargar<\/a><\/p>\n<audio class=\"wp-audio-shortcode\" id=\"audio-4407-2\" preload=\"none\" style=\"width: 100%;\" controls=\"controls\"><source type=\"audio\/mpeg\" src=\"https:\/\/archive.org\/download\/audio-noelia-gomez-16-02-2022\/AUDIO%20-%20NOELIA%20GOMEZ%2016%2002%202022.mp3?_=2\" \/><a href=\"https:\/\/archive.org\/download\/audio-noelia-gomez-16-02-2022\/AUDIO%20-%20NOELIA%20GOMEZ%2016%2002%202022.mp3\">https:\/\/archive.org\/download\/audio-noelia-gomez-16-02-2022\/AUDIO%20-%20NOELIA%20GOMEZ%2016%2002%202022.mp3<\/a><\/audio>\n<div class=\"powerpress_player\" id=\"powerpress_player_6627\"><audio class=\"wp-audio-shortcode\" id=\"audio-4407-1\" preload=\"none\" style=\"width: 100%;\" controls=\"controls\"><source type=\"audio\/mpeg\" src=\"https:\/\/archive.org\/download\/audio-noelia-gomez-16-02-2022\/AUDIO%20-%20NOELIA%20GOMEZ%2016%2002%202022.mp3?_=1\" \/><a href=\"https:\/\/archive.org\/download\/audio-noelia-gomez-16-02-2022\/AUDIO%20-%20NOELIA%20GOMEZ%2016%2002%202022.mp3\">https:\/\/archive.org\/download\/audio-noelia-gomez-16-02-2022\/AUDIO%20-%20NOELIA%20GOMEZ%2016%2002%202022.mp3<\/a><\/audio><\/div><p class=\"powerpress_links powerpress_links_mp3\" style=\"margin-bottom: 1px !important;\">Podcast: <a href=\"https:\/\/archive.org\/download\/audio-noelia-gomez-16-02-2022\/AUDIO%20-%20NOELIA%20GOMEZ%2016%2002%202022.mp3\" class=\"powerpress_link_pinw\" target=\"_blank\" title=\"Reproducir en una nueva ventana\" onclick=\"return powerpress_pinw('https:\/\/fmtinkunaco.ar\/?powerpress_pinw=4407-podcast');\" rel=\"nofollow\">Reproducir en una nueva ventana<\/a> | <a href=\"https:\/\/archive.org\/download\/audio-noelia-gomez-16-02-2022\/AUDIO%20-%20NOELIA%20GOMEZ%2016%2002%202022.mp3\" class=\"powerpress_link_d\" title=\"Descargar\" rel=\"nofollow\" download=\"AUDIO%20-%20NOELIA%20GOMEZ%2016%2002%202022.mp3\">Descargar<\/a><\/p>","protected":false},"excerpt":{"rendered":"<p>Organizaciones Feministas, de Derechos Humanos, Sindicales, Sociales y Pol\u00edticas del conurbano oeste convocan a la presentaci\u00f3n del libro \u201cNorita, La Madre de todas las batallas\u201d, de Gerardo Szalkowicz. La invitaci\u00f3n es el pr\u00f3ximo viernes 18 de febrero a partir de las 18 hs en la Plaza Mariano Moreno del Partido de Moreno. En di\u00e1logo con [&hellip;]<\/p>\n","protected":false},"author":1,"featured_media":4343,"comment_status":"open","ping_status":"open","sticky":false,"template":"","format":"standard","meta":{"footnotes":""},"categories":[3,4],"tags":[],"class_list":["post-4407","post","type-post","status-publish","format-standard","has-post-thumbnail","hentry","category-cultura","category-derechos-humanos"],"_links":{"self":[{"href":"https:\/\/fmtinkunaco.ar\/index.php?rest_route=\/wp\/v2\/posts\/4407","targetHints":{"allow":["GET"]}}],"collection":[{"href":"https:\/\/fmtinkunaco.ar\/index.php?rest_route=\/wp\/v2\/posts"}],"about":[{"href":"https:\/\/fmtinkunaco.ar\/index.php?rest_route=\/wp\/v2\/types\/post"}],"author":[{"embeddable":true,"href":"https:\/\/fmtinkunaco.ar\/index.php?rest_route=\/wp\/v2\/users\/1"}],"replies":[{"embeddable":true,"href":"https:\/\/fmtinkunaco.ar\/index.php?rest_route=%2Fwp%2Fv2%2Fcomments&post=4407"}],"version-history":[{"count":0,"href":"https:\/\/fmtinkunaco.ar\/index.php?rest_route=\/wp\/v2\/posts\/4407\/revisions"}],"wp:featuredmedia":[{"embeddable":true,"href":"https:\/\/fmtinkunaco.ar\/index.php?rest_route=\/wp\/v2\/posts\/4343"}],"wp:attachment":[{"href":"https:\/\/fmtinkunaco.ar\/index.php?rest_route=%2Fwp%2Fv2%2Fmedia&parent=4407"}],"wp:term":[{"taxonomy":"category","embeddable":true,"href":"https:\/\/fmtinkunaco.ar\/index.php?rest_route=%2Fwp%2Fv2%2Fcategories&post=4407"},{"taxonomy":"post_tag","embeddable":true,"href":"https:\/\/fmtinkunaco.ar\/index.php?rest_route=%2Fwp%2Fv2%2Ftags&post=4407"}],"curies":[{"name":"wp","href":"https:\/\/api.w.org\/{rel}","templated":true}]}}