{"id":4409,"date":"2022-02-17T14:40:29","date_gmt":"2022-02-17T17:40:29","guid":{"rendered":"http:\/\/fmtinkunaco.com.ar\/?p=4349"},"modified":"2022-02-17T14:40:29","modified_gmt":"2022-02-17T17:40:29","slug":"trabajadores-y-trabajadoras-ferroviarias-por-una-ley-de-trasporte","status":"publish","type":"post","link":"https:\/\/fmtinkunaco.ar\/?p=4409","title":{"rendered":"Trabajadores y trabajadoras ferroviarias por una Ley de Transporte"},"content":{"rendered":"<p>En el marco de la situaci\u00f3n actual de los servicios ferroviarios de las diferentes l\u00edneas, trabajadores y trabajadoras ferroviarias sostienen que es elemental una Ley de Transporte que organice el sistema en su conjunto.<\/p>\n<p>En di\u00e1logo con el programa radial \u201cEncuentro con las Noticias\u201d, Alejandro Alvite, integrante del Movimiento Nacional Ferroviario (MONAFE) y maquinista del Tren San Mart\u00edn, describi\u00f3 la situaci\u00f3n actual de los servicios ferroviarios, <em>\u201cTenemos algunos problemas con las formaciones, los problemas en el San Mart\u00edn en particular se suscitan por las formaciones, por las locomotoras y por los problemas de se\u00f1alamiento y es la caracter\u00edstica general que ha dado desde el 2015 que es cuando llegaron estos trenes o 2014 cuando los trenes chinos empezaron a funcionar y r\u00e1pidamente empezaron a mostrar algunas falencias. Las causas son diversas pero a su vez esto esta acompa\u00f1ado de una pol\u00edtica que va relacionada con la forma de mirar la realidad.<\/em><\/p>\n<p>Alvite, adem\u00e1s, sostuvo <em>\u201cCreemos que lo que nos falta es una Ley que organice el sistema de transporte, si no te paso lo que paso ayer con el Sarmiento que estuvo en una medida de fuerza que afecto a m\u00e1s de 300 mil usuarios, despu\u00e9s ten\u00e9s los problemas particulares en el Urquiza, en el Belgrano Norte, en el San Mart\u00edn, todo segmentado sin una planificaci\u00f3n general que pueda programar y proyectar\u00a0 a mediano y corto plazo cual es la salida para esta situaci\u00f3n; creemos que hay que trabajar mucho en ese tema\u201d.<\/em><\/p>\n<p>En cuanto al Tren San Mart\u00edn, Alejandro Alvite, record\u00f3 que actualmente hay dos estaciones que se encuentran fuera de servicio <em>\u201cEn Villa Crespo y en La Paternal sigue sin parar, la idea de ellos es que a mediados de a\u00f1o se pueda inaugurar una de esas estaciones. A mediado de a\u00f1o significar\u00eda m\u00e1s de dos a\u00f1os sin estaciones, en junio es el aniversario de que se cerraron estas estaciones as\u00ed que creemos que hay una cuesti\u00f3n de gesti\u00f3n\u201d.<\/em><\/p>\n<p>Compartimos la entrevista completa<\/p>\n<p><a href=\"https:\/\/archive.org\/details\/audio-alejandro-alvite-17-02-2022\">Descargar<\/a><\/p>\n<audio class=\"wp-audio-shortcode\" id=\"audio-4409-2\" preload=\"none\" style=\"width: 100%;\" controls=\"controls\"><source type=\"audio\/mpeg\" src=\"https:\/\/archive.org\/download\/audio-alejandro-alvite-17-02-2022\/AUDIO%20-%20ALEJANDRO%20ALVITE%2017%2002%202022.mp3?_=2\" \/><a href=\"https:\/\/archive.org\/download\/audio-alejandro-alvite-17-02-2022\/AUDIO%20-%20ALEJANDRO%20ALVITE%2017%2002%202022.mp3\">https:\/\/archive.org\/download\/audio-alejandro-alvite-17-02-2022\/AUDIO%20-%20ALEJANDRO%20ALVITE%2017%2002%202022.mp3<\/a><\/audio>\n<div class=\"powerpress_player\" id=\"powerpress_player_3157\"><audio class=\"wp-audio-shortcode\" id=\"audio-4409-1\" preload=\"none\" style=\"width: 100%;\" controls=\"controls\"><source type=\"audio\/mpeg\" src=\"https:\/\/archive.org\/download\/audio-alejandro-alvite-17-02-2022\/AUDIO%20-%20ALEJANDRO%20ALVITE%2017%2002%202022.mp3?_=1\" \/><a href=\"https:\/\/archive.org\/download\/audio-alejandro-alvite-17-02-2022\/AUDIO%20-%20ALEJANDRO%20ALVITE%2017%2002%202022.mp3\">https:\/\/archive.org\/download\/audio-alejandro-alvite-17-02-2022\/AUDIO%20-%20ALEJANDRO%20ALVITE%2017%2002%202022.mp3<\/a><\/audio><\/div><p class=\"powerpress_links powerpress_links_mp3\" style=\"margin-bottom: 1px !important;\">Podcast: <a href=\"https:\/\/archive.org\/download\/audio-alejandro-alvite-17-02-2022\/AUDIO%20-%20ALEJANDRO%20ALVITE%2017%2002%202022.mp3\" class=\"powerpress_link_pinw\" target=\"_blank\" title=\"Reproducir en una nueva ventana\" onclick=\"return powerpress_pinw('https:\/\/fmtinkunaco.ar\/?powerpress_pinw=4409-podcast');\" rel=\"nofollow\">Reproducir en una nueva ventana<\/a> | <a href=\"https:\/\/archive.org\/download\/audio-alejandro-alvite-17-02-2022\/AUDIO%20-%20ALEJANDRO%20ALVITE%2017%2002%202022.mp3\" class=\"powerpress_link_d\" title=\"Descargar\" rel=\"nofollow\" download=\"AUDIO%20-%20ALEJANDRO%20ALVITE%2017%2002%202022.mp3\">Descargar<\/a><\/p>","protected":false},"excerpt":{"rendered":"<p>En el marco de la situaci\u00f3n actual de los servicios ferroviarios de las diferentes l\u00edneas, trabajadores y trabajadoras ferroviarias sostienen que es elemental una Ley de Transporte que organice el sistema en su conjunto. En di\u00e1logo con el programa radial \u201cEncuentro con las Noticias\u201d, Alejandro Alvite, integrante del Movimiento Nacional Ferroviario (MONAFE) y maquinista del [&hellip;]<\/p>\n","protected":false},"author":1,"featured_media":4047,"comment_status":"open","ping_status":"open","sticky":false,"template":"","format":"standard","meta":{"footnotes":""},"categories":[9],"tags":[],"class_list":["post-4409","post","type-post","status-publish","format-standard","has-post-thumbnail","hentry","category-sociedad"],"_links":{"self":[{"href":"https:\/\/fmtinkunaco.ar\/index.php?rest_route=\/wp\/v2\/posts\/4409","targetHints":{"allow":["GET"]}}],"collection":[{"href":"https:\/\/fmtinkunaco.ar\/index.php?rest_route=\/wp\/v2\/posts"}],"about":[{"href":"https:\/\/fmtinkunaco.ar\/index.php?rest_route=\/wp\/v2\/types\/post"}],"author":[{"embeddable":true,"href":"https:\/\/fmtinkunaco.ar\/index.php?rest_route=\/wp\/v2\/users\/1"}],"replies":[{"embeddable":true,"href":"https:\/\/fmtinkunaco.ar\/index.php?rest_route=%2Fwp%2Fv2%2Fcomments&post=4409"}],"version-history":[{"count":0,"href":"https:\/\/fmtinkunaco.ar\/index.php?rest_route=\/wp\/v2\/posts\/4409\/revisions"}],"wp:featuredmedia":[{"embeddable":true,"href":"https:\/\/fmtinkunaco.ar\/index.php?rest_route=\/"}],"wp:attachment":[{"href":"https:\/\/fmtinkunaco.ar\/index.php?rest_route=%2Fwp%2Fv2%2Fmedia&parent=4409"}],"wp:term":[{"taxonomy":"category","embeddable":true,"href":"https:\/\/fmtinkunaco.ar\/index.php?rest_route=%2Fwp%2Fv2%2Fcategories&post=4409"},{"taxonomy":"post_tag","embeddable":true,"href":"https:\/\/fmtinkunaco.ar\/index.php?rest_route=%2Fwp%2Fv2%2Ftags&post=4409"}],"curies":[{"name":"wp","href":"https:\/\/api.w.org\/{rel}","templated":true}]}}