{"id":4413,"date":"2022-02-23T11:24:47","date_gmt":"2022-02-23T14:24:47","guid":{"rendered":"http:\/\/fmtinkunaco.com.ar\/?p=4365"},"modified":"2022-02-23T11:24:47","modified_gmt":"2022-02-23T14:24:47","slug":"el-municipio-de-malvinas-argentinas-quiere-trasladar-un-club-de-20-anos-de-historia","status":"publish","type":"post","link":"https:\/\/fmtinkunaco.ar\/?p=4413","title":{"rendered":"El Municipio de Malvinas Argentinas quiere trasladar un Club de 20 a\u00f1os de historia"},"content":{"rendered":"<p>El Club Social y Deportivo 1\u00b0 de mayo, ubicado en el municipio de Malvinas Argentinas, se encuentra denunciando que las autoridades municipales les informaron que el club ser\u00e1 trasladado y en el lugar se llevar\u00e1 adelante un plan de viviendas.<\/p>\n<p>El club es autogestivo, tiene m\u00e1s de 20 a\u00f1os de historia y trabajo en el territorio y la decisi\u00f3n comunicada por el municipio es Malvinas se tom\u00f3 de manera unilateral.<\/p>\n<p>En di\u00e1logo con el programa radial \u201cEncuentro con las Noticias\u201d, Pablo Pizarro, integrante de la Comisi\u00f3n 1\u00b0 de mayo, se refiri\u00f3 a lo comunicado por el municipio, <em>\u201cEl municipio la otra vez nos llam\u00f3 a una reuni\u00f3n, nos convoca a una reuni\u00f3n hace aproximadamente dos semanas y nos comunic\u00f3 de la noche a la ma\u00f1ana que hay un proyecto de un plan de viviendas, que se van a hacer 647 casas y ellos tienen destinado hacerlo ah\u00ed y a nosotros nos quieren correr del lugar, a 500\/600 metros; nos quieren trasladar a otro barrio que no es el nuestro y van a tirar toda la edificaci\u00f3n que hicimos nosotros ya hace 20 a\u00f1os y a nosotros nos cost\u00f3 mucho sacrificio eso y nos quieren correr de lugar<\/em>\u201d.<\/p>\n<p>Pizarro, remarc\u00f3, <em>\u201cNosotros no nos oponemos al plan de vivienda, nosotros lo que queremos es que respeten nuestro espacio y queremos defenderlo porque la verdad es que nos cost\u00f3 mucho sacrificio, nosotros de verdad trabajamos a pulm\u00f3n toda la vida, jam\u00e1s hemos hecho pol\u00edtica con nadie y siempre nos manejamos independiente con la ayuda de los padres, haciendo campeonatos de truca, futbol, de penales, pe\u00f1as, bingos, rifas, hicimos venta de empanadas y locro para que tengamos nuestro lugar ah\u00ed en el club y hacer un club digno\u201d.<\/em><\/p>\n<p>El Club est\u00e1 ubicado en Grand Bourg y actualmente tiene futbol sin g\u00e9nero para todas las edades y el proyecto es seguir incorporando deportes.<\/p>\n<p>Finalmente, Pablo Pizarro, se refiri\u00f3 a las pr\u00f3ximas acciones de la comunidad del club,<em> \u201cNosotros estamos juntando firmas, lo estamos haciendo viral para que la gente lo apoye porque la verdad que nosotros no queremos tener ning\u00fan problema con el municipio, ni con nadie. Somos gente de bien, trabajadora, y queremos llegar a buen puerto, nosotros queremos que ellos reflexionen y que nos dejen a donde estamos nosotros\u201d.<br \/>\n<\/em><br \/>\nCompartimos la entrevista completa<\/p>\n<p><a href=\"https:\/\/archive.org\/details\/audio-pablo-pizarro-comision-1-de-mayo-23-02-2022\">Descargar<\/a><\/p>\n<audio class=\"wp-audio-shortcode\" id=\"audio-4413-2\" preload=\"none\" style=\"width: 100%;\" controls=\"controls\"><source type=\"audio\/mpeg\" src=\"https:\/\/archive.org\/download\/audio-pablo-pizarro-comision-1-de-mayo-23-02-2022\/AUDIO%20-%20PABLO%20PIZARRO%20%28COMISION%201%20DE%20MAYO%29%2023%2002%202022.mp3?_=2\" \/><a href=\"https:\/\/archive.org\/download\/audio-pablo-pizarro-comision-1-de-mayo-23-02-2022\/AUDIO%20-%20PABLO%20PIZARRO%20%28COMISION%201%20DE%20MAYO%29%2023%2002%202022.mp3\">https:\/\/archive.org\/download\/audio-pablo-pizarro-comision-1-de-mayo-23-02-2022\/AUDIO%20-%20PABLO%20PIZARRO%20%28COMISION%201%20DE%20MAYO%29%2023%2002%202022.mp3<\/a><\/audio>\n<div class=\"powerpress_player\" id=\"powerpress_player_4295\"><audio class=\"wp-audio-shortcode\" id=\"audio-4413-1\" preload=\"none\" style=\"width: 100%;\" controls=\"controls\"><source type=\"audio\/mpeg\" src=\"https:\/\/archive.org\/download\/audio-pablo-pizarro-comision-1-de-mayo-23-02-2022\/AUDIO%20-%20PABLO%20PIZARRO%20%28COMISION%201%20DE%20MAYO%29%2023%2002%202022.mp3?_=1\" \/><a href=\"https:\/\/archive.org\/download\/audio-pablo-pizarro-comision-1-de-mayo-23-02-2022\/AUDIO%20-%20PABLO%20PIZARRO%20%28COMISION%201%20DE%20MAYO%29%2023%2002%202022.mp3\">https:\/\/archive.org\/download\/audio-pablo-pizarro-comision-1-de-mayo-23-02-2022\/AUDIO%20-%20PABLO%20PIZARRO%20%28COMISION%201%20DE%20MAYO%29%2023%2002%202022.mp3<\/a><\/audio><\/div><p class=\"powerpress_links powerpress_links_mp3\" style=\"margin-bottom: 1px !important;\">Podcast: <a href=\"https:\/\/archive.org\/download\/audio-pablo-pizarro-comision-1-de-mayo-23-02-2022\/AUDIO%20-%20PABLO%20PIZARRO%20%28COMISION%201%20DE%20MAYO%29%2023%2002%202022.mp3\" class=\"powerpress_link_pinw\" target=\"_blank\" title=\"Reproducir en una nueva ventana\" onclick=\"return powerpress_pinw('https:\/\/fmtinkunaco.ar\/?powerpress_pinw=4413-podcast');\" rel=\"nofollow\">Reproducir en una nueva ventana<\/a> | <a href=\"https:\/\/archive.org\/download\/audio-pablo-pizarro-comision-1-de-mayo-23-02-2022\/AUDIO%20-%20PABLO%20PIZARRO%20%28COMISION%201%20DE%20MAYO%29%2023%2002%202022.mp3\" class=\"powerpress_link_d\" title=\"Descargar\" rel=\"nofollow\" download=\"AUDIO%20-%20PABLO%20PIZARRO%20%28COMISION%201%20DE%20MAYO%29%2023%2002%202022.mp3\">Descargar<\/a><\/p>","protected":false},"excerpt":{"rendered":"<p>El Club Social y Deportivo 1\u00b0 de mayo, ubicado en el municipio de Malvinas Argentinas, se encuentra denunciando que las autoridades municipales les informaron que el club ser\u00e1 trasladado y en el lugar se llevar\u00e1 adelante un plan de viviendas. El club es autogestivo, tiene m\u00e1s de 20 a\u00f1os de historia y trabajo en el [&hellip;]<\/p>\n","protected":false},"author":1,"featured_media":4366,"comment_status":"open","ping_status":"open","sticky":false,"template":"","format":"standard","meta":{"footnotes":""},"categories":[3,4],"tags":[],"class_list":["post-4413","post","type-post","status-publish","format-standard","has-post-thumbnail","hentry","category-cultura","category-derechos-humanos"],"_links":{"self":[{"href":"https:\/\/fmtinkunaco.ar\/index.php?rest_route=\/wp\/v2\/posts\/4413","targetHints":{"allow":["GET"]}}],"collection":[{"href":"https:\/\/fmtinkunaco.ar\/index.php?rest_route=\/wp\/v2\/posts"}],"about":[{"href":"https:\/\/fmtinkunaco.ar\/index.php?rest_route=\/wp\/v2\/types\/post"}],"author":[{"embeddable":true,"href":"https:\/\/fmtinkunaco.ar\/index.php?rest_route=\/wp\/v2\/users\/1"}],"replies":[{"embeddable":true,"href":"https:\/\/fmtinkunaco.ar\/index.php?rest_route=%2Fwp%2Fv2%2Fcomments&post=4413"}],"version-history":[{"count":0,"href":"https:\/\/fmtinkunaco.ar\/index.php?rest_route=\/wp\/v2\/posts\/4413\/revisions"}],"wp:featuredmedia":[{"embeddable":true,"href":"https:\/\/fmtinkunaco.ar\/index.php?rest_route=\/wp\/v2\/posts\/4366"}],"wp:attachment":[{"href":"https:\/\/fmtinkunaco.ar\/index.php?rest_route=%2Fwp%2Fv2%2Fmedia&parent=4413"}],"wp:term":[{"taxonomy":"category","embeddable":true,"href":"https:\/\/fmtinkunaco.ar\/index.php?rest_route=%2Fwp%2Fv2%2Fcategories&post=4413"},{"taxonomy":"post_tag","embeddable":true,"href":"https:\/\/fmtinkunaco.ar\/index.php?rest_route=%2Fwp%2Fv2%2Ftags&post=4413"}],"curies":[{"name":"wp","href":"https:\/\/api.w.org\/{rel}","templated":true}]}}