{"id":4419,"date":"2022-03-03T15:12:59","date_gmt":"2022-03-03T18:12:59","guid":{"rendered":"http:\/\/fmtinkunaco.com.ar\/?p=4385"},"modified":"2022-03-03T15:12:59","modified_gmt":"2022-03-03T18:12:59","slug":"pilar-sigue-la-busqueda-de-belen-perez-y-la-familia-convoca-a-una-marcha","status":"publish","type":"post","link":"https:\/\/fmtinkunaco.ar\/?p=4419","title":{"rendered":"Pilar: Sigue la b\u00fasqueda de Bel\u00e9n P\u00e9rez y la familia convoca a una marcha"},"content":{"rendered":"<p>Bel\u00e9n P\u00e9rez es una joven de 22 a\u00f1os, vista por \u00faltima vez el 14 de enero mientras discut\u00eda con su pareja en el partido de Pilar.<\/p>\n<p>Ella es mam\u00e1 de dos hijos y se encuentra embarazada, transitando el sexto mes de embarazo.<\/p>\n<p>En di\u00e1logo con el programa radial \u201cEncuentro con las Noticias\u201d, Mar\u00eda de los \u00c1ngeles P\u00e9rez, hermana de Bel\u00e9n se refiri\u00f3 al d\u00eda que vieron por \u00faltima vez a la joven <em>\u201cNosotros la vimos por \u00faltima vez el 14 de enero, ella pasaba por el frente de mi casa y el marido la estaba golpeando, despu\u00e9s de ah\u00ed no sabemos m\u00e1s nada\u201d<\/em><\/p>\n<p>Mar\u00eda de los \u00c1ngeles P\u00e9rez, adem\u00e1s, explic\u00f3 que la denuncia se radico el 8 de febrero, <em>\u201cNosotros hicimos la denuncia el 8 de febrero porque el vino, yo la vi el 14 de enero y \u00e9l vino dos semanas despu\u00e9s de eso diciendo que Bel\u00e9n no estaba con \u00e9l, que se hab\u00eda ido y lo hab\u00eda dejado. Y yo le pregunte por mi hermana y \u00e9l me dijo que se levant\u00f3 un d\u00eda y se fue. Despu\u00e9s vivo otro d\u00eda y me dijo que no, que ella se fue a cobrar su asignaci\u00f3n y dijo que iba a volver y no volvi\u00f3, despu\u00e9s la hermana dice que \u00e9l le dejo los chicos y que despu\u00e9s apareci\u00f3 mi hermana, vio a los chicos y se fue y nunca m\u00e1s apareci\u00f3, as\u00ed que no se sabe\u201d.<\/em><\/p>\n<p>En lo que respecta la causa, P\u00e9rez, sostuvo <em>\u201cHasta ahora nos mostraron las c\u00e1maras de Del Viso porque detectaron movimientos en la tarjeta de mi hermana y es un chab\u00f3n de entre 45 y 50 a\u00f1os maso menos que aparece extrayendo el dinero pero no es mi hermana y el dijo que mi hermana se llev\u00f3 la tarjeta de cobro y la documentaci\u00f3n de los chicos y nosotros pensamos verla a ella en la grabaci\u00f3n pero no aparece ella. Se detectaron movimiento en Del Viso, en Pacheco, Tigre pero llegaron las c\u00e1maras de Del Viso no m\u00e1s porque dijeron que tomaba tiempo eso\u201d.<\/em><\/p>\n<p>En este marco, ma\u00f1ana viernes 4 de marzo, la familia de Bel\u00e9n convoca a una concentraci\u00f3n a partir de las 18 hs en Panamericana KM 46.<\/p>\n<p>Compartimos la entrevista completa<\/p>\n<p><a href=\"https:\/\/archive.org\/details\/audio-maria-de-los-angeles-perez-hermana-de-belen-03-03-2022\">Descargar<\/a><\/p>\n<audio class=\"wp-audio-shortcode\" id=\"audio-4419-2\" preload=\"none\" style=\"width: 100%;\" controls=\"controls\"><source type=\"audio\/mpeg\" src=\"https:\/\/archive.org\/download\/audio-maria-de-los-angeles-perez-hermana-de-belen-03-03-2022\/AUDIO%20-%20MARIA%20DE%20LOS%20ANGELES%20PEREZ%20%28HERMANA%20DE%20BELEN%29%2003%2003%202022.mp3?_=2\" \/><a href=\"https:\/\/archive.org\/download\/audio-maria-de-los-angeles-perez-hermana-de-belen-03-03-2022\/AUDIO%20-%20MARIA%20DE%20LOS%20ANGELES%20PEREZ%20%28HERMANA%20DE%20BELEN%29%2003%2003%202022.mp3\">https:\/\/archive.org\/download\/audio-maria-de-los-angeles-perez-hermana-de-belen-03-03-2022\/AUDIO%20-%20MARIA%20DE%20LOS%20ANGELES%20PEREZ%20%28HERMANA%20DE%20BELEN%29%2003%2003%202022.mp3<\/a><\/audio>\n<div class=\"powerpress_player\" id=\"powerpress_player_1557\"><audio class=\"wp-audio-shortcode\" id=\"audio-4419-1\" preload=\"none\" style=\"width: 100%;\" controls=\"controls\"><source type=\"audio\/mpeg\" src=\"https:\/\/archive.org\/download\/audio-maria-de-los-angeles-perez-hermana-de-belen-03-03-2022\/AUDIO%20-%20MARIA%20DE%20LOS%20ANGELES%20PEREZ%20%28HERMANA%20DE%20BELEN%29%2003%2003%202022.mp3?_=1\" \/><a href=\"https:\/\/archive.org\/download\/audio-maria-de-los-angeles-perez-hermana-de-belen-03-03-2022\/AUDIO%20-%20MARIA%20DE%20LOS%20ANGELES%20PEREZ%20%28HERMANA%20DE%20BELEN%29%2003%2003%202022.mp3\">https:\/\/archive.org\/download\/audio-maria-de-los-angeles-perez-hermana-de-belen-03-03-2022\/AUDIO%20-%20MARIA%20DE%20LOS%20ANGELES%20PEREZ%20%28HERMANA%20DE%20BELEN%29%2003%2003%202022.mp3<\/a><\/audio><\/div><p class=\"powerpress_links powerpress_links_mp3\" style=\"margin-bottom: 1px !important;\">Podcast: <a href=\"https:\/\/archive.org\/download\/audio-maria-de-los-angeles-perez-hermana-de-belen-03-03-2022\/AUDIO%20-%20MARIA%20DE%20LOS%20ANGELES%20PEREZ%20%28HERMANA%20DE%20BELEN%29%2003%2003%202022.mp3\" class=\"powerpress_link_pinw\" target=\"_blank\" title=\"Reproducir en una nueva ventana\" onclick=\"return powerpress_pinw('https:\/\/fmtinkunaco.ar\/?powerpress_pinw=4419-podcast');\" rel=\"nofollow\">Reproducir en una nueva ventana<\/a> | <a href=\"https:\/\/archive.org\/download\/audio-maria-de-los-angeles-perez-hermana-de-belen-03-03-2022\/AUDIO%20-%20MARIA%20DE%20LOS%20ANGELES%20PEREZ%20%28HERMANA%20DE%20BELEN%29%2003%2003%202022.mp3\" class=\"powerpress_link_d\" title=\"Descargar\" rel=\"nofollow\" download=\"AUDIO%20-%20MARIA%20DE%20LOS%20ANGELES%20PEREZ%20%28HERMANA%20DE%20BELEN%29%2003%2003%202022.mp3\">Descargar<\/a><\/p>","protected":false},"excerpt":{"rendered":"<p>Bel\u00e9n P\u00e9rez es una joven de 22 a\u00f1os, vista por \u00faltima vez el 14 de enero mientras discut\u00eda con su pareja en el partido de Pilar. Ella es mam\u00e1 de dos hijos y se encuentra embarazada, transitando el sexto mes de embarazo. En di\u00e1logo con el programa radial \u201cEncuentro con las Noticias\u201d, Mar\u00eda de los [&hellip;]<\/p>\n","protected":false},"author":1,"featured_media":4386,"comment_status":"open","ping_status":"open","sticky":false,"template":"","format":"standard","meta":{"footnotes":""},"categories":[6],"tags":[],"class_list":["post-4419","post","type-post","status-publish","format-standard","has-post-thumbnail","hentry","category-genero"],"_links":{"self":[{"href":"https:\/\/fmtinkunaco.ar\/index.php?rest_route=\/wp\/v2\/posts\/4419","targetHints":{"allow":["GET"]}}],"collection":[{"href":"https:\/\/fmtinkunaco.ar\/index.php?rest_route=\/wp\/v2\/posts"}],"about":[{"href":"https:\/\/fmtinkunaco.ar\/index.php?rest_route=\/wp\/v2\/types\/post"}],"author":[{"embeddable":true,"href":"https:\/\/fmtinkunaco.ar\/index.php?rest_route=\/wp\/v2\/users\/1"}],"replies":[{"embeddable":true,"href":"https:\/\/fmtinkunaco.ar\/index.php?rest_route=%2Fwp%2Fv2%2Fcomments&post=4419"}],"version-history":[{"count":0,"href":"https:\/\/fmtinkunaco.ar\/index.php?rest_route=\/wp\/v2\/posts\/4419\/revisions"}],"wp:featuredmedia":[{"embeddable":true,"href":"https:\/\/fmtinkunaco.ar\/index.php?rest_route=\/wp\/v2\/posts\/4386"}],"wp:attachment":[{"href":"https:\/\/fmtinkunaco.ar\/index.php?rest_route=%2Fwp%2Fv2%2Fmedia&parent=4419"}],"wp:term":[{"taxonomy":"category","embeddable":true,"href":"https:\/\/fmtinkunaco.ar\/index.php?rest_route=%2Fwp%2Fv2%2Fcategories&post=4419"},{"taxonomy":"post_tag","embeddable":true,"href":"https:\/\/fmtinkunaco.ar\/index.php?rest_route=%2Fwp%2Fv2%2Ftags&post=4419"}],"curies":[{"name":"wp","href":"https:\/\/api.w.org\/{rel}","templated":true}]}}