{"id":4420,"date":"2022-03-04T14:24:29","date_gmt":"2022-03-04T17:24:29","guid":{"rendered":"http:\/\/fmtinkunaco.com.ar\/?p=4389"},"modified":"2022-03-04T14:24:29","modified_gmt":"2022-03-04T17:24:29","slug":"la-asamblea-feminista-conurbana-noroeste-convoca-a-un-nuevo-8m","status":"publish","type":"post","link":"https:\/\/fmtinkunaco.ar\/?p=4420","title":{"rendered":"La Asamblea Feminista Conurbana Noroeste convoca a un nuevo 8M"},"content":{"rendered":"<p>Desde hace semanas, la Asamblea Feminista Conurbana Noroeste, se viene organizando camino a la convocatoria para un nuevo 8M.<\/p>\n<p>La Asamblea convoca el martes 8 de Marzo, a partir de las 17 hs, a una concentraci\u00f3n en la Plaza de San Miguel con una posterior marcha hasta la Plaza de Mu\u00f1iz.<\/p>\n<p>En di\u00e1logo con el programa radial \u201cEncuentro con las Noticias\u201d, Cecilia Falc\u00f3n, integrante de la Asamblea Feminista Conurbana Noroeste, se refiri\u00f3 a las asambleas preparatorias, <em>\u201cTratando de generar convocar\u00eda, tambi\u00e9n para que se sumen m\u00e1s compas al espacio de planificaci\u00f3n porque venimos de estos dos a\u00f1os medios raros entonces tratando de reactivar de manera presencial, ven\u00edamos haci\u00e9ndolas virtuales. Pudimos sostener bastantes acciones, igual, dentro de lo que fue el marco de la pandemia; as\u00ed que retomamos ahora para el 8M y retomamos presenciales lo cual nos da una alegr\u00eda enorme encontrarnos\u201d.<\/em><\/p>\n<p>Falc\u00f3n, adem\u00e1s remarco una de las demandas, <em>\u201cEstamos a una muerta por d\u00eda tambi\u00e9n, situaciones de violencia extrema en Jos\u00e9. C. Paz tambi\u00e9n, donde no hay una Direcci\u00f3n de la Mujer que se puedan acercar o las disidencias y los niveles de violencia son muy altos as\u00ed que todo esto va a estar en el documento que vamos a leer el 8 antes de salir a marchar porque es lo que queremos seguir exigiendo, que los territorios no sean olvidados, que se puedan hacer efectivos los derechos que fuimos ganando que es sumamente necesario para que no siga pasando lo que pasa todos los d\u00edas\u201d. \u00a0\u00a0<\/em><\/p>\n<p>Finalmente, Cecilia Falc\u00f3n, se refiri\u00f3 a la convocatoria <em>\u201cEstamos convocando a las 17hs en la Plaza San Miguel, estamos pensando un trenazo con las compas que vienen de Jos\u00e9. C. Paz. La marcha se va a realizar posteriormente, la convocatoria es a las 17hs con algunas intervenciones art\u00edsticas, va a haber futbol, algunas cosas que podamos utilizar ah\u00ed, est\u00e1n las consignas que tambi\u00e9n compartimos, repartimos el recursero de los centros de salud donde si sabemos que se garantiza la interrupci\u00f3n voluntaria del embarazo y donde hay un acompa\u00f1amiento con perspectiva de g\u00e9nero que es tambi\u00e9n lo que queremos visibilizar. Para despu\u00e9s marchar a las 18hs hacia la Plaza Mu\u00f1iz, como todos los a\u00f1os, y ah\u00ed desconcentrar y ver si podemos hacer alg\u00fan cierre copado\u201d.<\/em><\/p>\n<p>La consigna m\u00e1s significante, a nivel nacional, para este 8M es \u201cLibres y desendeudadas nos queremos\u201d!<\/p>\n<p>&nbsp;<\/p>\n<p>&nbsp;<\/p>\n","protected":false},"excerpt":{"rendered":"<p>Desde hace semanas, la Asamblea Feminista Conurbana Noroeste, se viene organizando camino a la convocatoria para un nuevo 8M. La Asamblea convoca el martes 8 de Marzo, a partir de las 17 hs, a una concentraci\u00f3n en la Plaza de San Miguel con una posterior marcha hasta la Plaza de Mu\u00f1iz. En di\u00e1logo con el [&hellip;]<\/p>\n","protected":false},"author":1,"featured_media":4390,"comment_status":"open","ping_status":"open","sticky":false,"template":"","format":"standard","meta":{"footnotes":""},"categories":[6],"tags":[],"class_list":["post-4420","post","type-post","status-publish","format-standard","has-post-thumbnail","hentry","category-genero"],"_links":{"self":[{"href":"https:\/\/fmtinkunaco.ar\/index.php?rest_route=\/wp\/v2\/posts\/4420","targetHints":{"allow":["GET"]}}],"collection":[{"href":"https:\/\/fmtinkunaco.ar\/index.php?rest_route=\/wp\/v2\/posts"}],"about":[{"href":"https:\/\/fmtinkunaco.ar\/index.php?rest_route=\/wp\/v2\/types\/post"}],"author":[{"embeddable":true,"href":"https:\/\/fmtinkunaco.ar\/index.php?rest_route=\/wp\/v2\/users\/1"}],"replies":[{"embeddable":true,"href":"https:\/\/fmtinkunaco.ar\/index.php?rest_route=%2Fwp%2Fv2%2Fcomments&post=4420"}],"version-history":[{"count":0,"href":"https:\/\/fmtinkunaco.ar\/index.php?rest_route=\/wp\/v2\/posts\/4420\/revisions"}],"wp:featuredmedia":[{"embeddable":true,"href":"https:\/\/fmtinkunaco.ar\/index.php?rest_route=\/wp\/v2\/posts\/4390"}],"wp:attachment":[{"href":"https:\/\/fmtinkunaco.ar\/index.php?rest_route=%2Fwp%2Fv2%2Fmedia&parent=4420"}],"wp:term":[{"taxonomy":"category","embeddable":true,"href":"https:\/\/fmtinkunaco.ar\/index.php?rest_route=%2Fwp%2Fv2%2Fcategories&post=4420"},{"taxonomy":"post_tag","embeddable":true,"href":"https:\/\/fmtinkunaco.ar\/index.php?rest_route=%2Fwp%2Fv2%2Ftags&post=4420"}],"curies":[{"name":"wp","href":"https:\/\/api.w.org\/{rel}","templated":true}]}}