{"id":4421,"date":"2022-03-07T13:34:20","date_gmt":"2022-03-07T16:34:20","guid":{"rendered":"http:\/\/fmtinkunaco.com.ar\/?p=4393"},"modified":"2022-03-07T13:34:20","modified_gmt":"2022-03-07T16:34:20","slug":"inicia-el-juicio-contra-eva-analia-de-jesus-higui","status":"publish","type":"post","link":"https:\/\/fmtinkunaco.ar\/?p=4421","title":{"rendered":"Inicia el juicio contra Eva Anal\u00eda de Jes\u00fas \u201cHigui\u201d"},"content":{"rendered":"<p>Eva Anal\u00eda de Jes\u00fas \u201cHigui\u201d es una lesbiana hostigada, violentada y amenazada por un grupo de varones que el 16 de octubre del 2016 la atacaron e intentaron violar con el objetivo de \u201ccorregirla\u201d.<\/p>\n<p>Durante ese ataque, Higui se defiende leg\u00edtimamente hiriendo de muerte a uno de ellos. Ella es denunciada por este grupo de hombres y la polic\u00eda, sin previa investigaci\u00f3n, la detiene por Homicidio Simple.<\/p>\n<p>Gracias a la lucha de organizaciones de lesbianas, el movimiento feminista y transfeminista, en junio del 2017 la C\u00e1mara de Apelaciones de San Mart\u00edn le concedi\u00f3 la excarcelaci\u00f3n extraordinaria para esperar el juicio oral en libertad.<\/p>\n<p>El pr\u00f3ximo 15 de marzo inicia el juicio.<\/p>\n<p>En di\u00e1logo con el programa radial \u201cEncuentro con las Noticias\u201d, Lorena Sastre, integrante de la Campa\u00f1a por la Absoluci\u00f3n de Higui y del Frente Docente Disidente, se refiri\u00f3 al juicio <em>\u201cVan a ser las fechas del 15, 16 y 17, estamos todav\u00eda a la espera para la fecha de los alegatos, creemos que los alegatos van a ser el 22 de marzo o a partir del 22 de marzo pero desde la Campa\u00f1a por la Absoluci\u00f3n de Higui estamos convocando para el 15, 16 y 17 en los Tribunales de Congreso y en el Tribunal Oral Criminal 7 que es donde est\u00e1 radicada la causa\u201d.<\/em><\/p>\n<p>Sastre, adem\u00e1s, convoca a una vigilia <em>\u201cLo que estamos organizando es una vigilia durante los d\u00edas de juicio acompa\u00f1ando a Higui, sosteniendo distintas actividades culturales, f\u00fatbol, radio abierta, conversatorio y artistas que se van a ir acercando los d\u00edas del juicio. Probablemente estemos cortando la ruta 8 que es la calle del Tribunal de San Mart\u00edn para poder garantizar un espacio cuidado para esos d\u00edas de juicio. As\u00ed que estamos poniendo toda la energ\u00eda para poder estar en esas fechas\u201d.<\/em><\/p>\n<p>La Doctora Gabriela Conder, abogada de Higui, realiz\u00f3 el pedido a los tribunales de San Mart\u00edn de la sala principal para que se garantice que el juicio sea efectivamente p\u00fablico y presencial.<\/p>\n<p>Compartimos la entrevista completa<\/p>\n<p><a href=\"https:\/\/archive.org\/details\/audio-lorena-sastre-campana-absolucion-de-higui-07-03-2022\">Descargar<\/a><\/p>\n<audio class=\"wp-audio-shortcode\" id=\"audio-4421-2\" preload=\"none\" style=\"width: 100%;\" controls=\"controls\"><source type=\"audio\/mpeg\" src=\"https:\/\/archive.org\/download\/audio-lorena-sastre-campana-absolucion-de-higui-07-03-2022\/AUDIO%20-%20LORENA%20SASTRE%20%28CAMPANA%20ABSOLUCION%20DE%20HIGUI%29%2007%2003%202022.mp3?_=2\" \/><a href=\"https:\/\/archive.org\/download\/audio-lorena-sastre-campana-absolucion-de-higui-07-03-2022\/AUDIO%20-%20LORENA%20SASTRE%20%28CAMPANA%20ABSOLUCION%20DE%20HIGUI%29%2007%2003%202022.mp3\">https:\/\/archive.org\/download\/audio-lorena-sastre-campana-absolucion-de-higui-07-03-2022\/AUDIO%20-%20LORENA%20SASTRE%20%28CAMPANA%20ABSOLUCION%20DE%20HIGUI%29%2007%2003%202022.mp3<\/a><\/audio>\n<p>&nbsp;<\/p>\n<div class=\"powerpress_player\" id=\"powerpress_player_5367\"><audio class=\"wp-audio-shortcode\" id=\"audio-4421-1\" preload=\"none\" style=\"width: 100%;\" controls=\"controls\"><source type=\"audio\/mpeg\" src=\"https:\/\/archive.org\/download\/audio-lorena-sastre-campana-absolucion-de-higui-07-03-2022\/AUDIO%20-%20LORENA%20SASTRE%20%28CAMPANA%20ABSOLUCION%20DE%20HIGUI%29%2007%2003%202022.mp3?_=1\" \/><a href=\"https:\/\/archive.org\/download\/audio-lorena-sastre-campana-absolucion-de-higui-07-03-2022\/AUDIO%20-%20LORENA%20SASTRE%20%28CAMPANA%20ABSOLUCION%20DE%20HIGUI%29%2007%2003%202022.mp3\">https:\/\/archive.org\/download\/audio-lorena-sastre-campana-absolucion-de-higui-07-03-2022\/AUDIO%20-%20LORENA%20SASTRE%20%28CAMPANA%20ABSOLUCION%20DE%20HIGUI%29%2007%2003%202022.mp3<\/a><\/audio><\/div><p class=\"powerpress_links powerpress_links_mp3\" style=\"margin-bottom: 1px !important;\">Podcast: <a href=\"https:\/\/archive.org\/download\/audio-lorena-sastre-campana-absolucion-de-higui-07-03-2022\/AUDIO%20-%20LORENA%20SASTRE%20%28CAMPANA%20ABSOLUCION%20DE%20HIGUI%29%2007%2003%202022.mp3\" class=\"powerpress_link_pinw\" target=\"_blank\" title=\"Reproducir en una nueva ventana\" onclick=\"return powerpress_pinw('https:\/\/fmtinkunaco.ar\/?powerpress_pinw=4421-podcast');\" rel=\"nofollow\">Reproducir en una nueva ventana<\/a> | <a href=\"https:\/\/archive.org\/download\/audio-lorena-sastre-campana-absolucion-de-higui-07-03-2022\/AUDIO%20-%20LORENA%20SASTRE%20%28CAMPANA%20ABSOLUCION%20DE%20HIGUI%29%2007%2003%202022.mp3\" class=\"powerpress_link_d\" title=\"Descargar\" rel=\"nofollow\" download=\"AUDIO%20-%20LORENA%20SASTRE%20%28CAMPANA%20ABSOLUCION%20DE%20HIGUI%29%2007%2003%202022.mp3\">Descargar<\/a><\/p>","protected":false},"excerpt":{"rendered":"<p>Eva Anal\u00eda de Jes\u00fas \u201cHigui\u201d es una lesbiana hostigada, violentada y amenazada por un grupo de varones que el 16 de octubre del 2016 la atacaron e intentaron violar con el objetivo de \u201ccorregirla\u201d. Durante ese ataque, Higui se defiende leg\u00edtimamente hiriendo de muerte a uno de ellos. Ella es denunciada por este grupo de [&hellip;]<\/p>\n","protected":false},"author":1,"featured_media":4394,"comment_status":"open","ping_status":"open","sticky":false,"template":"","format":"standard","meta":{"footnotes":""},"categories":[6],"tags":[],"class_list":["post-4421","post","type-post","status-publish","format-standard","has-post-thumbnail","hentry","category-genero"],"_links":{"self":[{"href":"https:\/\/fmtinkunaco.ar\/index.php?rest_route=\/wp\/v2\/posts\/4421","targetHints":{"allow":["GET"]}}],"collection":[{"href":"https:\/\/fmtinkunaco.ar\/index.php?rest_route=\/wp\/v2\/posts"}],"about":[{"href":"https:\/\/fmtinkunaco.ar\/index.php?rest_route=\/wp\/v2\/types\/post"}],"author":[{"embeddable":true,"href":"https:\/\/fmtinkunaco.ar\/index.php?rest_route=\/wp\/v2\/users\/1"}],"replies":[{"embeddable":true,"href":"https:\/\/fmtinkunaco.ar\/index.php?rest_route=%2Fwp%2Fv2%2Fcomments&post=4421"}],"version-history":[{"count":0,"href":"https:\/\/fmtinkunaco.ar\/index.php?rest_route=\/wp\/v2\/posts\/4421\/revisions"}],"wp:featuredmedia":[{"embeddable":true,"href":"https:\/\/fmtinkunaco.ar\/index.php?rest_route=\/wp\/v2\/posts\/4394"}],"wp:attachment":[{"href":"https:\/\/fmtinkunaco.ar\/index.php?rest_route=%2Fwp%2Fv2%2Fmedia&parent=4421"}],"wp:term":[{"taxonomy":"category","embeddable":true,"href":"https:\/\/fmtinkunaco.ar\/index.php?rest_route=%2Fwp%2Fv2%2Fcategories&post=4421"},{"taxonomy":"post_tag","embeddable":true,"href":"https:\/\/fmtinkunaco.ar\/index.php?rest_route=%2Fwp%2Fv2%2Ftags&post=4421"}],"curies":[{"name":"wp","href":"https:\/\/api.w.org\/{rel}","templated":true}]}}