{"id":4422,"date":"2022-03-09T10:51:17","date_gmt":"2022-03-09T13:51:17","guid":{"rendered":"http:\/\/fmtinkunaco.com.ar\/?p=4396"},"modified":"2022-03-09T10:51:17","modified_gmt":"2022-03-09T13:51:17","slug":"8m-centenares-de-mujeres-se-movilizaron-en-el-territorio-contra-la-violencia-machista","status":"publish","type":"post","link":"https:\/\/fmtinkunaco.ar\/?p=4422","title":{"rendered":"8M: Centenares de mujeres se movilizaron en el territorio contra la violencia machista"},"content":{"rendered":"<p>Ayer, 8 de marzo, mujeres y feminidades de diversos espacios, organizaciones e independientes se concentraron y movilizaron en el territorio.<\/p>\n<p>La Asamblea Feminista Conurbana Noroeste concentro en la Plaza de San Miguel y posteriormente march\u00f3 hacia Mu\u00f1iz. Una columna importante lleg\u00f3 desde Sol y Verde y Jos\u00e9. C. Paz en un trenazo.<\/p>\n<p>La jornada de lucha, adem\u00e1s, cont\u00f3 con diferentes intervenciones art\u00edsticas y culmin\u00f3 con la lectura del documento.<\/p>\n<p>Compartimos algunos de los testimonios que recogi\u00f3 la FM Tinkunaco:<\/p>\n<p>Norma,<strong><em> \u201cSoy feminista de chiquita, aunque soy una se\u00f1ora grande, pertenezco a la John William Cooke y me siento muy contenta de ver que detr\u00e1s de nosotras vienen todas ustedes, y me parece que lo que hoy tenemos que pelear es contra el FMI. Me parece que eso es lo que nos va a empobrecer, va a empobrecer a las trabajadoras comunitarias, va a empobrecer a nuestros hijos porque por un lado nos matan los feminicidas, y por el otro el estado es un feminicida\u201d<\/em><\/strong>.<\/p>\n<p>Lourdes, <em><strong>\u201cVengo ac\u00e1 este a\u00f1o y es importante este 8M para todas las mujeres, para m\u00ed es un 8M muy triste, muy llen\u00f3 de bronca, muy lleno de desasosiego por todas las cosas que est\u00e1n pasando. (\u2026) Y bueno, quer\u00edamos estar presente en este plan tan lleno de mujeres y que nos llena de alegr\u00eda y de fuerzas\u201d<\/strong><\/em>.<\/p>\n<p>Marta, <em><strong>\u201cSoy de Juntas y a la Izquierda y estamos movilizadas, siempre, por el reclamo de todas las mujeres, seguimos en la lucha, no vamos a bajar los brazos. Se han logrado algunas conquistas parciales peor necesitamos que se apliquen a fondo todos los derechos que nos faltan por ley, que son la gran necesidad de las mujeres, precisamente la mujer es la que m\u00e1s sufre la discriminaci\u00f3n laboral, el acoso laboral, la violencia machista, necesitamos salir libres y seguras a las calles\u201d<\/strong><\/em>.<\/p>\n<p>Compartimos testimonios<\/p>\n<audio class=\"wp-audio-shortcode\" id=\"audio-4422-2\" preload=\"none\" style=\"width: 100%;\" controls=\"controls\"><source type=\"audio\/mpeg\" src=\"https:\/\/archive.org\/download\/audio-01-voces-8-m\/AUDIO%2001%20-%20voces%208M.mp3?_=2\" \/><a href=\"https:\/\/archive.org\/download\/audio-01-voces-8-m\/AUDIO%2001%20-%20voces%208M.mp3\">https:\/\/archive.org\/download\/audio-01-voces-8-m\/AUDIO%2001%20-%20voces%208M.mp3<\/a><\/audio>\n<p>&nbsp;<\/p>\n<p>Las consignas que atravesaron el documento de la Asamblea son:<\/p>\n<p>\u25cf\u00a0 \u00a0 \u00a0 \u00a0 \u00a0 \u00a0 \u00a0Libres y desendeudadas nos queremos<br \/>\n\u25cf\u00a0 \u00a0 \u00a0 \u00a0 \u00a0 \u00a0 \u00a0Apoyo a las trabajadoras de la salud<br \/>\n\u25cf\u00a0\u00a0\u00a0\u00a0\u00a0\u00a0\u00a0\u00a0\u00a0\u00a0\u00a0\u00a0 Reconocimiento a las trabajadoras comunitarias<br \/>\n\u25cf\u00a0\u00a0\u00a0\u00a0\u00a0\u00a0\u00a0\u00a0\u00a0\u00a0\u00a0\u00a0 Cumplimiento efectivo de la ley IVE<br \/>\n\u25cf\u00a0\u00a0\u00a0\u00a0\u00a0\u00a0\u00a0\u00a0\u00a0\u00a0\u00a0\u00a0 Cumplimiento efectivo de la ley de ESI<br \/>\n\u25cf\u00a0\u00a0\u00a0\u00a0\u00a0\u00a0\u00a0\u00a0\u00a0\u00a0\u00a0\u00a0 Absoluci\u00f3n para la compa\u00f1era Higui<br \/>\n\u25cf\u00a0\u00a0\u00a0\u00a0\u00a0\u00a0\u00a0\u00a0\u00a0\u00a0\u00a0\u00a0 Aparici\u00f3n con vida de Tehuel de la Torre<br \/>\n\u25cf\u00a0\u00a0\u00a0\u00a0\u00a0\u00a0\u00a0\u00a0\u00a0\u00a0\u00a0\u00a0 Cumplimiento efectivo del cupo laboral travesti trans<br \/>\n\u25cf\u00a0\u00a0\u00a0\u00a0\u00a0\u00a0\u00a0\u00a0\u00a0\u00a0\u00a0\u00a0 Exigimos una Reforma judicial que deje de revictimizar, exigimos desterrar las l\u00f3gicas mis\u00f3ginas de las instituciones.<\/p>\n<p>Compartimos el documento completo<\/p>\n<p><a href=\"https:\/\/archive.org\/details\/audio-documento-completo-8-m\">Descargar<\/a><\/p>\n<p>En Pilar la convocatoria fue en el tanque con una posterior marcha al municipio y en Jos\u00e9. C. Paz, se realiz\u00f3 una concentraci\u00f3n en el Concejo Deliberante con posterior marcha que se dirigi\u00f3 al municipio y culmin\u00f3 en la plaza.<\/p>\n<div class=\"powerpress_player\" id=\"powerpress_player_9557\"><audio class=\"wp-audio-shortcode\" id=\"audio-4422-1\" preload=\"none\" style=\"width: 100%;\" controls=\"controls\"><source type=\"audio\/mpeg\" src=\"https:\/\/archive.org\/download\/audio-01-voces-8-m\/AUDIO%2001%20-%20voces%208M.mp3?_=1\" \/><a href=\"https:\/\/archive.org\/download\/audio-01-voces-8-m\/AUDIO%2001%20-%20voces%208M.mp3\">https:\/\/archive.org\/download\/audio-01-voces-8-m\/AUDIO%2001%20-%20voces%208M.mp3<\/a><\/audio><\/div><p class=\"powerpress_links powerpress_links_mp3\" style=\"margin-bottom: 1px !important;\">Podcast: <a href=\"https:\/\/archive.org\/download\/audio-01-voces-8-m\/AUDIO%2001%20-%20voces%208M.mp3\" class=\"powerpress_link_pinw\" target=\"_blank\" title=\"Reproducir en una nueva ventana\" onclick=\"return powerpress_pinw('https:\/\/fmtinkunaco.ar\/?powerpress_pinw=4422-podcast');\" rel=\"nofollow\">Reproducir en una nueva ventana<\/a> | <a href=\"https:\/\/archive.org\/download\/audio-01-voces-8-m\/AUDIO%2001%20-%20voces%208M.mp3\" class=\"powerpress_link_d\" title=\"Descargar\" rel=\"nofollow\" download=\"AUDIO%2001%20-%20voces%208M.mp3\">Descargar<\/a><\/p>","protected":false},"excerpt":{"rendered":"<p>Ayer, 8 de marzo, mujeres y feminidades de diversos espacios, organizaciones e independientes se concentraron y movilizaron en el territorio. La Asamblea Feminista Conurbana Noroeste concentro en la Plaza de San Miguel y posteriormente march\u00f3 hacia Mu\u00f1iz. Una columna importante lleg\u00f3 desde Sol y Verde y Jos\u00e9. C. Paz en un trenazo. La jornada de [&hellip;]<\/p>\n","protected":false},"author":1,"featured_media":4397,"comment_status":"open","ping_status":"open","sticky":false,"template":"","format":"standard","meta":{"footnotes":""},"categories":[6],"tags":[],"class_list":["post-4422","post","type-post","status-publish","format-standard","has-post-thumbnail","hentry","category-genero"],"_links":{"self":[{"href":"https:\/\/fmtinkunaco.ar\/index.php?rest_route=\/wp\/v2\/posts\/4422","targetHints":{"allow":["GET"]}}],"collection":[{"href":"https:\/\/fmtinkunaco.ar\/index.php?rest_route=\/wp\/v2\/posts"}],"about":[{"href":"https:\/\/fmtinkunaco.ar\/index.php?rest_route=\/wp\/v2\/types\/post"}],"author":[{"embeddable":true,"href":"https:\/\/fmtinkunaco.ar\/index.php?rest_route=\/wp\/v2\/users\/1"}],"replies":[{"embeddable":true,"href":"https:\/\/fmtinkunaco.ar\/index.php?rest_route=%2Fwp%2Fv2%2Fcomments&post=4422"}],"version-history":[{"count":0,"href":"https:\/\/fmtinkunaco.ar\/index.php?rest_route=\/wp\/v2\/posts\/4422\/revisions"}],"wp:featuredmedia":[{"embeddable":true,"href":"https:\/\/fmtinkunaco.ar\/index.php?rest_route=\/wp\/v2\/posts\/4397"}],"wp:attachment":[{"href":"https:\/\/fmtinkunaco.ar\/index.php?rest_route=%2Fwp%2Fv2%2Fmedia&parent=4422"}],"wp:term":[{"taxonomy":"category","embeddable":true,"href":"https:\/\/fmtinkunaco.ar\/index.php?rest_route=%2Fwp%2Fv2%2Fcategories&post=4422"},{"taxonomy":"post_tag","embeddable":true,"href":"https:\/\/fmtinkunaco.ar\/index.php?rest_route=%2Fwp%2Fv2%2Ftags&post=4422"}],"curies":[{"name":"wp","href":"https:\/\/api.w.org\/{rel}","templated":true}]}}