{"id":4424,"date":"2022-03-10T10:38:32","date_gmt":"2022-03-10T13:38:32","guid":{"rendered":"http:\/\/fmtinkunaco.com.ar\/?p=4404"},"modified":"2022-03-10T10:38:32","modified_gmt":"2022-03-10T13:38:32","slug":"libres-del-sur-presento-los-resultados-de-la-consulta-popular-contra-el-fmi","status":"publish","type":"post","link":"https:\/\/fmtinkunaco.ar\/?p=4424","title":{"rendered":"Libres del Sur present\u00f3 los resultados de la Consulta Popular contra el FMI"},"content":{"rendered":"<p>Ayer, mi\u00e9rcoles 9 de marzo, se realiz\u00f3 una conferencia de prensa para presentar los resultados detallados de la Consulta Popular sobre el acuerdo con el FMI, que llev\u00f3 a delante Libres del Sur en Todo el pa\u00eds durante los d\u00edas 3, 4, 5 y 6 de marzo.<\/p>\n<p>En di\u00e1logo con el programa radial \u201cEncuentro con las Noticias\u201d, Silvia Saravia, Coordinadora Nacional de Barrios de Pie, organizaci\u00f3n integrante de Libres del Sur, realiz\u00f3 un balance de la consulta <em>\u201cLa consulta popular se desarroll\u00f3 en todo el pa\u00eds, en todas las provincias, en m\u00e1s de 400 municipios, realmente hubo m\u00e1s de 8 mil urnas, realmente fue un despliegue territorial muy importante. Tengo una valoraci\u00f3n muy alta de lo que ha sido el voluntariado, la militancia en este sentido.\u00a0 Y despu\u00e9s, hemos encontrado realmente mucha disposici\u00f3n porque por m\u00e1s que uno pueda tener todo este despliegue territorial, si despu\u00e9s en la calle, la gente, la situaci\u00f3n no est\u00e1, tampoco se puede llegar a la cantidad de votos que se lleg\u00f3\u201d.<\/em><\/p>\n<p>Durante los cuatro d\u00edas de votaci\u00f3n en las 23 provincias y la Ciudad de Buenos Aires, se instalaron m\u00e1s de ocho mil urnas en 417 municipios (de ellos 110 de la provincia de Buenos Aires), en las cuales votaron 1.295.580 personas.<\/p>\n<p>Saravia, tambi\u00e9n sostuvo <em>\u201cCreo que esta consulta popular muestra dos aspectos, uno que hubiera sido interesante que el gobierno nacional hubiera tomado en cuenta esta herramienta que est\u00e1 en nuestra constituci\u00f3n porque la participaci\u00f3n de la gente, la opini\u00f3n del pueblo es importante en situaciones como esta y por otro lado, en segundo t\u00e9rmino, realmente la gente que se acerc\u00f3 hubo mayoritariamente un posici\u00f3n de no estar a favor del acuerdo, decirle no a este acuerdo que esta haciendo el gobierno con el Fondo Monetario porque evidentemente va a presentar muchas dificultades de ac\u00e1 en adelante\u201d.<\/em><\/p>\n<p>Finalmente, Silvia Saravia, remarc\u00f3 <em>\u201cNo es justo que un peque\u00f1o sector de la sociedad se est\u00e9 enriqueciendo a costa de una deuda que nos queda a todo el pueblo, ya tenemos 40% de pobreza, tenemos niveles alt\u00edsimos de inflaci\u00f3n que carcomen nuestros ingresos todos los d\u00edas. Tenemos problemas graves en relaci\u00f3n a la creaci\u00f3n de puestos de trabajo, realmente para nosotros es necesario, es urgente que haya otro modelo de pa\u00eds, donde podamos estar todas y todos contemplados\u201d.<\/em><\/p>\n<p>Barrios de Pie se encuentra, en el d\u00eda de hoy, movilizando en Congreso frente al inicio de la sesi\u00f3n que debata el acuerdo con el FMI.<\/p>\n<p>Compartimos la entrevista completa<\/p>\n<p><a href=\"https:\/\/archive.org\/details\/audio-silvia-saravia-barrios-de-pie-10-03-2022\">Descargar<\/a><\/p>\n<audio class=\"wp-audio-shortcode\" id=\"audio-4424-2\" preload=\"none\" style=\"width: 100%;\" controls=\"controls\"><source type=\"audio\/mpeg\" src=\"https:\/\/archive.org\/download\/audio-silvia-saravia-barrios-de-pie-10-03-2022\/AUDIO%20-%20SILVIA%20SARAVIA%20%28BARRIOS%20DE%20PIE%29%2010%2003%202022.mp3?_=2\" \/><a href=\"https:\/\/archive.org\/download\/audio-silvia-saravia-barrios-de-pie-10-03-2022\/AUDIO%20-%20SILVIA%20SARAVIA%20%28BARRIOS%20DE%20PIE%29%2010%2003%202022.mp3\">https:\/\/archive.org\/download\/audio-silvia-saravia-barrios-de-pie-10-03-2022\/AUDIO%20-%20SILVIA%20SARAVIA%20%28BARRIOS%20DE%20PIE%29%2010%2003%202022.mp3<\/a><\/audio>\n<div class=\"powerpress_player\" id=\"powerpress_player_8835\"><audio class=\"wp-audio-shortcode\" id=\"audio-4424-1\" preload=\"none\" style=\"width: 100%;\" controls=\"controls\"><source type=\"audio\/mpeg\" src=\"https:\/\/archive.org\/download\/audio-silvia-saravia-barrios-de-pie-10-03-2022\/AUDIO%20-%20SILVIA%20SARAVIA%20%28BARRIOS%20DE%20PIE%29%2010%2003%202022.mp3?_=1\" \/><a href=\"https:\/\/archive.org\/download\/audio-silvia-saravia-barrios-de-pie-10-03-2022\/AUDIO%20-%20SILVIA%20SARAVIA%20%28BARRIOS%20DE%20PIE%29%2010%2003%202022.mp3\">https:\/\/archive.org\/download\/audio-silvia-saravia-barrios-de-pie-10-03-2022\/AUDIO%20-%20SILVIA%20SARAVIA%20%28BARRIOS%20DE%20PIE%29%2010%2003%202022.mp3<\/a><\/audio><\/div><p class=\"powerpress_links powerpress_links_mp3\" style=\"margin-bottom: 1px !important;\">Podcast: <a href=\"https:\/\/archive.org\/download\/audio-silvia-saravia-barrios-de-pie-10-03-2022\/AUDIO%20-%20SILVIA%20SARAVIA%20%28BARRIOS%20DE%20PIE%29%2010%2003%202022.mp3\" class=\"powerpress_link_pinw\" target=\"_blank\" title=\"Reproducir en una nueva ventana\" onclick=\"return powerpress_pinw('https:\/\/fmtinkunaco.ar\/?powerpress_pinw=4424-podcast');\" rel=\"nofollow\">Reproducir en una nueva ventana<\/a> | <a href=\"https:\/\/archive.org\/download\/audio-silvia-saravia-barrios-de-pie-10-03-2022\/AUDIO%20-%20SILVIA%20SARAVIA%20%28BARRIOS%20DE%20PIE%29%2010%2003%202022.mp3\" class=\"powerpress_link_d\" title=\"Descargar\" rel=\"nofollow\" download=\"AUDIO%20-%20SILVIA%20SARAVIA%20%28BARRIOS%20DE%20PIE%29%2010%2003%202022.mp3\">Descargar<\/a><\/p>","protected":false},"excerpt":{"rendered":"<p>Ayer, mi\u00e9rcoles 9 de marzo, se realiz\u00f3 una conferencia de prensa para presentar los resultados detallados de la Consulta Popular sobre el acuerdo con el FMI, que llev\u00f3 a delante Libres del Sur en Todo el pa\u00eds durante los d\u00edas 3, 4, 5 y 6 de marzo. En di\u00e1logo con el programa radial \u201cEncuentro con [&hellip;]<\/p>\n","protected":false},"author":1,"featured_media":4405,"comment_status":"open","ping_status":"open","sticky":false,"template":"","format":"standard","meta":{"footnotes":""},"categories":[4],"tags":[62,218,286],"class_list":["post-4424","post","type-post","status-publish","format-standard","has-post-thumbnail","hentry","category-derechos-humanos","tag-barrios-de-pie","tag-fmi","tag-libres-del-sur"],"_links":{"self":[{"href":"https:\/\/fmtinkunaco.ar\/index.php?rest_route=\/wp\/v2\/posts\/4424","targetHints":{"allow":["GET"]}}],"collection":[{"href":"https:\/\/fmtinkunaco.ar\/index.php?rest_route=\/wp\/v2\/posts"}],"about":[{"href":"https:\/\/fmtinkunaco.ar\/index.php?rest_route=\/wp\/v2\/types\/post"}],"author":[{"embeddable":true,"href":"https:\/\/fmtinkunaco.ar\/index.php?rest_route=\/wp\/v2\/users\/1"}],"replies":[{"embeddable":true,"href":"https:\/\/fmtinkunaco.ar\/index.php?rest_route=%2Fwp%2Fv2%2Fcomments&post=4424"}],"version-history":[{"count":0,"href":"https:\/\/fmtinkunaco.ar\/index.php?rest_route=\/wp\/v2\/posts\/4424\/revisions"}],"wp:featuredmedia":[{"embeddable":true,"href":"https:\/\/fmtinkunaco.ar\/index.php?rest_route=\/wp\/v2\/posts\/4405"}],"wp:attachment":[{"href":"https:\/\/fmtinkunaco.ar\/index.php?rest_route=%2Fwp%2Fv2%2Fmedia&parent=4424"}],"wp:term":[{"taxonomy":"category","embeddable":true,"href":"https:\/\/fmtinkunaco.ar\/index.php?rest_route=%2Fwp%2Fv2%2Fcategories&post=4424"},{"taxonomy":"post_tag","embeddable":true,"href":"https:\/\/fmtinkunaco.ar\/index.php?rest_route=%2Fwp%2Fv2%2Ftags&post=4424"}],"curies":[{"name":"wp","href":"https:\/\/api.w.org\/{rel}","templated":true}]}}