{"id":4427,"date":"2022-03-15T10:43:53","date_gmt":"2022-03-15T13:43:53","guid":{"rendered":"http:\/\/fmtinkunaco.com.ar\/?p=4413"},"modified":"2022-03-15T10:43:53","modified_gmt":"2022-03-15T13:43:53","slug":"inicia-el-juicio-oral-contra-lucas-borracchia-el-femicida-de-florencia-ovejero","status":"publish","type":"post","link":"https:\/\/fmtinkunaco.ar\/?p=4427","title":{"rendered":"Inicia el Juicio Oral contra Lucas Borracchia, el femicida de Florencia Ovejero"},"content":{"rendered":"<p>Florencia Ovejero ten\u00eda 21 a\u00f1os de edad cuando el d\u00eda 21 de diciembre del 2019 fue asesinada, frente a su hijo de 4 a\u00f1os, por su entonces pareja Lucas Ezequiel Borracchia.<\/p>\n<p>El femicidio sucedi\u00f3 en Grand Bourg y Borrachia fue encontrado d\u00edas despu\u00e9s en un hotel en Capital Federal y hasta el momento contin\u00faa detenido.<\/p>\n<p>Ma\u00f1ana, mi\u00e9rcoles 16 de marzo, comienza el Juicio Oral en los Tribunales de San Mart\u00edn.<\/p>\n<p>En di\u00e1logo con el programa radial \u201cEncuentro con las Noticias\u201d, Micaela Ovejero, hermana de Florencia Ovejero, repas\u00f3 lo sucedido ese d\u00eda <em>\u201cEsto paso el d\u00eda 21 de diciembre de 2019, ese d\u00eda mi mam\u00e1 llega a la casa de mi hermana al domicilio donde ella viv\u00eda con este femicida y mi mam\u00e1 se encuentra con mi sobrino Ciro de 4 a\u00f1os de edad colgado en la ventana todo ensangrentado, el estaba todo lleno de sangre y \u00e9l le dec\u00eda a mi mama nona, Lucas mat\u00f3 a mi mam\u00e1 con un cuchillo. (\u2026) La primera persona que era sospechosa era su pareja, Lucas Ezequiel Borracchia, la polic\u00eda lo busco, tres d\u00edas desapareci\u00f3 este tipo, estaba alojado en un hotel de pleno centro de capital y l autopsia revela que \u00e9l le cometi\u00f3 35 pu\u00f1aladas a Florencia en todas partes de su cuerpo\u201d.<\/em><\/p>\n<p>Micaela, adem\u00e1s, sostuvo <em>\u201cNosotros est\u00e1bamos despidiendo a mi hermana y nos confirman que lo hab\u00edan detenido, hab\u00edan hecho un aviso al 911 y lo detienen en Capital. Este tipo despu\u00e9s de asesinar a mi hermana y de llevarse todo lo que pudo, cuchillos y todo se va a un hospital a hacerse una curaci\u00f3n que el mismo se produjo. Despu\u00e9s de eso \u00e9l se va, y busca un hotel; se fue a esconder creyendo que nadie lo iba a encontrar y cuando lo detienen se dan cuenta porque el tenia en el brazo un tatuaje que dec\u00eda Flor te amo\u201d.<\/em><\/p>\n<p>Finalmente, Micaela Ovejero exigi\u00f3 justicia por su hermana, <em>\u201cUn mont\u00f3n de cosas intento hacer este tipo y no logro nada, porque intento hacerse pasar por loco, intenta lastimarse el mismo, quiere lograr una pena m\u00ednima, y nosotros lo que pedimos y exigimos es que si, que exista una justicia y que Ciro crezca sabiendo que se hizo justicia por su mam\u00e1 y que ese tipo nunca m\u00e1s salga porque \u00e9l le arruino la vida a un nene de 4 a\u00f1os, hoy Ciro tiene 6 a\u00f1os y est\u00e1 sin su mam\u00e1. (\u2026) Pedimos justicia y que sea condenado con la pena m\u00e1xima. Nosotros necesitamos paz, Florencia tiene que tener paz y esto va a pasar el d\u00eda que este tipo sea condenado y no salga nunca m\u00e1s\u201d.<\/em><\/p>\n<p>Se prev\u00e9 que el juicio que comienza ma\u00f1ana 16 de marzo, a las 8 am, se extienda tambi\u00e9n al 17 de marzo en el Tribunal Criminal N\u00b01 de San Martin, ubicado en Av Ricardo Balb\u00edn al 1753.<\/p>\n<p>Compartimos la entrevista completa<\/p>\n<p><a href=\"https:\/\/archive.org\/details\/audio-micaela-ovejero-florencia-ovejero-15-03-2022\">Descargar<\/a><\/p>\n<audio class=\"wp-audio-shortcode\" id=\"audio-4427-2\" preload=\"none\" style=\"width: 100%;\" controls=\"controls\"><source type=\"audio\/mpeg\" src=\"https:\/\/archive.org\/download\/audio-micaela-ovejero-florencia-ovejero-15-03-2022\/AUDIO%20-%20MICAELA%20OVEJERO%20%28FLORENCIA%20OVEJERO%29%2015%2003%202022.mp3?_=2\" \/><a href=\"https:\/\/archive.org\/download\/audio-micaela-ovejero-florencia-ovejero-15-03-2022\/AUDIO%20-%20MICAELA%20OVEJERO%20%28FLORENCIA%20OVEJERO%29%2015%2003%202022.mp3\">https:\/\/archive.org\/download\/audio-micaela-ovejero-florencia-ovejero-15-03-2022\/AUDIO%20-%20MICAELA%20OVEJERO%20%28FLORENCIA%20OVEJERO%29%2015%2003%202022.mp3<\/a><\/audio>\n<div class=\"powerpress_player\" id=\"powerpress_player_9239\"><audio class=\"wp-audio-shortcode\" id=\"audio-4427-1\" preload=\"none\" style=\"width: 100%;\" controls=\"controls\"><source type=\"audio\/mpeg\" src=\"https:\/\/archive.org\/download\/audio-micaela-ovejero-florencia-ovejero-15-03-2022\/AUDIO%20-%20MICAELA%20OVEJERO%20%28FLORENCIA%20OVEJERO%29%2015%2003%202022.mp3?_=1\" \/><a href=\"https:\/\/archive.org\/download\/audio-micaela-ovejero-florencia-ovejero-15-03-2022\/AUDIO%20-%20MICAELA%20OVEJERO%20%28FLORENCIA%20OVEJERO%29%2015%2003%202022.mp3\">https:\/\/archive.org\/download\/audio-micaela-ovejero-florencia-ovejero-15-03-2022\/AUDIO%20-%20MICAELA%20OVEJERO%20%28FLORENCIA%20OVEJERO%29%2015%2003%202022.mp3<\/a><\/audio><\/div><p class=\"powerpress_links powerpress_links_mp3\" style=\"margin-bottom: 1px !important;\">Podcast: <a href=\"https:\/\/archive.org\/download\/audio-micaela-ovejero-florencia-ovejero-15-03-2022\/AUDIO%20-%20MICAELA%20OVEJERO%20%28FLORENCIA%20OVEJERO%29%2015%2003%202022.mp3\" class=\"powerpress_link_pinw\" target=\"_blank\" title=\"Reproducir en una nueva ventana\" onclick=\"return powerpress_pinw('https:\/\/fmtinkunaco.ar\/?powerpress_pinw=4427-podcast');\" rel=\"nofollow\">Reproducir en una nueva ventana<\/a> | <a href=\"https:\/\/archive.org\/download\/audio-micaela-ovejero-florencia-ovejero-15-03-2022\/AUDIO%20-%20MICAELA%20OVEJERO%20%28FLORENCIA%20OVEJERO%29%2015%2003%202022.mp3\" class=\"powerpress_link_d\" title=\"Descargar\" rel=\"nofollow\" download=\"AUDIO%20-%20MICAELA%20OVEJERO%20%28FLORENCIA%20OVEJERO%29%2015%2003%202022.mp3\">Descargar<\/a><\/p>","protected":false},"excerpt":{"rendered":"<p>Florencia Ovejero ten\u00eda 21 a\u00f1os de edad cuando el d\u00eda 21 de diciembre del 2019 fue asesinada, frente a su hijo de 4 a\u00f1os, por su entonces pareja Lucas Ezequiel Borracchia. El femicidio sucedi\u00f3 en Grand Bourg y Borrachia fue encontrado d\u00edas despu\u00e9s en un hotel en Capital Federal y hasta el momento contin\u00faa detenido. [&hellip;]<\/p>\n","protected":false},"author":1,"featured_media":4414,"comment_status":"open","ping_status":"open","sticky":false,"template":"","format":"standard","meta":{"footnotes":""},"categories":[6],"tags":[],"class_list":["post-4427","post","type-post","status-publish","format-standard","has-post-thumbnail","hentry","category-genero"],"_links":{"self":[{"href":"https:\/\/fmtinkunaco.ar\/index.php?rest_route=\/wp\/v2\/posts\/4427","targetHints":{"allow":["GET"]}}],"collection":[{"href":"https:\/\/fmtinkunaco.ar\/index.php?rest_route=\/wp\/v2\/posts"}],"about":[{"href":"https:\/\/fmtinkunaco.ar\/index.php?rest_route=\/wp\/v2\/types\/post"}],"author":[{"embeddable":true,"href":"https:\/\/fmtinkunaco.ar\/index.php?rest_route=\/wp\/v2\/users\/1"}],"replies":[{"embeddable":true,"href":"https:\/\/fmtinkunaco.ar\/index.php?rest_route=%2Fwp%2Fv2%2Fcomments&post=4427"}],"version-history":[{"count":0,"href":"https:\/\/fmtinkunaco.ar\/index.php?rest_route=\/wp\/v2\/posts\/4427\/revisions"}],"wp:featuredmedia":[{"embeddable":true,"href":"https:\/\/fmtinkunaco.ar\/index.php?rest_route=\/wp\/v2\/posts\/4414"}],"wp:attachment":[{"href":"https:\/\/fmtinkunaco.ar\/index.php?rest_route=%2Fwp%2Fv2%2Fmedia&parent=4427"}],"wp:term":[{"taxonomy":"category","embeddable":true,"href":"https:\/\/fmtinkunaco.ar\/index.php?rest_route=%2Fwp%2Fv2%2Fcategories&post=4427"},{"taxonomy":"post_tag","embeddable":true,"href":"https:\/\/fmtinkunaco.ar\/index.php?rest_route=%2Fwp%2Fv2%2Ftags&post=4427"}],"curies":[{"name":"wp","href":"https:\/\/api.w.org\/{rel}","templated":true}]}}