{"id":4432,"date":"2022-03-21T14:01:05","date_gmt":"2022-03-21T17:01:05","guid":{"rendered":"http:\/\/fmtinkunaco.com.ar\/?p=4431"},"modified":"2022-03-21T14:01:05","modified_gmt":"2022-03-21T17:01:05","slug":"la-campana-por-la-absolucion-de-higui-exige-una-reparacion-historica","status":"publish","type":"post","link":"https:\/\/fmtinkunaco.ar\/?p=4432","title":{"rendered":"La Campa\u00f1a por la absoluci\u00f3n de Higui exige una reparaci\u00f3n hist\u00f3rica \u00a0"},"content":{"rendered":"<p>Higui lleg\u00f3 a juicio acusada de \u00abhomicidio simple\u00bb por defenderse de una violaci\u00f3n grupal correctiva el 16 de octubre de 2016.<\/p>\n<p>Durante las tres jornadas del juicio el movimiento feminista y de la diversidad acompa\u00f1\u00f3 a Higui con actividades culturales y radio abierta frente a la\u00a0 los tribunales.<\/p>\n<p>En di\u00e1logo con el programa radial \u201cEncuentro con las Noticias\u201d, Lorena Sastre, Integrante de la campa\u00f1a por la absoluci\u00f3n de Higui y del Frente Docente Disidente, describi\u00f3 los tres d\u00edas de juicio, <em>\u201cLos tres d\u00edas fueron tres d\u00edas de juicio, si bien dentro de lo que son los procesos judiciales en nuestro pa\u00eds fue un proceso judicial muy corto; mismo ma\u00f1ana martes 22 iban a ser los alegatos y adelantaron todo. Con lo cual, en tres d\u00edas hicieron un juicio, hicieron alegatos e hicieron sentencia; fueron d\u00edas de mucha tensi\u00f3n, de mucha emocionalidad y sensibilidad. Los vivimos de la mejor manera que pudimos teniendo en cuenta que est\u00e1bamos acompa\u00f1ando a Higui con jornadas de actividades, olla, radio abierta, logramos convocar una gran cantidad de personas, de organizaciones sociales, partidos pol\u00edticos, espacios feministas que nos fueron acompa\u00f1ando en la jornada de estos tres d\u00edas de juicio pero se vivi\u00f3 con mucha tensi\u00f3n por la incertidumbre en la cual nos est\u00e1bamos manejando\u201d.<\/em><\/p>\n<p>Adem\u00e1s, Sastre, se refiri\u00f3 a la importancia de la movilizaci\u00f3n, <em>\u201cCreemos y esto es compartido por el espacio de la asamblea que el haber movilizado y el haber estado en la calle logr\u00f3 no sola la absoluci\u00f3n si no que el proceso judicial haya tenido este ritmo de querernos sacar de encima y la presi\u00f3n, obviamente, de que se estaban dando cuenta de que no hab\u00eda fundamentos ni argumentos del no ingreso a la prensa, a ning\u00fan tipo de prensa. Porque en principio quer\u00edamos hacer la transmisi\u00f3n en vivo, despu\u00e9s nos dijeron que no, pero despu\u00e9s no pod\u00edan pasar compa\u00f1eras fot\u00f3grafas, con lo cual hab\u00eda algo que no se quer\u00eda mostrar\u201d.<\/em><\/p>\n<p>Finalmente, Lorena Sastre, cont\u00f3 sobre el estado de Higui, <em>\u201cHigui en este momento est\u00e1 bien, lo que s\u00ed, hay una situaci\u00f3n bastante delicada, las amenazas y hostigamiento de violencias no van a cesar, lo sabemos. Con lo cual, en un principio, estamos exigiendo tambi\u00e9n a los organismos estatales, igualmente al Ministerio de Mujeres, G\u00e9neros y Diversidad de Naci\u00f3n una reparaci\u00f3n hist\u00f3rica principalmente porque Higui sigue viviendo en esas condiciones de vulnerabilidad y esas condiciones de vulnerabilidad hacen que Higui hoy este en una situaci\u00f3n delicada en cuanto al barrio, en cuanto a los vecinos, en cuanto a la gente que rodeaba a la persona fallecida\u201d.<\/em><\/p>\n<p>Compartimos la entrevista completa<\/p>\n<p><a href=\"https:\/\/archive.org\/details\/audio-lorena-sastre-absolucion-higui-21-03-2022\">Descargar<\/a><\/p>\n<audio class=\"wp-audio-shortcode\" id=\"audio-4432-2\" preload=\"none\" style=\"width: 100%;\" controls=\"controls\"><source type=\"audio\/mpeg\" src=\"https:\/\/archive.org\/download\/audio-lorena-sastre-absolucion-higui-21-03-2022\/AUDIO%20-%20LORENA%20SASTRE%20%28ABSOLUCION%20HIGUI%29%2021%2003%202022.mp3?_=2\" \/><a href=\"https:\/\/archive.org\/download\/audio-lorena-sastre-absolucion-higui-21-03-2022\/AUDIO%20-%20LORENA%20SASTRE%20%28ABSOLUCION%20HIGUI%29%2021%2003%202022.mp3\">https:\/\/archive.org\/download\/audio-lorena-sastre-absolucion-higui-21-03-2022\/AUDIO%20-%20LORENA%20SASTRE%20%28ABSOLUCION%20HIGUI%29%2021%2003%202022.mp3<\/a><\/audio>\n<div class=\"powerpress_player\" id=\"powerpress_player_808\"><audio class=\"wp-audio-shortcode\" id=\"audio-4432-1\" preload=\"none\" style=\"width: 100%;\" controls=\"controls\"><source type=\"audio\/mpeg\" src=\"https:\/\/archive.org\/download\/audio-lorena-sastre-absolucion-higui-21-03-2022\/AUDIO%20-%20LORENA%20SASTRE%20%28ABSOLUCION%20HIGUI%29%2021%2003%202022.mp3?_=1\" \/><a href=\"https:\/\/archive.org\/download\/audio-lorena-sastre-absolucion-higui-21-03-2022\/AUDIO%20-%20LORENA%20SASTRE%20%28ABSOLUCION%20HIGUI%29%2021%2003%202022.mp3\">https:\/\/archive.org\/download\/audio-lorena-sastre-absolucion-higui-21-03-2022\/AUDIO%20-%20LORENA%20SASTRE%20%28ABSOLUCION%20HIGUI%29%2021%2003%202022.mp3<\/a><\/audio><\/div><p class=\"powerpress_links powerpress_links_mp3\" style=\"margin-bottom: 1px !important;\">Podcast: <a href=\"https:\/\/archive.org\/download\/audio-lorena-sastre-absolucion-higui-21-03-2022\/AUDIO%20-%20LORENA%20SASTRE%20%28ABSOLUCION%20HIGUI%29%2021%2003%202022.mp3\" class=\"powerpress_link_pinw\" target=\"_blank\" title=\"Reproducir en una nueva ventana\" onclick=\"return powerpress_pinw('https:\/\/fmtinkunaco.ar\/?powerpress_pinw=4432-podcast');\" rel=\"nofollow\">Reproducir en una nueva ventana<\/a> | <a href=\"https:\/\/archive.org\/download\/audio-lorena-sastre-absolucion-higui-21-03-2022\/AUDIO%20-%20LORENA%20SASTRE%20%28ABSOLUCION%20HIGUI%29%2021%2003%202022.mp3\" class=\"powerpress_link_d\" title=\"Descargar\" rel=\"nofollow\" download=\"AUDIO%20-%20LORENA%20SASTRE%20%28ABSOLUCION%20HIGUI%29%2021%2003%202022.mp3\">Descargar<\/a><\/p>","protected":false},"excerpt":{"rendered":"<p>Higui lleg\u00f3 a juicio acusada de \u00abhomicidio simple\u00bb por defenderse de una violaci\u00f3n grupal correctiva el 16 de octubre de 2016. Durante las tres jornadas del juicio el movimiento feminista y de la diversidad acompa\u00f1\u00f3 a Higui con actividades culturales y radio abierta frente a la\u00a0 los tribunales. En di\u00e1logo con el programa radial \u201cEncuentro [&hellip;]<\/p>\n","protected":false},"author":1,"featured_media":4394,"comment_status":"open","ping_status":"open","sticky":false,"template":"","format":"standard","meta":{"footnotes":""},"categories":[4,6],"tags":[],"class_list":["post-4432","post","type-post","status-publish","format-standard","has-post-thumbnail","hentry","category-derechos-humanos","category-genero"],"_links":{"self":[{"href":"https:\/\/fmtinkunaco.ar\/index.php?rest_route=\/wp\/v2\/posts\/4432","targetHints":{"allow":["GET"]}}],"collection":[{"href":"https:\/\/fmtinkunaco.ar\/index.php?rest_route=\/wp\/v2\/posts"}],"about":[{"href":"https:\/\/fmtinkunaco.ar\/index.php?rest_route=\/wp\/v2\/types\/post"}],"author":[{"embeddable":true,"href":"https:\/\/fmtinkunaco.ar\/index.php?rest_route=\/wp\/v2\/users\/1"}],"replies":[{"embeddable":true,"href":"https:\/\/fmtinkunaco.ar\/index.php?rest_route=%2Fwp%2Fv2%2Fcomments&post=4432"}],"version-history":[{"count":0,"href":"https:\/\/fmtinkunaco.ar\/index.php?rest_route=\/wp\/v2\/posts\/4432\/revisions"}],"wp:featuredmedia":[{"embeddable":true,"href":"https:\/\/fmtinkunaco.ar\/index.php?rest_route=\/wp\/v2\/posts\/4394"}],"wp:attachment":[{"href":"https:\/\/fmtinkunaco.ar\/index.php?rest_route=%2Fwp%2Fv2%2Fmedia&parent=4432"}],"wp:term":[{"taxonomy":"category","embeddable":true,"href":"https:\/\/fmtinkunaco.ar\/index.php?rest_route=%2Fwp%2Fv2%2Fcategories&post=4432"},{"taxonomy":"post_tag","embeddable":true,"href":"https:\/\/fmtinkunaco.ar\/index.php?rest_route=%2Fwp%2Fv2%2Ftags&post=4432"}],"curies":[{"name":"wp","href":"https:\/\/api.w.org\/{rel}","templated":true}]}}