{"id":4440,"date":"2022-03-23T10:38:22","date_gmt":"2022-03-23T13:38:22","guid":{"rendered":"http:\/\/fmtinkunaco.com.ar\/?p=4440"},"modified":"2022-03-23T10:38:22","modified_gmt":"2022-03-23T13:38:22","slug":"acto-y-homenaje-a-floreal-el-negrito-avellaneda-en-el-campito-de-campo-de-mayo","status":"publish","type":"post","link":"https:\/\/fmtinkunaco.ar\/?p=4440","title":{"rendered":"Acto y Homenaje a Floreal \u201cEl Negrito\u201d Avellaneda en El Campito de Campo de Mayo"},"content":{"rendered":"<p>Ayer, martes 22 de marzo, se concret\u00f3 el acto en El Campito de Campo de Mayo por un nuevo 24 de Marzo y un Homenaje a Floreal \u201cEl Negrito\u201d Avellaneda convocado por la Asociaci\u00f3n de Sobrevivientes, Familiares, Compa\u00f1eros y Compa\u00f1eras de Campo de Mayo.<\/p>\n<p>Adem\u00e1s de ser un acto convocado en el marco del mes de la Memoria, la Asociaci\u00f3n se propuso reponer por tercera vez el recuerdo a Floreal Edgardo Avellaneda, tras ser vandalizado en dos oportunidades.<\/p>\n<p>La asociaci\u00f3n se propon\u00eda poder entrar a El Campito pero como consecuencia del clima debieron realizar el acto en la entrada del mismo.<\/p>\n<p>El acto cont\u00f3 con un micr\u00f3fono abierto y fue atravesado por la exigencia de la realizaci\u00f3n de un Sitio de Memoria en Campo de Mayo.<\/p>\n<p>Iris Avellaneda, Sobreviviente de Campo de Mayo, mam\u00e1 de Floreal Avellaneda y Presidenta de la Asociaci\u00f3n de Sobrevivientes, Familiares, Compa\u00f1eros y Compa\u00f1eras de Campo de Mayo, se refiri\u00f3 a la vandalizaci\u00f3n del recuerdo, \u201cEsta vandalizaci\u00f3n que ha habido y que ha sido ya y hoy cuando llegamos hemos visto que han sacado la c\u00e1mara que hace rato que esta pero seg\u00fan la compa\u00f1era Lorena me dijo que la van a reponer, as\u00ed que esperemos que la repongan antes de que nos vandalicen de nuevo el cuadro del Negrito.<br \/>\n(\u2026) La lucha esta complicada, nos va a costar mucho sacrificio salir adelante pero estamos a un pasito de que tengamos el Sitio de Memoria ac\u00e1 en El Campito, en Campo de Mayo, en El Campito aun no porque est\u00e1 en juicio pero lo vamos a tener en Presidente Per\u00f3n y la 202, ah\u00ed esperemos que los sobrevivientes tengamos un lugar, para poder estar ah\u00ed, para poder contar nuestra historia porque va a venir gente de todos lados y va a querer visitar ese Sitio\u201d.<\/p>\n<p>Compartimos el testimonio completo<\/p>\n<p><a href=\"https:\/\/archive.org\/details\/audio-09-iris-avellaneda\">Descargar<\/a><\/p>\n<audio class=\"wp-audio-shortcode\" id=\"audio-4440-2\" preload=\"none\" style=\"width: 100%;\" controls=\"controls\"><source type=\"audio\/mpeg\" src=\"https:\/\/archive.org\/download\/audio-09-iris-avellaneda\/AUDIO%2009%20-%20IRIS%20AVELLANEDA.mp3?_=2\" \/><a href=\"https:\/\/archive.org\/download\/audio-09-iris-avellaneda\/AUDIO%2009%20-%20IRIS%20AVELLANEDA.mp3\">https:\/\/archive.org\/download\/audio-09-iris-avellaneda\/AUDIO%2009%20-%20IRIS%20AVELLANEDA.mp3<\/a><\/audio>\n<p>&nbsp;<\/p>\n<p>Lorena Batistiol, es Directora Nacional de Sitios y Espacios de Memoria dependiente de la Subsecretar\u00eda de Promoci\u00f3n de Derechos Humanos de la Naci\u00f3n e hija de desaparecidos, y se refiri\u00f3 al proyecto de Sitio de Memoria, <em>\u201cHoy yo tengo la responsabilidad, y adem\u00e1s el compromiso moral por mis desaparecidos, por los desaparecidos de ustedes, por nuestros desaparecidos de que esto se tiene que concretar. Estamos trabajando, tremendamente, a horas incre\u00edbles para poder llegar, para poder cumplir con todas las necesidades que obras publicas nos est\u00e1 exigiendo, en cuanto a documentaci\u00f3n, en cuanto a cuestiones que tienen que ver con la arquitectura y el dise\u00f1o de este espacio. (\u2026) Yo les asegur\u00f3, hoy ac\u00e1, que esto se va a lograr porque est\u00e1n todas las fuerzas ah\u00ed, hay dos Ministerios, hay una decisi\u00f3n presidencial, todos y todas estamos trabajando para que esto sea una realidad finalmente\u201d.<\/em><\/p>\n<p>Compartimos el testimonio completo<\/p>\n<p>Descargar<\/p>\n<div class=\"powerpress_player\" id=\"powerpress_player_6143\"><audio class=\"wp-audio-shortcode\" id=\"audio-4440-1\" preload=\"none\" style=\"width: 100%;\" controls=\"controls\"><source type=\"audio\/mpeg\" src=\"https:\/\/archive.org\/download\/audio-09-iris-avellaneda\/AUDIO%2009%20-%20IRIS%20AVELLANEDA.mp3?_=1\" \/><a href=\"https:\/\/archive.org\/download\/audio-09-iris-avellaneda\/AUDIO%2009%20-%20IRIS%20AVELLANEDA.mp3\">https:\/\/archive.org\/download\/audio-09-iris-avellaneda\/AUDIO%2009%20-%20IRIS%20AVELLANEDA.mp3<\/a><\/audio><\/div><p class=\"powerpress_links powerpress_links_mp3\" style=\"margin-bottom: 1px !important;\">Podcast: <a href=\"https:\/\/archive.org\/download\/audio-09-iris-avellaneda\/AUDIO%2009%20-%20IRIS%20AVELLANEDA.mp3\" class=\"powerpress_link_pinw\" target=\"_blank\" title=\"Reproducir en una nueva ventana\" onclick=\"return powerpress_pinw('https:\/\/fmtinkunaco.ar\/?powerpress_pinw=4440-podcast');\" rel=\"nofollow\">Reproducir en una nueva ventana<\/a> | <a href=\"https:\/\/archive.org\/download\/audio-09-iris-avellaneda\/AUDIO%2009%20-%20IRIS%20AVELLANEDA.mp3\" class=\"powerpress_link_d\" title=\"Descargar\" rel=\"nofollow\" download=\"AUDIO%2009%20-%20IRIS%20AVELLANEDA.mp3\">Descargar<\/a><\/p>","protected":false},"excerpt":{"rendered":"<p>Ayer, martes 22 de marzo, se concret\u00f3 el acto en El Campito de Campo de Mayo por un nuevo 24 de Marzo y un Homenaje a Floreal \u201cEl Negrito\u201d Avellaneda convocado por la Asociaci\u00f3n de Sobrevivientes, Familiares, Compa\u00f1eros y Compa\u00f1eras de Campo de Mayo. Adem\u00e1s de ser un acto convocado en el marco del mes [&hellip;]<\/p>\n","protected":false},"author":1,"featured_media":4441,"comment_status":"open","ping_status":"open","sticky":false,"template":"","format":"standard","meta":{"footnotes":""},"categories":[4],"tags":[],"class_list":["post-4440","post","type-post","status-publish","format-standard","has-post-thumbnail","hentry","category-derechos-humanos"],"_links":{"self":[{"href":"https:\/\/fmtinkunaco.ar\/index.php?rest_route=\/wp\/v2\/posts\/4440","targetHints":{"allow":["GET"]}}],"collection":[{"href":"https:\/\/fmtinkunaco.ar\/index.php?rest_route=\/wp\/v2\/posts"}],"about":[{"href":"https:\/\/fmtinkunaco.ar\/index.php?rest_route=\/wp\/v2\/types\/post"}],"author":[{"embeddable":true,"href":"https:\/\/fmtinkunaco.ar\/index.php?rest_route=\/wp\/v2\/users\/1"}],"replies":[{"embeddable":true,"href":"https:\/\/fmtinkunaco.ar\/index.php?rest_route=%2Fwp%2Fv2%2Fcomments&post=4440"}],"version-history":[{"count":0,"href":"https:\/\/fmtinkunaco.ar\/index.php?rest_route=\/wp\/v2\/posts\/4440\/revisions"}],"wp:featuredmedia":[{"embeddable":true,"href":"https:\/\/fmtinkunaco.ar\/index.php?rest_route=\/"}],"wp:attachment":[{"href":"https:\/\/fmtinkunaco.ar\/index.php?rest_route=%2Fwp%2Fv2%2Fmedia&parent=4440"}],"wp:term":[{"taxonomy":"category","embeddable":true,"href":"https:\/\/fmtinkunaco.ar\/index.php?rest_route=%2Fwp%2Fv2%2Fcategories&post=4440"},{"taxonomy":"post_tag","embeddable":true,"href":"https:\/\/fmtinkunaco.ar\/index.php?rest_route=%2Fwp%2Fv2%2Ftags&post=4440"}],"curies":[{"name":"wp","href":"https:\/\/api.w.org\/{rel}","templated":true}]}}