{"id":4444,"date":"2022-03-25T13:49:46","date_gmt":"2022-03-25T16:49:46","guid":{"rendered":"http:\/\/fmtinkunaco.com.ar\/?p=4444"},"modified":"2022-03-25T13:49:46","modified_gmt":"2022-03-25T16:49:46","slug":"claudia-galvan-artista-de-san-miguel-postulada-a-los-premios-gardel-2022","status":"publish","type":"post","link":"https:\/\/fmtinkunaco.ar\/?p=4444","title":{"rendered":"Claudia Galv\u00e1n, Artista de San Miguel, postulada a los Premios Gardel 2022"},"content":{"rendered":"<p>Claudia Galv\u00e1n, es Artista oriunda del partido de San Miguel y Profesora de M\u00fasica en diferentes escuelas del territorio y en los \u00faltimos d\u00edas recibi\u00f3 la noticia sobre la postulaci\u00f3n en los Premios Gardel 2022 por su primer material discogr\u00e1fico\u00a0<strong>\u201cEcl\u00e9ctica\u201d<\/strong>.<\/p>\n<p>El material discogr\u00e1fico, es un disco instrumental de guitarra.<\/p>\n<p>En di\u00e1logo con el programa radial \u201cEncuentro con las Noticias\u201d, la artista Claudia Galv\u00e1n, se refiri\u00f3 a la postulaci\u00f3n de su material discogr\u00e1fico por segundo a\u00f1o consecutivo, <em>\u201cEste a\u00f1o tenemos la postulaci\u00f3n en el \u00edtem mejor video clip corto entonces hay seis videoclips se han generado sobretodo en a\u00f1o de cuarentena, el a\u00f1o pasado 2021, y bueno est\u00e1n postulados este 2022\u201d.<\/em><\/p>\n<p>Los videos postulados son: \u00abPreludio con aire de tango\u00bb, \u00abRecuerdos de la Alhambra\u00bb, \u00abPensamientos\u00bb, \u201cSur\u201d, \u201cSeptiembre y \u201cCumparsita\u201d.<\/p>\n<p>Las novedades y resultados sobre estas postulaciones se esperan para el mes de mayo, as\u00ed lo cont\u00f3 Galv\u00e1n, <em>\u201cEn el mes de mayo, ah\u00ed se va a estar realizando con todo el jurado que analiza y que eso es muy formal y bueno, van a estar viendo y vemos si estamos seleccionados para una segunda etapa\u201d.<\/em><br \/>\nFinalmente, Claudia Galv\u00e1n, se refiri\u00f3 a su pr\u00f3ximo disco, <em>\u201cYa se est\u00e1 preparando por suerte un material que quiere incluir obras m\u00e1s folcl\u00f3ricas argentinas y latinoamericanas nuestras que, presupuesto, en este primer disco est\u00e1n pero hay algunas que me han regalado artistas y compositores de diferentes partes del mundo con esto de las redes, y de conectarse por medio de la web, as\u00ed que he recibido regalos de obras y estoy seleccionando y esas son las que se van a grabar para el segundo disco\u201d.<\/em><br \/>\nCompartimos la entrevista completa<\/p>\n<p><a href=\"https:\/\/archive.org\/details\/audio-claudia-galvan-artista\">Descargar<\/a><\/p>\n<audio class=\"wp-audio-shortcode\" id=\"audio-4444-2\" preload=\"none\" style=\"width: 100%;\" controls=\"controls\"><source type=\"audio\/mpeg\" src=\"https:\/\/archive.org\/download\/audio-claudia-galvan-artista\/AUDIO%20-%20CLAUDIA%20GALVAN%20%28ARTISTA%29.mp3?_=2\" \/><a href=\"https:\/\/archive.org\/download\/audio-claudia-galvan-artista\/AUDIO%20-%20CLAUDIA%20GALVAN%20%28ARTISTA%29.mp3\">https:\/\/archive.org\/download\/audio-claudia-galvan-artista\/AUDIO%20-%20CLAUDIA%20GALVAN%20%28ARTISTA%29.mp3<\/a><\/audio>\n<div class=\"powerpress_player\" id=\"powerpress_player_3152\"><audio class=\"wp-audio-shortcode\" id=\"audio-4444-1\" preload=\"none\" style=\"width: 100%;\" controls=\"controls\"><source type=\"audio\/mpeg\" src=\"https:\/\/archive.org\/download\/audio-claudia-galvan-artista\/AUDIO%20-%20CLAUDIA%20GALVAN%20%28ARTISTA%29.mp3?_=1\" \/><a href=\"https:\/\/archive.org\/download\/audio-claudia-galvan-artista\/AUDIO%20-%20CLAUDIA%20GALVAN%20%28ARTISTA%29.mp3\">https:\/\/archive.org\/download\/audio-claudia-galvan-artista\/AUDIO%20-%20CLAUDIA%20GALVAN%20%28ARTISTA%29.mp3<\/a><\/audio><\/div><p class=\"powerpress_links powerpress_links_mp3\" style=\"margin-bottom: 1px !important;\">Podcast: <a href=\"https:\/\/archive.org\/download\/audio-claudia-galvan-artista\/AUDIO%20-%20CLAUDIA%20GALVAN%20%28ARTISTA%29.mp3\" class=\"powerpress_link_pinw\" target=\"_blank\" title=\"Reproducir en una nueva ventana\" onclick=\"return powerpress_pinw('https:\/\/fmtinkunaco.ar\/?powerpress_pinw=4444-podcast');\" rel=\"nofollow\">Reproducir en una nueva ventana<\/a> | <a href=\"https:\/\/archive.org\/download\/audio-claudia-galvan-artista\/AUDIO%20-%20CLAUDIA%20GALVAN%20%28ARTISTA%29.mp3\" class=\"powerpress_link_d\" title=\"Descargar\" rel=\"nofollow\" download=\"AUDIO%20-%20CLAUDIA%20GALVAN%20%28ARTISTA%29.mp3\">Descargar<\/a><\/p>","protected":false},"excerpt":{"rendered":"<p>Claudia Galv\u00e1n, es Artista oriunda del partido de San Miguel y Profesora de M\u00fasica en diferentes escuelas del territorio y en los \u00faltimos d\u00edas recibi\u00f3 la noticia sobre la postulaci\u00f3n en los Premios Gardel 2022 por su primer material discogr\u00e1fico\u00a0\u201cEcl\u00e9ctica\u201d. El material discogr\u00e1fico, es un disco instrumental de guitarra. En di\u00e1logo con el programa radial [&hellip;]<\/p>\n","protected":false},"author":1,"featured_media":4445,"comment_status":"open","ping_status":"open","sticky":false,"template":"","format":"standard","meta":{"footnotes":""},"categories":[3],"tags":[],"class_list":["post-4444","post","type-post","status-publish","format-standard","has-post-thumbnail","hentry","category-cultura"],"_links":{"self":[{"href":"https:\/\/fmtinkunaco.ar\/index.php?rest_route=\/wp\/v2\/posts\/4444","targetHints":{"allow":["GET"]}}],"collection":[{"href":"https:\/\/fmtinkunaco.ar\/index.php?rest_route=\/wp\/v2\/posts"}],"about":[{"href":"https:\/\/fmtinkunaco.ar\/index.php?rest_route=\/wp\/v2\/types\/post"}],"author":[{"embeddable":true,"href":"https:\/\/fmtinkunaco.ar\/index.php?rest_route=\/wp\/v2\/users\/1"}],"replies":[{"embeddable":true,"href":"https:\/\/fmtinkunaco.ar\/index.php?rest_route=%2Fwp%2Fv2%2Fcomments&post=4444"}],"version-history":[{"count":0,"href":"https:\/\/fmtinkunaco.ar\/index.php?rest_route=\/wp\/v2\/posts\/4444\/revisions"}],"wp:featuredmedia":[{"embeddable":true,"href":"https:\/\/fmtinkunaco.ar\/index.php?rest_route=\/"}],"wp:attachment":[{"href":"https:\/\/fmtinkunaco.ar\/index.php?rest_route=%2Fwp%2Fv2%2Fmedia&parent=4444"}],"wp:term":[{"taxonomy":"category","embeddable":true,"href":"https:\/\/fmtinkunaco.ar\/index.php?rest_route=%2Fwp%2Fv2%2Fcategories&post=4444"},{"taxonomy":"post_tag","embeddable":true,"href":"https:\/\/fmtinkunaco.ar\/index.php?rest_route=%2Fwp%2Fv2%2Ftags&post=4444"}],"curies":[{"name":"wp","href":"https:\/\/api.w.org\/{rel}","templated":true}]}}