{"id":4481,"date":"2022-04-04T13:32:18","date_gmt":"2022-04-04T16:32:18","guid":{"rendered":"http:\/\/fmtinkunaco.com.ar\/?p=4481"},"modified":"2022-04-04T13:32:18","modified_gmt":"2022-04-04T16:32:18","slug":"jose-c-paz-el-profesor-hugo-pacheco-volvio-a-su-cargo-de-director-el","status":"publish","type":"post","link":"https:\/\/fmtinkunaco.ar\/?p=4481","title":{"rendered":"Jos\u00e9. C. Paz: El profesor Hugo Pacheco volvi\u00f3 a su cargo de director"},"content":{"rendered":"<p>Luego de la movilizaci\u00f3n de la comunidad educativa de la escuela secundaria 34 de Jos\u00e9 C. Paz, \u00a0el profesor Hugo Pacheco, hoy, volvi\u00f3 a dirigir la instituci\u00f3n. Pacheco hab\u00eda sido desplazado de su cargo de director el lunes 28 de por decisi\u00f3n de la jefatura Distrital de Jos\u00e9 C. Paz en un claro intento de amedrentarlo por los reclamos constantes de mejores condiciones para la escuela.<\/p>\n<p>Adriana, una de las mam\u00e1s que march\u00f3 hasta Jefatura Distrital, sostuvo que el apartamiento del director fue por no mirar para otro lado ante los problemas de la escuela, y manifest\u00f3 que la comunidad iba a luchar hasta que se d\u00e9 marcha atr\u00e1s con esta injusta decisi\u00f3n.<\/p>\n<p>El d\u00eda viernes, 1 de abril, por la tardes se dio a conocer la noticia sobre la marcha atr\u00e1s en la decisi\u00f3n de desplazarlo de su cargo.<\/p>\n<p>En di\u00e1logo con el programa radial \u201cEncuentro con las Noticias\u201d, Hugo Pacheco, se refiri\u00f3 a esta decisi\u00f3n que se le inform\u00f3 el viernes, <em>\u201cMe notificaron que quedaba desestimado, sin efecto, anulado el desplazamiento de mi cargo por considerarlo improcedente y por estar viciado de total nulidad\u201d.<\/em><\/p>\n<p>Pacheco, adem\u00e1s, expres\u00f3 su felicidad, <em>\u201cEstoy muy contento, muy feliz, vine hoy bien temprano para poder charlar con la comunidad educativa, recibir a los alumnos y manifestarles primero mi alegr\u00eda porque han hecho un uso de ciudadan\u00eda muy pero muy importante y han sentado precedente pr\u00e1cticamente hist\u00f3rico en restituir, pr\u00e1cticamente, en tiempo record a un director que injustamente hab\u00eda sido desplazado de su cargo por luchar por las condiciones de estudio de sus alumnos y de trabajo de sus docentes\u201d.<\/em><\/p>\n<p>Compartimos la entrevista completa<\/p>\n<p><a href=\"https:\/\/archive.org\/details\/audio-hugo-pacheco-04-04-2022\">Descargar<\/a><\/p>\n<audio class=\"wp-audio-shortcode\" id=\"audio-4481-2\" preload=\"none\" style=\"width: 100%;\" controls=\"controls\"><source type=\"audio\/mpeg\" src=\"https:\/\/archive.org\/download\/audio-hugo-pacheco-04-04-2022\/AUDIO%20-%20HUGO%20PACHECO%2004%2004%202022.mp3?_=2\" \/><a href=\"https:\/\/archive.org\/download\/audio-hugo-pacheco-04-04-2022\/AUDIO%20-%20HUGO%20PACHECO%2004%2004%202022.mp3\">https:\/\/archive.org\/download\/audio-hugo-pacheco-04-04-2022\/AUDIO%20-%20HUGO%20PACHECO%2004%2004%202022.mp3<\/a><\/audio>\n<div class=\"powerpress_player\" id=\"powerpress_player_4251\"><audio class=\"wp-audio-shortcode\" id=\"audio-4481-1\" preload=\"none\" style=\"width: 100%;\" controls=\"controls\"><source type=\"audio\/mpeg\" src=\"https:\/\/archive.org\/download\/audio-hugo-pacheco-04-04-2022\/AUDIO%20-%20HUGO%20PACHECO%2004%2004%202022.mp3?_=1\" \/><a href=\"https:\/\/archive.org\/download\/audio-hugo-pacheco-04-04-2022\/AUDIO%20-%20HUGO%20PACHECO%2004%2004%202022.mp3\">https:\/\/archive.org\/download\/audio-hugo-pacheco-04-04-2022\/AUDIO%20-%20HUGO%20PACHECO%2004%2004%202022.mp3<\/a><\/audio><\/div><p class=\"powerpress_links powerpress_links_mp3\" style=\"margin-bottom: 1px !important;\">Podcast: <a href=\"https:\/\/archive.org\/download\/audio-hugo-pacheco-04-04-2022\/AUDIO%20-%20HUGO%20PACHECO%2004%2004%202022.mp3\" class=\"powerpress_link_pinw\" target=\"_blank\" title=\"Reproducir en una nueva ventana\" onclick=\"return powerpress_pinw('https:\/\/fmtinkunaco.ar\/?powerpress_pinw=4481-podcast');\" rel=\"nofollow\">Reproducir en una nueva ventana<\/a> | <a href=\"https:\/\/archive.org\/download\/audio-hugo-pacheco-04-04-2022\/AUDIO%20-%20HUGO%20PACHECO%2004%2004%202022.mp3\" class=\"powerpress_link_d\" title=\"Descargar\" rel=\"nofollow\" download=\"AUDIO%20-%20HUGO%20PACHECO%2004%2004%202022.mp3\">Descargar<\/a><\/p>","protected":false},"excerpt":{"rendered":"<p>Luego de la movilizaci\u00f3n de la comunidad educativa de la escuela secundaria 34 de Jos\u00e9 C. Paz, \u00a0el profesor Hugo Pacheco, hoy, volvi\u00f3 a dirigir la instituci\u00f3n. Pacheco hab\u00eda sido desplazado de su cargo de director el lunes 28 de por decisi\u00f3n de la jefatura Distrital de Jos\u00e9 C. Paz en un claro intento de [&hellip;]<\/p>\n","protected":false},"author":1,"featured_media":4482,"comment_status":"open","ping_status":"open","sticky":false,"template":"","format":"standard","meta":{"footnotes":""},"categories":[5],"tags":[],"class_list":["post-4481","post","type-post","status-publish","format-standard","has-post-thumbnail","hentry","category-educacion"],"_links":{"self":[{"href":"https:\/\/fmtinkunaco.ar\/index.php?rest_route=\/wp\/v2\/posts\/4481","targetHints":{"allow":["GET"]}}],"collection":[{"href":"https:\/\/fmtinkunaco.ar\/index.php?rest_route=\/wp\/v2\/posts"}],"about":[{"href":"https:\/\/fmtinkunaco.ar\/index.php?rest_route=\/wp\/v2\/types\/post"}],"author":[{"embeddable":true,"href":"https:\/\/fmtinkunaco.ar\/index.php?rest_route=\/wp\/v2\/users\/1"}],"replies":[{"embeddable":true,"href":"https:\/\/fmtinkunaco.ar\/index.php?rest_route=%2Fwp%2Fv2%2Fcomments&post=4481"}],"version-history":[{"count":0,"href":"https:\/\/fmtinkunaco.ar\/index.php?rest_route=\/wp\/v2\/posts\/4481\/revisions"}],"wp:featuredmedia":[{"embeddable":true,"href":"https:\/\/fmtinkunaco.ar\/index.php?rest_route=\/"}],"wp:attachment":[{"href":"https:\/\/fmtinkunaco.ar\/index.php?rest_route=%2Fwp%2Fv2%2Fmedia&parent=4481"}],"wp:term":[{"taxonomy":"category","embeddable":true,"href":"https:\/\/fmtinkunaco.ar\/index.php?rest_route=%2Fwp%2Fv2%2Fcategories&post=4481"},{"taxonomy":"post_tag","embeddable":true,"href":"https:\/\/fmtinkunaco.ar\/index.php?rest_route=%2Fwp%2Fv2%2Ftags&post=4481"}],"curies":[{"name":"wp","href":"https:\/\/api.w.org\/{rel}","templated":true}]}}