{"id":4492,"date":"2022-04-06T14:17:38","date_gmt":"2022-04-06T17:17:38","guid":{"rendered":"http:\/\/fmtinkunaco.com.ar\/?p=4492"},"modified":"2022-04-06T14:17:38","modified_gmt":"2022-04-06T17:17:38","slug":"cicop-acepto-en-disconformidad-la-propuesta-paritaria-del-gobierno-provincial","status":"publish","type":"post","link":"https:\/\/fmtinkunaco.ar\/?p=4492","title":{"rendered":"CICOP acept\u00f3 en disconformidad la propuesta paritaria del Gobierno provincial"},"content":{"rendered":"<p>Luego de realizar asambleas y consultas, a nivel nacional, la Asociaci\u00f3n Sindical de Profesionales de la Salud de la Provincia de Buenos Aires (CICOP), acept\u00f3 en disconformidad la propuesta paritaria del gobierno provincial con el 75,4% de los votos de lxs delegadxs que llevaron al Congreso provincial el mandato de sus seccionales.<\/p>\n<p>De esta manera, el salario de bolsillo se incrementar\u00e1 en un 44,5% promedio con un aumento levemente superior para quienes cuentan con mayor antig\u00fcedad, llegando al 45%.<\/p>\n<p>En di\u00e1logo con el programa radial \u201cEncuentro con las Noticias\u201d, An\u00edbal Aristizabal, Secretario Gremial de CICOP, se refiri\u00f3 a la disconformidad con que se acept\u00f3 la propuesta, <em>\u201cEn disconformidad, puntualmente, porque los compa\u00f1eros en las asambleas, a lo que yo suscribo, entendieron y entiendo que no se est\u00e1 haciendo un debido reconocimiento a la labor realizada por el equipo de salud, ni est\u00e1 sucediendo la recomposici\u00f3n salarial a la que se comprometi\u00f3 la administraci\u00f3n del Gobernador Kicillof cuando asumi\u00f3 la responsabilidad de gobernar la provincia de Buenos Aires. Nos dan una paritaria que es, en el mejor de los casos, un ajuste inflacionario, en una situaci\u00f3n de mucha volatilidad en la inflaci\u00f3n, de mucho descontrol en los precios y de una p\u00e9rdida progresiva de la capacidad de compra de equipo de salud que tambi\u00e9n de alguna manera se balanceo a la hora de cerrar la paritaria porque lo que entendieron, entiendo yo, las asambleas o por lo menos as\u00ed lo balanceamos en la asamblea del Hospital Fiorito es que ten\u00edamos un salario muy muy atrasados y necesit\u00e1bamos en forma acuciante un aumento en los haberes que percibimos\u201d.<\/em><\/p>\n<p>Aristizabal, adem\u00e1s, describi\u00f3 el acuerdo firmado, <em>\u201cHay tres cuotas en el acuerdo, una primera que se percibe en marzo pero que no se lleg\u00f3 a liquidar en marzo porque la paritaria se cerr\u00f3 a fines de marzo, que es de 17,4%, un segundo tramo en julio de 28,8% y una \u00faltima en septiembre de un 44,5% que es, hay que decirlo la paritaria m\u00e1s alta dentro de los estatales de la provincia y yo te dir\u00eda dentro de los estatales a nivel nacional, pero al mismo tiempo no es la recomposici\u00f3n que estamos pidiendo y a la que el gobierno se comprometi\u00f3\u201d.<\/em><\/p>\n<p>Adem\u00e1s, habr\u00e1 una revisi\u00f3n, es decir una reapertura en el mes de septiembre y una cl\u00e1usula que responde a que en caso de que la inflaci\u00f3n supere los par\u00e1metros establecidos en el acuerdo se abrir\u00eda de manera inmediata la negociaci\u00f3n.<\/p>\n<p>Compartimos la entrevista completa<\/p>\n<p><a href=\"https:\/\/archive.org\/details\/audio-anibal-aristizabal-06-04-2022\">Descargar<\/a><\/p>\n<audio class=\"wp-audio-shortcode\" id=\"audio-4492-2\" preload=\"none\" style=\"width: 100%;\" controls=\"controls\"><source type=\"audio\/mpeg\" src=\"https:\/\/archive.org\/download\/audio-anibal-aristizabal-06-04-2022\/AUDIO%20-%20ANIBAL%20ARISTIZABAL%2006%2004%202022.mp3?_=2\" \/><a href=\"https:\/\/archive.org\/download\/audio-anibal-aristizabal-06-04-2022\/AUDIO%20-%20ANIBAL%20ARISTIZABAL%2006%2004%202022.mp3\">https:\/\/archive.org\/download\/audio-anibal-aristizabal-06-04-2022\/AUDIO%20-%20ANIBAL%20ARISTIZABAL%2006%2004%202022.mp3<\/a><\/audio>\n<div class=\"powerpress_player\" id=\"powerpress_player_5379\"><audio class=\"wp-audio-shortcode\" id=\"audio-4492-1\" preload=\"none\" style=\"width: 100%;\" controls=\"controls\"><source type=\"audio\/mpeg\" src=\"https:\/\/archive.org\/download\/audio-anibal-aristizabal-06-04-2022\/AUDIO%20-%20ANIBAL%20ARISTIZABAL%2006%2004%202022.mp3?_=1\" \/><a href=\"https:\/\/archive.org\/download\/audio-anibal-aristizabal-06-04-2022\/AUDIO%20-%20ANIBAL%20ARISTIZABAL%2006%2004%202022.mp3\">https:\/\/archive.org\/download\/audio-anibal-aristizabal-06-04-2022\/AUDIO%20-%20ANIBAL%20ARISTIZABAL%2006%2004%202022.mp3<\/a><\/audio><\/div><p class=\"powerpress_links powerpress_links_mp3\" style=\"margin-bottom: 1px !important;\">Podcast: <a href=\"https:\/\/archive.org\/download\/audio-anibal-aristizabal-06-04-2022\/AUDIO%20-%20ANIBAL%20ARISTIZABAL%2006%2004%202022.mp3\" class=\"powerpress_link_pinw\" target=\"_blank\" title=\"Reproducir en una nueva ventana\" onclick=\"return powerpress_pinw('https:\/\/fmtinkunaco.ar\/?powerpress_pinw=4492-podcast');\" rel=\"nofollow\">Reproducir en una nueva ventana<\/a> | <a href=\"https:\/\/archive.org\/download\/audio-anibal-aristizabal-06-04-2022\/AUDIO%20-%20ANIBAL%20ARISTIZABAL%2006%2004%202022.mp3\" class=\"powerpress_link_d\" title=\"Descargar\" rel=\"nofollow\" download=\"AUDIO%20-%20ANIBAL%20ARISTIZABAL%2006%2004%202022.mp3\">Descargar<\/a><\/p>","protected":false},"excerpt":{"rendered":"<p>Luego de realizar asambleas y consultas, a nivel nacional, la Asociaci\u00f3n Sindical de Profesionales de la Salud de la Provincia de Buenos Aires (CICOP), acept\u00f3 en disconformidad la propuesta paritaria del gobierno provincial con el 75,4% de los votos de lxs delegadxs que llevaron al Congreso provincial el mandato de sus seccionales. De esta manera, [&hellip;]<\/p>\n","protected":false},"author":1,"featured_media":4493,"comment_status":"open","ping_status":"open","sticky":false,"template":"","format":"standard","meta":{"footnotes":""},"categories":[7],"tags":[],"class_list":["post-4492","post","type-post","status-publish","format-standard","has-post-thumbnail","hentry","category-salud"],"_links":{"self":[{"href":"https:\/\/fmtinkunaco.ar\/index.php?rest_route=\/wp\/v2\/posts\/4492","targetHints":{"allow":["GET"]}}],"collection":[{"href":"https:\/\/fmtinkunaco.ar\/index.php?rest_route=\/wp\/v2\/posts"}],"about":[{"href":"https:\/\/fmtinkunaco.ar\/index.php?rest_route=\/wp\/v2\/types\/post"}],"author":[{"embeddable":true,"href":"https:\/\/fmtinkunaco.ar\/index.php?rest_route=\/wp\/v2\/users\/1"}],"replies":[{"embeddable":true,"href":"https:\/\/fmtinkunaco.ar\/index.php?rest_route=%2Fwp%2Fv2%2Fcomments&post=4492"}],"version-history":[{"count":0,"href":"https:\/\/fmtinkunaco.ar\/index.php?rest_route=\/wp\/v2\/posts\/4492\/revisions"}],"wp:featuredmedia":[{"embeddable":true,"href":"https:\/\/fmtinkunaco.ar\/index.php?rest_route=\/"}],"wp:attachment":[{"href":"https:\/\/fmtinkunaco.ar\/index.php?rest_route=%2Fwp%2Fv2%2Fmedia&parent=4492"}],"wp:term":[{"taxonomy":"category","embeddable":true,"href":"https:\/\/fmtinkunaco.ar\/index.php?rest_route=%2Fwp%2Fv2%2Fcategories&post=4492"},{"taxonomy":"post_tag","embeddable":true,"href":"https:\/\/fmtinkunaco.ar\/index.php?rest_route=%2Fwp%2Fv2%2Ftags&post=4492"}],"curies":[{"name":"wp","href":"https:\/\/api.w.org\/{rel}","templated":true}]}}