{"id":4499,"date":"2022-04-12T10:40:14","date_gmt":"2022-04-12T13:40:14","guid":{"rendered":"http:\/\/fmtinkunaco.com.ar\/?p=4499"},"modified":"2022-04-12T10:40:14","modified_gmt":"2022-04-12T13:40:14","slug":"la-asociacion-de-sobrevivientes-familiares-companeras-y-companeros-de-campo-de-mayo-denuncian-un-nuevo-acto-de-vandalizacion","status":"publish","type":"post","link":"https:\/\/fmtinkunaco.ar\/?p=4499","title":{"rendered":"La Asociaci\u00f3n de Sobrevivientes, Familiares, Compa\u00f1eras y Compa\u00f1eros de Campo de Mayo denuncian un nuevo acto de vandalizaci\u00f3n"},"content":{"rendered":"<p>Ma\u00f1ana, mi\u00e9rcoles 13 de abril, a partir de las 14hs la Asociaci\u00f3n de Sobrevivientes, Familiares, Compa\u00f1eras y Compa\u00f1eros de Campo de Mayo vuelve a ingresar a \u201cEl Campito\u201d y denunciar\u00e1 un nuevo hecho de vandalismo a la memoria de Floreal \u201cEl Negrito\u201d Avellaneda y de los 30mil.<\/p>\n<p>Es el tercer hecho de vandalismo que la asociaci\u00f3n denuncia desde que se instal\u00f3 la imagen de Floreal a metros del se\u00f1alamiento. En este caso, arrojaron pintura roja sobre su imagen.<\/p>\n<p>En di\u00e1logo con el programa radial \u201cEncuentro con las Noticias\u201d, Iris Avellaneda, mam\u00e1 de \u201cEl Negrito\u201d Avellaneda, sobreviviente de Campo de Mayo y Presidenta de la Asociaci\u00f3n de Sobrevivientes, Familiares, Compa\u00f1eras y Compa\u00f1eros de Campo de Mayo, se refiri\u00f3 a esta situaci\u00f3n, <em>\u201cEs una verg\u00fcenza lo que han hecho, pero hemos hecho la denuncia a todas las organizaciones, a Sitios de Memoria, a la Jueza, a Defensa, creo que no nos ha quedado un lugar donde hacer la denuncia. Lo que pasa es que Campo de Mayo es muy dif\u00edcil, nosotros los sobrevivientes nos hemos metido en camisa de once varas pero creo que vamos a salir airosos porque no les vamos a perdonar que sigan haciendo esto, estos estragos que est\u00e1n haciendo porque est\u00e1n vandalizando la imagen de nuestros queridos muertos\u201d.<\/em><\/p>\n<p>Avellaneda, adem\u00e1s, remarco que desde Defensa le aseguraron la instalaci\u00f3n de una c\u00e1mara, <em>\u201cAyer me llamo Eduardo, uno de los compa\u00f1eros que est\u00e1 en Defensa, y se comprometieron a que iban a poner una c\u00e1mara; porque la c\u00e1mara estaba pero mira qu\u00e9 casualidad que el d\u00eda que pusimos la imagen del Negrito la c\u00e1mara no estaba, era algo raro\u201d.<\/em><\/p>\n<p>Finalmente, Iris, se refiri\u00f3 a El Campito como un Sitio de Memoria, <em>\u201cNosotros vamos a seguir insistiendo para que El Campito sea nuestro, que nosotros los sobrevivientes podamos estar ah\u00ed, y lo que pretendemos es que no est\u00e9n los milicos ah\u00ed rondando como si fueran moscas, no los queremos a los milicos, ya hicieron estragos, ya hicieron de todo, que es muy dif\u00edcil Campo de Mayo, es muy grande y ac\u00e1 los fachos siguen todav\u00eda. Ac\u00e1 los fachos tienen mucho poder\u201d.<\/em><\/p>\n<p>La Asociaci\u00f3n concentrar\u00e1 en Avenida Ideoate, frente a la entrada del Pol\u00edgono de Tiro, desde all\u00ed se marchar\u00e1 e ingresar\u00e1 a \u201cEl Campito\u201d. Ma\u00f1ana, mi\u00e9rcoles 12 de abril, a partir de las 14hs.<\/p>\n<p>Compartimos la entrevista completa<\/p>\n<p><a href=\"https:\/\/archive.org\/details\/audio-graciela-capodoglio-central-meteorologica\">Descargar<\/a><\/p>\n<audio class=\"wp-audio-shortcode\" id=\"audio-4499-2\" preload=\"none\" style=\"width: 100%;\" controls=\"controls\"><source type=\"audio\/mpeg\" src=\"https:\/\/archive.org\/download\/audio-graciela-capodoglio-central-meteorologica\/AUDIO%20-%20IRIS%20AVELLANEDA%2012%2004%202022.mp3?_=2\" \/><a href=\"https:\/\/archive.org\/download\/audio-graciela-capodoglio-central-meteorologica\/AUDIO%20-%20IRIS%20AVELLANEDA%2012%2004%202022.mp3\">https:\/\/archive.org\/download\/audio-graciela-capodoglio-central-meteorologica\/AUDIO%20-%20IRIS%20AVELLANEDA%2012%2004%202022.mp3<\/a><\/audio>\n<div class=\"powerpress_player\" id=\"powerpress_player_7639\"><audio class=\"wp-audio-shortcode\" id=\"audio-4499-1\" preload=\"none\" style=\"width: 100%;\" controls=\"controls\"><source type=\"audio\/mpeg\" src=\"https:\/\/archive.org\/download\/audio-graciela-capodoglio-central-meteorologica\/AUDIO%20-%20IRIS%20AVELLANEDA%2012%2004%202022.mp3?_=1\" \/><a href=\"https:\/\/archive.org\/download\/audio-graciela-capodoglio-central-meteorologica\/AUDIO%20-%20IRIS%20AVELLANEDA%2012%2004%202022.mp3\">https:\/\/archive.org\/download\/audio-graciela-capodoglio-central-meteorologica\/AUDIO%20-%20IRIS%20AVELLANEDA%2012%2004%202022.mp3<\/a><\/audio><\/div><p class=\"powerpress_links powerpress_links_mp3\" style=\"margin-bottom: 1px !important;\">Podcast: <a href=\"https:\/\/archive.org\/download\/audio-graciela-capodoglio-central-meteorologica\/AUDIO%20-%20IRIS%20AVELLANEDA%2012%2004%202022.mp3\" class=\"powerpress_link_pinw\" target=\"_blank\" title=\"Reproducir en una nueva ventana\" onclick=\"return powerpress_pinw('https:\/\/fmtinkunaco.ar\/?powerpress_pinw=4499-podcast');\" rel=\"nofollow\">Reproducir en una nueva ventana<\/a> | <a href=\"https:\/\/archive.org\/download\/audio-graciela-capodoglio-central-meteorologica\/AUDIO%20-%20IRIS%20AVELLANEDA%2012%2004%202022.mp3\" class=\"powerpress_link_d\" title=\"Descargar\" rel=\"nofollow\" download=\"AUDIO%20-%20IRIS%20AVELLANEDA%2012%2004%202022.mp3\">Descargar<\/a><\/p>","protected":false},"excerpt":{"rendered":"<p>Ma\u00f1ana, mi\u00e9rcoles 13 de abril, a partir de las 14hs la Asociaci\u00f3n de Sobrevivientes, Familiares, Compa\u00f1eras y Compa\u00f1eros de Campo de Mayo vuelve a ingresar a \u201cEl Campito\u201d y denunciar\u00e1 un nuevo hecho de vandalismo a la memoria de Floreal \u201cEl Negrito\u201d Avellaneda y de los 30mil. Es el tercer hecho de vandalismo que la [&hellip;]<\/p>\n","protected":false},"author":1,"featured_media":4500,"comment_status":"open","ping_status":"open","sticky":false,"template":"","format":"standard","meta":{"footnotes":""},"categories":[4],"tags":[],"class_list":["post-4499","post","type-post","status-publish","format-standard","has-post-thumbnail","hentry","category-derechos-humanos"],"_links":{"self":[{"href":"https:\/\/fmtinkunaco.ar\/index.php?rest_route=\/wp\/v2\/posts\/4499","targetHints":{"allow":["GET"]}}],"collection":[{"href":"https:\/\/fmtinkunaco.ar\/index.php?rest_route=\/wp\/v2\/posts"}],"about":[{"href":"https:\/\/fmtinkunaco.ar\/index.php?rest_route=\/wp\/v2\/types\/post"}],"author":[{"embeddable":true,"href":"https:\/\/fmtinkunaco.ar\/index.php?rest_route=\/wp\/v2\/users\/1"}],"replies":[{"embeddable":true,"href":"https:\/\/fmtinkunaco.ar\/index.php?rest_route=%2Fwp%2Fv2%2Fcomments&post=4499"}],"version-history":[{"count":0,"href":"https:\/\/fmtinkunaco.ar\/index.php?rest_route=\/wp\/v2\/posts\/4499\/revisions"}],"wp:featuredmedia":[{"embeddable":true,"href":"https:\/\/fmtinkunaco.ar\/index.php?rest_route=\/"}],"wp:attachment":[{"href":"https:\/\/fmtinkunaco.ar\/index.php?rest_route=%2Fwp%2Fv2%2Fmedia&parent=4499"}],"wp:term":[{"taxonomy":"category","embeddable":true,"href":"https:\/\/fmtinkunaco.ar\/index.php?rest_route=%2Fwp%2Fv2%2Fcategories&post=4499"},{"taxonomy":"post_tag","embeddable":true,"href":"https:\/\/fmtinkunaco.ar\/index.php?rest_route=%2Fwp%2Fv2%2Ftags&post=4499"}],"curies":[{"name":"wp","href":"https:\/\/api.w.org\/{rel}","templated":true}]}}