{"id":4502,"date":"2022-04-13T10:47:01","date_gmt":"2022-04-13T13:47:01","guid":{"rendered":"http:\/\/fmtinkunaco.com.ar\/?p=4502"},"modified":"2022-04-13T10:47:01","modified_gmt":"2022-04-13T13:47:01","slug":"barrios-de-pie-inaugura-una-sede-de-la-universidad-popular-el-moreno","status":"publish","type":"post","link":"https:\/\/fmtinkunaco.ar\/?p=4502","title":{"rendered":"Barrios de Pie inaugura una sede de la Universidad Popular el Moreno"},"content":{"rendered":"<p>Hoy, mi\u00e9rcoles 13 de abril, a partir de las 17hs se Barrios de Pie convoca a la inauguraci\u00f3n de la sede en Moreno, de la Universidad Popular, en la calle Joly 2032.<\/p>\n<p>La inauguraci\u00f3n contara con la presentaci\u00f3n del libro \u00abGeneraci\u00f3n del 2001\u00bb de Mat\u00edas Cambiaggi; con la presencia de la Responsable Provincial de Universidad Popular, Vicky Lucena y tendr\u00e1 un cierre musical.<\/p>\n<p>En di\u00e1logo con el programa radial \u201cEncuentro con las Noticias\u201d, Lucas Franco, Concejal de Moreno por el Frente de Todos e integrante de Barrios de Pie, se refiri\u00f3 a lo que significa la universidad popular, <em>\u201cLa Universidad Popular es una instituci\u00f3n que construy\u00f3 nuestra organizaci\u00f3n Barrios de Pie hace unos a\u00f1os ya, que es una estrategia pedag\u00f3gica primero pensando en la historia de las universidades que han creado las organizaciones populares de Latinoam\u00e9rica. (\u2026) Nosotros tomando esa experiencia, iniciamos una humilde experiencia en nuestro pa\u00eds que es la de tener una universidad de los movimientos popular\u201d.<\/em><\/p>\n<p>Franco, adem\u00e1s, remarc\u00f3 la importancia de tener una sede en Moreno, <em>\u201cLo que implica para nosotros tener una sede descentralizada de esta herramienta en Moreno es una oportunidad tambi\u00e9n para desarrollar actividades y herramientas pedag\u00f3gicas para nuestros compa\u00f1eros y compa\u00f1eras de la organizaci\u00f3n pero tambi\u00e9n para la comunidad. (\u2026) La universidad popular de Barrios de Pie trabaja recuperando la metodolog\u00eda de la educaci\u00f3n popular y recuperando los saberes que anidan en la organizaci\u00f3n popular convirti\u00e9ndolos en herramientas de capacitaci\u00f3n pedag\u00f3gica; no es nuestro objetivo competir con las estrategias de educaci\u00f3n formal si no complementarlas\u201d.<\/em><\/p>\n<p>La invitaci\u00f3n es hoy, a partir de las 17hs, en Joly 2032.<\/p>\n<p>Compartimos la entrevista completa<\/p>\n<p><a href=\"https:\/\/archive.org\/details\/audio-lucas-franco-13-04-2022\">Descargar<\/a><\/p>\n<audio class=\"wp-audio-shortcode\" id=\"audio-4502-2\" preload=\"none\" style=\"width: 100%;\" controls=\"controls\"><source type=\"audio\/mpeg\" src=\"https:\/\/archive.org\/download\/audio-lucas-franco-13-04-2022\/AUDIO%20-%20LUCAS%20FRANCO%2013%2004%202022.mp3?_=2\" \/><a href=\"https:\/\/archive.org\/download\/audio-lucas-franco-13-04-2022\/AUDIO%20-%20LUCAS%20FRANCO%2013%2004%202022.mp3\">https:\/\/archive.org\/download\/audio-lucas-franco-13-04-2022\/AUDIO%20-%20LUCAS%20FRANCO%2013%2004%202022.mp3<\/a><\/audio>\n<div class=\"powerpress_player\" id=\"powerpress_player_2316\"><audio class=\"wp-audio-shortcode\" id=\"audio-4502-1\" preload=\"none\" style=\"width: 100%;\" controls=\"controls\"><source type=\"audio\/mpeg\" src=\"https:\/\/archive.org\/download\/audio-lucas-franco-13-04-2022\/AUDIO%20-%20LUCAS%20FRANCO%2013%2004%202022.mp3?_=1\" \/><a href=\"https:\/\/archive.org\/download\/audio-lucas-franco-13-04-2022\/AUDIO%20-%20LUCAS%20FRANCO%2013%2004%202022.mp3\">https:\/\/archive.org\/download\/audio-lucas-franco-13-04-2022\/AUDIO%20-%20LUCAS%20FRANCO%2013%2004%202022.mp3<\/a><\/audio><\/div><p class=\"powerpress_links powerpress_links_mp3\" style=\"margin-bottom: 1px !important;\">Podcast: <a href=\"https:\/\/archive.org\/download\/audio-lucas-franco-13-04-2022\/AUDIO%20-%20LUCAS%20FRANCO%2013%2004%202022.mp3\" class=\"powerpress_link_pinw\" target=\"_blank\" title=\"Reproducir en una nueva ventana\" onclick=\"return powerpress_pinw('https:\/\/fmtinkunaco.ar\/?powerpress_pinw=4502-podcast');\" rel=\"nofollow\">Reproducir en una nueva ventana<\/a> | <a href=\"https:\/\/archive.org\/download\/audio-lucas-franco-13-04-2022\/AUDIO%20-%20LUCAS%20FRANCO%2013%2004%202022.mp3\" class=\"powerpress_link_d\" title=\"Descargar\" rel=\"nofollow\" download=\"AUDIO%20-%20LUCAS%20FRANCO%2013%2004%202022.mp3\">Descargar<\/a><\/p>","protected":false},"excerpt":{"rendered":"<p>Hoy, mi\u00e9rcoles 13 de abril, a partir de las 17hs se Barrios de Pie convoca a la inauguraci\u00f3n de la sede en Moreno, de la Universidad Popular, en la calle Joly 2032. La inauguraci\u00f3n contara con la presentaci\u00f3n del libro \u00abGeneraci\u00f3n del 2001\u00bb de Mat\u00edas Cambiaggi; con la presencia de la Responsable Provincial de Universidad [&hellip;]<\/p>\n","protected":false},"author":1,"featured_media":4503,"comment_status":"open","ping_status":"open","sticky":false,"template":"","format":"standard","meta":{"footnotes":""},"categories":[5],"tags":[],"class_list":["post-4502","post","type-post","status-publish","format-standard","has-post-thumbnail","hentry","category-educacion"],"_links":{"self":[{"href":"https:\/\/fmtinkunaco.ar\/index.php?rest_route=\/wp\/v2\/posts\/4502","targetHints":{"allow":["GET"]}}],"collection":[{"href":"https:\/\/fmtinkunaco.ar\/index.php?rest_route=\/wp\/v2\/posts"}],"about":[{"href":"https:\/\/fmtinkunaco.ar\/index.php?rest_route=\/wp\/v2\/types\/post"}],"author":[{"embeddable":true,"href":"https:\/\/fmtinkunaco.ar\/index.php?rest_route=\/wp\/v2\/users\/1"}],"replies":[{"embeddable":true,"href":"https:\/\/fmtinkunaco.ar\/index.php?rest_route=%2Fwp%2Fv2%2Fcomments&post=4502"}],"version-history":[{"count":0,"href":"https:\/\/fmtinkunaco.ar\/index.php?rest_route=\/wp\/v2\/posts\/4502\/revisions"}],"wp:featuredmedia":[{"embeddable":true,"href":"https:\/\/fmtinkunaco.ar\/index.php?rest_route=\/"}],"wp:attachment":[{"href":"https:\/\/fmtinkunaco.ar\/index.php?rest_route=%2Fwp%2Fv2%2Fmedia&parent=4502"}],"wp:term":[{"taxonomy":"category","embeddable":true,"href":"https:\/\/fmtinkunaco.ar\/index.php?rest_route=%2Fwp%2Fv2%2Fcategories&post=4502"},{"taxonomy":"post_tag","embeddable":true,"href":"https:\/\/fmtinkunaco.ar\/index.php?rest_route=%2Fwp%2Fv2%2Ftags&post=4502"}],"curies":[{"name":"wp","href":"https:\/\/api.w.org\/{rel}","templated":true}]}}