{"id":4516,"date":"2022-04-19T10:52:43","date_gmt":"2022-04-19T13:52:43","guid":{"rendered":"http:\/\/fmtinkunaco.com.ar\/?p=4516"},"modified":"2022-04-19T10:52:43","modified_gmt":"2022-04-19T13:52:43","slug":"termino-el-primer-curso-de-agentes-multiplicadores-de-salud-y-arranco-la-segunda-cohorte","status":"publish","type":"post","link":"https:\/\/fmtinkunaco.ar\/?p=4516","title":{"rendered":"Termin\u00f3 el Primer Curso de Agentes Multiplicadores de Salud y arranc\u00f3 la segunda cohorte"},"content":{"rendered":"<p>Culmin\u00f3 el Curso de Agentes Multiplicadores de Salud que era convocado en conjunto por la Asociaci\u00f3n de Agentes Multiplicadores de Salud junto al Espacio de G\u00e9neros Integral \u201cFrida Khalo\u201d y ya le dieron la bienvenida a la segunda cohorte.<\/p>\n<p>En di\u00e1logo con el programa radial \u201cEncuentro con las Noticias\u201d, Claudia \u201cQolka\u201d Ben\u00edtez, referente del Espacio de G\u00e9neros Integral \u201cFrida Khalo\u201d de Jos\u00e9. C. Paz, se refiri\u00f3 a este proyecto, <em>\u201cLa verdad que estamos muy contentos y nos dio la energ\u00eda para poder hacer otro tambi\u00e9n. (\u2026) S\u00ed bien hab\u00eda una experiencia, la Asociaci\u00f3n de Agentes Multiplicadores de Salud ya ten\u00eda una historia, ya ven\u00eda trabajando mucho en el territorio. Y ellos ten\u00edan mucha experiencia en eso pero nosotros sent\u00edamos que a la salud hab\u00eda que darle otra vuelta tambi\u00e9n, que era la perspectiva de g\u00e9nero. Nosotros, b\u00e1sicamente, hacemos eso as\u00ed que nos pareci\u00f3 una linda combinaci\u00f3n y fue as\u00ed de productiva porque los proyectos que salieron fueron muy importantes y adem\u00e1s, lo rico de habernos nutrido en el territorio porque cada 15 d\u00edas sal\u00edamos al territorio\u201d.<\/em><\/p>\n<p>Ben\u00edtez, adem\u00e1s, hizo referencia a la segunda cohorte del curso, <em>\u201cPara esta segunda cohorte hay 30 y piquito de inscriptos y si bien entrar\u00edamos como muy apretados en el Espacio de G\u00e9neros pero pensamos que haya un espacio donde podamos tener una distancia, a\u00fan estamos en pandemia. Y cuando vimos la cantidad de inscriptos dijimos vamos a salir a buscar otro lugar porque pensamos que iba a ser as\u00ed pero no pensamos que iba a sostener tanta gente. As\u00ed que nosotros estamos muy contentos con esta capacitaci\u00f3n\u201d.<\/em><\/p>\n<p>Adem\u00e1s, el pr\u00f3ximo mes de junio, lanzan el curso arancelado de formaci\u00f3n Ley Micaela 15.134 impartida por Analia Descalzo y el mismo tendr\u00e1 la certificaci\u00f3n oficial de la Ley Provincial Bonaerense 15.134.<\/p>\n<p>Compartimos la entrevista completa<\/p>\n<p><a href=\"https:\/\/archive.org\/details\/audio-claudia-qolka-benitez-19-04-2022\">Descargar<\/a><\/p>\n<audio class=\"wp-audio-shortcode\" id=\"audio-4516-2\" preload=\"none\" style=\"width: 100%;\" controls=\"controls\"><source type=\"audio\/mpeg\" src=\"https:\/\/archive.org\/download\/audio-claudia-qolka-benitez-19-04-2022\/AUDIO%20-%20CLAUDIA%20QOLKA%20BENITEZ%2019%2004%202022.mp3?_=2\" \/><a href=\"https:\/\/archive.org\/download\/audio-claudia-qolka-benitez-19-04-2022\/AUDIO%20-%20CLAUDIA%20QOLKA%20BENITEZ%2019%2004%202022.mp3\">https:\/\/archive.org\/download\/audio-claudia-qolka-benitez-19-04-2022\/AUDIO%20-%20CLAUDIA%20QOLKA%20BENITEZ%2019%2004%202022.mp3<\/a><\/audio>\n<div class=\"powerpress_player\" id=\"powerpress_player_1251\"><audio class=\"wp-audio-shortcode\" id=\"audio-4516-1\" preload=\"none\" style=\"width: 100%;\" controls=\"controls\"><source type=\"audio\/mpeg\" src=\"https:\/\/archive.org\/download\/audio-claudia-qolka-benitez-19-04-2022\/AUDIO%20-%20CLAUDIA%20QOLKA%20BENITEZ%2019%2004%202022.mp3?_=1\" \/><a href=\"https:\/\/archive.org\/download\/audio-claudia-qolka-benitez-19-04-2022\/AUDIO%20-%20CLAUDIA%20QOLKA%20BENITEZ%2019%2004%202022.mp3\">https:\/\/archive.org\/download\/audio-claudia-qolka-benitez-19-04-2022\/AUDIO%20-%20CLAUDIA%20QOLKA%20BENITEZ%2019%2004%202022.mp3<\/a><\/audio><\/div><p class=\"powerpress_links powerpress_links_mp3\" style=\"margin-bottom: 1px !important;\">Podcast: <a href=\"https:\/\/archive.org\/download\/audio-claudia-qolka-benitez-19-04-2022\/AUDIO%20-%20CLAUDIA%20QOLKA%20BENITEZ%2019%2004%202022.mp3\" class=\"powerpress_link_pinw\" target=\"_blank\" title=\"Reproducir en una nueva ventana\" onclick=\"return powerpress_pinw('https:\/\/fmtinkunaco.ar\/?powerpress_pinw=4516-podcast');\" rel=\"nofollow\">Reproducir en una nueva ventana<\/a> | <a href=\"https:\/\/archive.org\/download\/audio-claudia-qolka-benitez-19-04-2022\/AUDIO%20-%20CLAUDIA%20QOLKA%20BENITEZ%2019%2004%202022.mp3\" class=\"powerpress_link_d\" title=\"Descargar\" rel=\"nofollow\" download=\"AUDIO%20-%20CLAUDIA%20QOLKA%20BENITEZ%2019%2004%202022.mp3\">Descargar<\/a><\/p>","protected":false},"excerpt":{"rendered":"<p>Culmin\u00f3 el Curso de Agentes Multiplicadores de Salud que era convocado en conjunto por la Asociaci\u00f3n de Agentes Multiplicadores de Salud junto al Espacio de G\u00e9neros Integral \u201cFrida Khalo\u201d y ya le dieron la bienvenida a la segunda cohorte. En di\u00e1logo con el programa radial \u201cEncuentro con las Noticias\u201d, Claudia \u201cQolka\u201d Ben\u00edtez, referente del Espacio [&hellip;]<\/p>\n","protected":false},"author":1,"featured_media":4517,"comment_status":"open","ping_status":"open","sticky":false,"template":"","format":"standard","meta":{"footnotes":""},"categories":[6,7],"tags":[],"class_list":["post-4516","post","type-post","status-publish","format-standard","has-post-thumbnail","hentry","category-genero","category-salud"],"_links":{"self":[{"href":"https:\/\/fmtinkunaco.ar\/index.php?rest_route=\/wp\/v2\/posts\/4516","targetHints":{"allow":["GET"]}}],"collection":[{"href":"https:\/\/fmtinkunaco.ar\/index.php?rest_route=\/wp\/v2\/posts"}],"about":[{"href":"https:\/\/fmtinkunaco.ar\/index.php?rest_route=\/wp\/v2\/types\/post"}],"author":[{"embeddable":true,"href":"https:\/\/fmtinkunaco.ar\/index.php?rest_route=\/wp\/v2\/users\/1"}],"replies":[{"embeddable":true,"href":"https:\/\/fmtinkunaco.ar\/index.php?rest_route=%2Fwp%2Fv2%2Fcomments&post=4516"}],"version-history":[{"count":0,"href":"https:\/\/fmtinkunaco.ar\/index.php?rest_route=\/wp\/v2\/posts\/4516\/revisions"}],"wp:featuredmedia":[{"embeddable":true,"href":"https:\/\/fmtinkunaco.ar\/index.php?rest_route=\/"}],"wp:attachment":[{"href":"https:\/\/fmtinkunaco.ar\/index.php?rest_route=%2Fwp%2Fv2%2Fmedia&parent=4516"}],"wp:term":[{"taxonomy":"category","embeddable":true,"href":"https:\/\/fmtinkunaco.ar\/index.php?rest_route=%2Fwp%2Fv2%2Fcategories&post=4516"},{"taxonomy":"post_tag","embeddable":true,"href":"https:\/\/fmtinkunaco.ar\/index.php?rest_route=%2Fwp%2Fv2%2Ftags&post=4516"}],"curies":[{"name":"wp","href":"https:\/\/api.w.org\/{rel}","templated":true}]}}