{"id":4522,"date":"2022-04-20T13:40:58","date_gmt":"2022-04-20T16:40:58","guid":{"rendered":"http:\/\/fmtinkunaco.com.ar\/?p=4522"},"modified":"2022-04-20T13:40:58","modified_gmt":"2022-04-20T16:40:58","slug":"vandalizaron-nuevamente-el-homenaje-a-floreal-avellaneda-en-campo-de-mayo","status":"publish","type":"post","link":"https:\/\/fmtinkunaco.ar\/?p=4522","title":{"rendered":"Vandalizaron nuevamente el homenaje a Floreal Avellaneda en Campo de Mayo"},"content":{"rendered":"<p>La imagen de Floreal \u00abel negrito\u00bb Avellaneda hab\u00eda sido colocada a metros del se\u00f1alamiento de \u00abEl Campito\u00bb en Campo de Mayo el a\u00f1o pasado, fue vandalizada primero y arrancada despu\u00e9s. El pasado 22 de marzo su volvi\u00f3 a colocar con un acto a d\u00edas de cumplirse 46 a\u00f1os del \u00faltimo golpe de estado.<\/p>\n<p>Ahora nuevamente fue arrancada la imagen con la estructura met\u00e1lica que hab\u00eda sido restituida en el lugar por la Asociaci\u00f3n de Sobrevivientes, Familiares, Compa\u00f1eras y Compa\u00f1eros de Campo de Mayo.<\/p>\n<p>En di\u00e1logo con el programa radial \u201cEncuentro con las Noticias\u201d, Iris Pereyra de Avellaneda, sobreviviente del terrorismo de estado en El Campito de Campo de Mayo y mam\u00e1 de Floreal Avellaneda v\u00edctima de los vuelos de la muerte que partieron desde Campo de Mayo, se refiri\u00f3 a este nuevo acto de vandalismo, <em>\u201cEs una verg\u00fcenza, otra vez, es el odio que tienen estos fachos de Campo de Mayo. Campo de Mayos siempre fue un lugar donde\u00a0 se reunieron para hacer los golpes de estado, todo se cocina ah\u00ed pero lo que yo no entiendo es porqu\u00e9 ese odio hacia una imagen de un fallecido, de un compa\u00f1ero desaparecido pero yo creo que es la ideolog\u00eda que los mata porque no pueden ellos entender que el Negrito ha sido un militante desde la Federaci\u00f3n Juvenil Comunista y seguimos peleando por esa ideolog\u00eda\u201d.<\/em><\/p>\n<p>Avellaneda, adem\u00e1s, remarc\u00f3 <em>\u201cDa bronca ese odio que les sale del alma y no solamente con el Negrito porque en todos lados est\u00e1n haciendo vandalizaciones pero imag\u00ednate que ya es la tercera vez que colocamos la imagen y la hacen desaparecer\u201d.<\/em><\/p>\n<p>Finalmente, Iris explic\u00f3 cu\u00e1les fueron las respuestas de las autoridades, <em>\u201cHoy tuve una conversaci\u00f3n con Taiana (Ministro de Defensa de la Naci\u00f3n) y dijo que est\u00e1 enterado por el secretario y que hoy, justamente, ten\u00eda una reuni\u00f3n con el Jefe del Ej\u00e9rcito y que se va a tratar de ver c\u00f3mo se puede poner una guardia o algo para que se mantenga eso en pie. Ya es la tercera vez, y que esperanza nos da, que pongan la c\u00e1mara, que pongan lo que sea, si la vez pasada estaba la c\u00e1mara e igual lo hicieron pero no importa, porque somos testarudos, la lucha va a seguir por Memoria, por Verdad y por Justicia\u201d.<\/em><\/p>\n<p>Compartimos la entrevista completa<\/p>\n<p><a href=\"https:\/\/archive.org\/details\/audio-iris-avellaneda-20-04-2022\">Descargar<\/a><\/p>\n<audio class=\"wp-audio-shortcode\" id=\"audio-4522-2\" preload=\"none\" style=\"width: 100%;\" controls=\"controls\"><source type=\"audio\/mpeg\" src=\"https:\/\/archive.org\/download\/audio-iris-avellaneda-20-04-2022\/AUDIO%20-%20IRIS%20AVELLANEDA%2020%2004%202022.mp3?_=2\" \/><a href=\"https:\/\/archive.org\/download\/audio-iris-avellaneda-20-04-2022\/AUDIO%20-%20IRIS%20AVELLANEDA%2020%2004%202022.mp3\">https:\/\/archive.org\/download\/audio-iris-avellaneda-20-04-2022\/AUDIO%20-%20IRIS%20AVELLANEDA%2020%2004%202022.mp3<\/a><\/audio>\n<div class=\"powerpress_player\" id=\"powerpress_player_7698\"><audio class=\"wp-audio-shortcode\" id=\"audio-4522-1\" preload=\"none\" style=\"width: 100%;\" controls=\"controls\"><source type=\"audio\/mpeg\" src=\"https:\/\/archive.org\/download\/audio-iris-avellaneda-20-04-2022\/AUDIO%20-%20IRIS%20AVELLANEDA%2020%2004%202022.mp3?_=1\" \/><a href=\"https:\/\/archive.org\/download\/audio-iris-avellaneda-20-04-2022\/AUDIO%20-%20IRIS%20AVELLANEDA%2020%2004%202022.mp3\">https:\/\/archive.org\/download\/audio-iris-avellaneda-20-04-2022\/AUDIO%20-%20IRIS%20AVELLANEDA%2020%2004%202022.mp3<\/a><\/audio><\/div><p class=\"powerpress_links powerpress_links_mp3\" style=\"margin-bottom: 1px !important;\">Podcast: <a href=\"https:\/\/archive.org\/download\/audio-iris-avellaneda-20-04-2022\/AUDIO%20-%20IRIS%20AVELLANEDA%2020%2004%202022.mp3\" class=\"powerpress_link_pinw\" target=\"_blank\" title=\"Reproducir en una nueva ventana\" onclick=\"return powerpress_pinw('https:\/\/fmtinkunaco.ar\/?powerpress_pinw=4522-podcast');\" rel=\"nofollow\">Reproducir en una nueva ventana<\/a> | <a href=\"https:\/\/archive.org\/download\/audio-iris-avellaneda-20-04-2022\/AUDIO%20-%20IRIS%20AVELLANEDA%2020%2004%202022.mp3\" class=\"powerpress_link_d\" title=\"Descargar\" rel=\"nofollow\" download=\"AUDIO%20-%20IRIS%20AVELLANEDA%2020%2004%202022.mp3\">Descargar<\/a><\/p>","protected":false},"excerpt":{"rendered":"<p>La imagen de Floreal \u00abel negrito\u00bb Avellaneda hab\u00eda sido colocada a metros del se\u00f1alamiento de \u00abEl Campito\u00bb en Campo de Mayo el a\u00f1o pasado, fue vandalizada primero y arrancada despu\u00e9s. El pasado 22 de marzo su volvi\u00f3 a colocar con un acto a d\u00edas de cumplirse 46 a\u00f1os del \u00faltimo golpe de estado. Ahora nuevamente [&hellip;]<\/p>\n","protected":false},"author":1,"featured_media":4523,"comment_status":"open","ping_status":"open","sticky":false,"template":"","format":"standard","meta":{"footnotes":""},"categories":[4],"tags":[],"class_list":["post-4522","post","type-post","status-publish","format-standard","has-post-thumbnail","hentry","category-derechos-humanos"],"_links":{"self":[{"href":"https:\/\/fmtinkunaco.ar\/index.php?rest_route=\/wp\/v2\/posts\/4522","targetHints":{"allow":["GET"]}}],"collection":[{"href":"https:\/\/fmtinkunaco.ar\/index.php?rest_route=\/wp\/v2\/posts"}],"about":[{"href":"https:\/\/fmtinkunaco.ar\/index.php?rest_route=\/wp\/v2\/types\/post"}],"author":[{"embeddable":true,"href":"https:\/\/fmtinkunaco.ar\/index.php?rest_route=\/wp\/v2\/users\/1"}],"replies":[{"embeddable":true,"href":"https:\/\/fmtinkunaco.ar\/index.php?rest_route=%2Fwp%2Fv2%2Fcomments&post=4522"}],"version-history":[{"count":0,"href":"https:\/\/fmtinkunaco.ar\/index.php?rest_route=\/wp\/v2\/posts\/4522\/revisions"}],"wp:featuredmedia":[{"embeddable":true,"href":"https:\/\/fmtinkunaco.ar\/index.php?rest_route=\/"}],"wp:attachment":[{"href":"https:\/\/fmtinkunaco.ar\/index.php?rest_route=%2Fwp%2Fv2%2Fmedia&parent=4522"}],"wp:term":[{"taxonomy":"category","embeddable":true,"href":"https:\/\/fmtinkunaco.ar\/index.php?rest_route=%2Fwp%2Fv2%2Fcategories&post=4522"},{"taxonomy":"post_tag","embeddable":true,"href":"https:\/\/fmtinkunaco.ar\/index.php?rest_route=%2Fwp%2Fv2%2Ftags&post=4522"}],"curies":[{"name":"wp","href":"https:\/\/api.w.org\/{rel}","templated":true}]}}