{"id":4534,"date":"2022-04-26T14:32:40","date_gmt":"2022-04-26T17:32:40","guid":{"rendered":"http:\/\/fmtinkunaco.com.ar\/?p=4534"},"modified":"2022-04-26T14:32:40","modified_gmt":"2022-04-26T17:32:40","slug":"las-bibliotecas-populares-exigen-la-derogacion-de-la-ley-27-432","status":"publish","type":"post","link":"https:\/\/fmtinkunaco.ar\/?p=4534","title":{"rendered":"Las Bibliotecas Populares exigen la derogaci\u00f3n de la Ley 27.432"},"content":{"rendered":"<p>Las bibliotecas populares exigen que se derogue la ley 27.432 que quita los recursos del Estado a destinados a las bibliotecas populares, el cine, el teatro independiente, la m\u00fasica y los medios comunitarios, entre otros.<\/p>\n<p>Particularmente, la Biblioteca Palabras del Alma realizar\u00e1 ma\u00f1ana un encuentro bajo el lema \u201cBibliotecas Populares Abiertas\u201d y por la derogaci\u00f3n de esta ley.<\/p>\n<p>En di\u00e1logo con el programa radial \u201cEncuentro con las Noticias\u201d, Hern\u00e1n Nem\u00ed, Referente de la Biblioteca Palabras del Alma ubicada en Barrio Peruzzotti (Pilar), se refiri\u00f3 a la situaci\u00f3n de las bibliotecas, <em>\u201cLa realidad es que a las bibliotecas populares en general les resulta muy dif\u00edcil sostenerse y el apoyo de CONABIP \u2013 Comisi\u00f3n Nacional de Bibliotecas Populares, que aparte es orgullo de Am\u00e9rica Latina, cuando uno conversa con bibliotecas de otros lugares de Am\u00e9rica Latina no hay apoyo del estado. (\u2026) La ayuda econ\u00f3mica de CONABIP si bien no es suficiente es necesaria para que nuestras bibliotecas puedan sostenerse\u201d.<\/em><\/p>\n<p>Nem\u00ed, adem\u00e1s describi\u00f3, la posible situaci\u00f3n de las bibliotecas populares frente a la aplicaci\u00f3n de la ley, <em>\u201cA partir del a\u00f1o que viene, por ejemplo, este recurso no va a estar y con eso las bibliotecas mayoritariamente, salvo las bibliotecas grandes que tienen much\u00edsimos socios e ingresos econ\u00f3micos nos vamos a tener que contentar con las donaciones y no vamos a poder comprar ese libro de cuentos o ese manual, o esa novela que la vecina est\u00e1 esperando y que tambi\u00e9n hace a la calidad de vida y al ensanchamiento de horizontes por los que nosotros trabajamos\u201d.<\/em><\/p>\n<p>Hern\u00e1n Nem\u00ed, finalmente, invit\u00f3 a la convocatoria del d\u00eda de ma\u00f1ana, <em>\u201cMa\u00f1ana mi\u00e9rcoles a las 6 y 30 de la tarde nos va a acompa\u00f1ar el querido Claudio Sosa con sus canciones que son entra\u00f1ables, vamos a leer algunos textos cortos, vamos a contar porque es importante la derogaci\u00f3n de la ley y vamos a invitar a los que quieran a que den su testimonio sobre porque les parece que es importante una biblioteca en el barrio, de qu\u00e9 manera la biblioteca palabras del alma los ha ayudado, les ha sido significativa en su vida. As\u00ed que bueno, va a ser un acto de 30 \u2013 40 minutos ah\u00ed en Corbeta Cefiro y Hern\u00e1n Cortes, en barrio Peruzzotti\u201d.<\/em><\/p>\n<p>La entrada en vigencia de la ley 27.432 de 2017 va a provocar el recorte del presupuesto de la Comisi\u00f3n Nacional de Bibliotecas Populares e impactar\u00e1 directamente en el desmantelamiento de las pol\u00edticas que promueven el desarrollo y fortalecimiento de las m\u00e1s de 1200 Bibliotecas Populares Argentinas.<\/p>\n<p>Compartimos la entrevista completa<\/p>\n<p><a href=\"https:\/\/archive.org\/details\/audio-hernan-nemi-26-04-2022\">Descargar<\/a><\/p>\n<audio class=\"wp-audio-shortcode\" id=\"audio-4534-2\" preload=\"none\" style=\"width: 100%;\" controls=\"controls\"><source type=\"audio\/mpeg\" src=\"https:\/\/archive.org\/download\/audio-hernan-nemi-26-04-2022\/AUDIO%20-%20HERNAN%20NEMI%2026%2004%202022.mp3?_=2\" \/><a href=\"https:\/\/archive.org\/download\/audio-hernan-nemi-26-04-2022\/AUDIO%20-%20HERNAN%20NEMI%2026%2004%202022.mp3\">https:\/\/archive.org\/download\/audio-hernan-nemi-26-04-2022\/AUDIO%20-%20HERNAN%20NEMI%2026%2004%202022.mp3<\/a><\/audio>\n<div class=\"powerpress_player\" id=\"powerpress_player_2525\"><audio class=\"wp-audio-shortcode\" id=\"audio-4534-1\" preload=\"none\" style=\"width: 100%;\" controls=\"controls\"><source type=\"audio\/mpeg\" src=\"https:\/\/archive.org\/download\/audio-hernan-nemi-26-04-2022\/AUDIO%20-%20HERNAN%20NEMI%2026%2004%202022.mp3?_=1\" \/><a href=\"https:\/\/archive.org\/download\/audio-hernan-nemi-26-04-2022\/AUDIO%20-%20HERNAN%20NEMI%2026%2004%202022.mp3\">https:\/\/archive.org\/download\/audio-hernan-nemi-26-04-2022\/AUDIO%20-%20HERNAN%20NEMI%2026%2004%202022.mp3<\/a><\/audio><\/div><p class=\"powerpress_links powerpress_links_mp3\" style=\"margin-bottom: 1px !important;\">Podcast: <a href=\"https:\/\/archive.org\/download\/audio-hernan-nemi-26-04-2022\/AUDIO%20-%20HERNAN%20NEMI%2026%2004%202022.mp3\" class=\"powerpress_link_pinw\" target=\"_blank\" title=\"Reproducir en una nueva ventana\" onclick=\"return powerpress_pinw('https:\/\/fmtinkunaco.ar\/?powerpress_pinw=4534-podcast');\" rel=\"nofollow\">Reproducir en una nueva ventana<\/a> | <a href=\"https:\/\/archive.org\/download\/audio-hernan-nemi-26-04-2022\/AUDIO%20-%20HERNAN%20NEMI%2026%2004%202022.mp3\" class=\"powerpress_link_d\" title=\"Descargar\" rel=\"nofollow\" download=\"AUDIO%20-%20HERNAN%20NEMI%2026%2004%202022.mp3\">Descargar<\/a><\/p>","protected":false},"excerpt":{"rendered":"<p>Las bibliotecas populares exigen que se derogue la ley 27.432 que quita los recursos del Estado a destinados a las bibliotecas populares, el cine, el teatro independiente, la m\u00fasica y los medios comunitarios, entre otros. Particularmente, la Biblioteca Palabras del Alma realizar\u00e1 ma\u00f1ana un encuentro bajo el lema \u201cBibliotecas Populares Abiertas\u201d y por la derogaci\u00f3n [&hellip;]<\/p>\n","protected":false},"author":1,"featured_media":4535,"comment_status":"open","ping_status":"open","sticky":false,"template":"","format":"standard","meta":{"footnotes":""},"categories":[3],"tags":[],"class_list":["post-4534","post","type-post","status-publish","format-standard","has-post-thumbnail","hentry","category-cultura"],"_links":{"self":[{"href":"https:\/\/fmtinkunaco.ar\/index.php?rest_route=\/wp\/v2\/posts\/4534","targetHints":{"allow":["GET"]}}],"collection":[{"href":"https:\/\/fmtinkunaco.ar\/index.php?rest_route=\/wp\/v2\/posts"}],"about":[{"href":"https:\/\/fmtinkunaco.ar\/index.php?rest_route=\/wp\/v2\/types\/post"}],"author":[{"embeddable":true,"href":"https:\/\/fmtinkunaco.ar\/index.php?rest_route=\/wp\/v2\/users\/1"}],"replies":[{"embeddable":true,"href":"https:\/\/fmtinkunaco.ar\/index.php?rest_route=%2Fwp%2Fv2%2Fcomments&post=4534"}],"version-history":[{"count":0,"href":"https:\/\/fmtinkunaco.ar\/index.php?rest_route=\/wp\/v2\/posts\/4534\/revisions"}],"wp:featuredmedia":[{"embeddable":true,"href":"https:\/\/fmtinkunaco.ar\/index.php?rest_route=\/"}],"wp:attachment":[{"href":"https:\/\/fmtinkunaco.ar\/index.php?rest_route=%2Fwp%2Fv2%2Fmedia&parent=4534"}],"wp:term":[{"taxonomy":"category","embeddable":true,"href":"https:\/\/fmtinkunaco.ar\/index.php?rest_route=%2Fwp%2Fv2%2Fcategories&post=4534"},{"taxonomy":"post_tag","embeddable":true,"href":"https:\/\/fmtinkunaco.ar\/index.php?rest_route=%2Fwp%2Fv2%2Ftags&post=4534"}],"curies":[{"name":"wp","href":"https:\/\/api.w.org\/{rel}","templated":true}]}}