{"id":4550,"date":"2022-04-27T14:09:43","date_gmt":"2022-04-27T17:09:43","guid":{"rendered":"http:\/\/fmtinkunaco.com.ar\/?p=4550"},"modified":"2022-04-27T14:09:43","modified_gmt":"2022-04-27T17:09:43","slug":"11-de-mayo-elecciones-en-suteba","status":"publish","type":"post","link":"https:\/\/fmtinkunaco.ar\/?p=4550","title":{"rendered":"11 de Mayo: Elecciones en SUTEBA"},"content":{"rendered":"<p>El pr\u00f3ximo mi\u00e9rcoles 11 de mayo se realizar\u00e1n las elecciones en SUTEBA &#8211; Sindicato Unificado de Trabajadores de la Educaci\u00f3n de Buenos Aires, y hay un total de 85 mil docentes afiliadas y afiliados en condiciones de emitir su voto en estas elecciones.<\/p>\n<p>Particularmente en Jos\u00e9. C. Paz se elegir\u00e1n autoridades por primera vez, ya que esta seccional fue creada en el Congreso Extraordinario realizado en noviembre de 2021. Y una de las listas que se han presentado responde a SUTEBA Multicolor.<\/p>\n<p>En di\u00e1logo con el programa radial \u201cEncuentro con las Noticias\u201d, Betania Oreja Cerruti, Candidata a Secretaria General por la Lista Multicolor, describi\u00f3 la situaci\u00f3n actual de las y los docentes pace\u00f1os, <em>\u201cNosotros como docentes tenemos una situaci\u00f3n de gravedad hace ya muchos a\u00f1os con salarios por debajo de la l\u00ednea de la pobreza, situaciones de precarizaci\u00f3n laboral, situaciones de sobrecarga laboral, porque debido a que un cargo docente o 20 m\u00f3dulos, en el caso de los profesores de secundaria, es equivalente a un salario que se encuentra en casi todos los casos por debajo de la l\u00ednea de pobreza, eso fuerza al doble cargo y b\u00e1sicamente la lista celeste de la mano de Baradel viene siendo c\u00f3mplice de esta pol\u00edtica de baja salarial\u201d.<\/em><\/p>\n<p>Oreja Cerruti, adem\u00e1s, se refiri\u00f3 a las dificultades en las escuelas pace\u00f1as, <em>\u201cJos\u00e9. C. Paz tiene una situaci\u00f3n de gravedad extrema respecto de la cuesti\u00f3n edilicia, la falta de mobiliario, (\u2026) todos los que vivimos o trabajamos en Jos\u00e9. C. Paz sabemos que en las escuelas p\u00fablicas falta mobiliario, falta mantenimiento, hay una insuficiencia total de edificios propios para las secundarias, hay una ausencia de jardines. (\u2026) La falta de obras, de mantenimiento general, la falta de gas, esa situaci\u00f3n de deterioro y de precariedad tan grande a la que lamentablemente nos fuerzan\u00a0 a querer acostumbrarnos y nosotros no nos queremos acostumbrar a eso, no podemos naturalizar la precariedad y esto tiene que ser una lucha de conjunto de toda la docencia\u201d.<\/em><\/p>\n<p>Algunas de las demandas y propuestas de la Lista Multicolor responden a: Salario superior a la canasta familiar en un cargo, Todas las sumas grises y negras al b\u00e1sico, Todas las tareas dentro de la jornada laboral, Construcci\u00f3n de todos edificios que faltan en el distrito, Funcionamiento democr\u00e1tico del SUTEBA y Presupuesto urgente para el fortalecimiento de IOMA, entre otras.<\/p>\n<p>El pr\u00f3ximo domingo, 1 de mayo, y en el marco de la campa\u00f1a, se organiza el \u201cFestival por un sindicalismo democr\u00e1tico y de lucha\u201d. El mismo se realizar\u00e1 en el Complejo Polideportivo \u00a0\u201cDon Jos\u00e9\u201d ubicado en Gelly Obes y Coronel Arias (Jos\u00e9. C. Paz) a partir de las 18hs.<\/p>\n<p>Compartimos la entrevista completa<\/p>\n<p><a href=\"https:\/\/archive.org\/details\/audio-betania-cerruti-27-04-2022\">Descargar<\/a><\/p>\n<audio class=\"wp-audio-shortcode\" id=\"audio-4550-2\" preload=\"none\" style=\"width: 100%;\" controls=\"controls\"><source type=\"audio\/mpeg\" src=\"https:\/\/archive.org\/download\/audio-betania-cerruti-27-04-2022\/AUDIO%20-%20BETANIA%20CERRUTI%2027%2004%202022.mp3?_=2\" \/><a href=\"https:\/\/archive.org\/download\/audio-betania-cerruti-27-04-2022\/AUDIO%20-%20BETANIA%20CERRUTI%2027%2004%202022.mp3\">https:\/\/archive.org\/download\/audio-betania-cerruti-27-04-2022\/AUDIO%20-%20BETANIA%20CERRUTI%2027%2004%202022.mp3<\/a><\/audio>\n<p>&nbsp;<\/p>\n<div class=\"powerpress_player\" id=\"powerpress_player_3178\"><audio class=\"wp-audio-shortcode\" id=\"audio-4550-1\" preload=\"none\" style=\"width: 100%;\" controls=\"controls\"><source type=\"audio\/mpeg\" src=\"https:\/\/archive.org\/download\/audio-betania-cerruti-27-04-2022\/AUDIO%20-%20BETANIA%20CERRUTI%2027%2004%202022.mp3?_=1\" \/><a href=\"https:\/\/archive.org\/download\/audio-betania-cerruti-27-04-2022\/AUDIO%20-%20BETANIA%20CERRUTI%2027%2004%202022.mp3\">https:\/\/archive.org\/download\/audio-betania-cerruti-27-04-2022\/AUDIO%20-%20BETANIA%20CERRUTI%2027%2004%202022.mp3<\/a><\/audio><\/div><p class=\"powerpress_links powerpress_links_mp3\" style=\"margin-bottom: 1px !important;\">Podcast: <a href=\"https:\/\/archive.org\/download\/audio-betania-cerruti-27-04-2022\/AUDIO%20-%20BETANIA%20CERRUTI%2027%2004%202022.mp3\" class=\"powerpress_link_pinw\" target=\"_blank\" title=\"Reproducir en una nueva ventana\" onclick=\"return powerpress_pinw('https:\/\/fmtinkunaco.ar\/?powerpress_pinw=4550-podcast');\" rel=\"nofollow\">Reproducir en una nueva ventana<\/a> | <a href=\"https:\/\/archive.org\/download\/audio-betania-cerruti-27-04-2022\/AUDIO%20-%20BETANIA%20CERRUTI%2027%2004%202022.mp3\" class=\"powerpress_link_d\" title=\"Descargar\" rel=\"nofollow\" download=\"AUDIO%20-%20BETANIA%20CERRUTI%2027%2004%202022.mp3\">Descargar<\/a><\/p>","protected":false},"excerpt":{"rendered":"<p>El pr\u00f3ximo mi\u00e9rcoles 11 de mayo se realizar\u00e1n las elecciones en SUTEBA &#8211; Sindicato Unificado de Trabajadores de la Educaci\u00f3n de Buenos Aires, y hay un total de 85 mil docentes afiliadas y afiliados en condiciones de emitir su voto en estas elecciones. Particularmente en Jos\u00e9. C. Paz se elegir\u00e1n autoridades por primera vez, ya [&hellip;]<\/p>\n","protected":false},"author":1,"featured_media":4551,"comment_status":"open","ping_status":"open","sticky":false,"template":"","format":"standard","meta":{"footnotes":""},"categories":[5],"tags":[],"class_list":["post-4550","post","type-post","status-publish","format-standard","has-post-thumbnail","hentry","category-educacion"],"_links":{"self":[{"href":"https:\/\/fmtinkunaco.ar\/index.php?rest_route=\/wp\/v2\/posts\/4550","targetHints":{"allow":["GET"]}}],"collection":[{"href":"https:\/\/fmtinkunaco.ar\/index.php?rest_route=\/wp\/v2\/posts"}],"about":[{"href":"https:\/\/fmtinkunaco.ar\/index.php?rest_route=\/wp\/v2\/types\/post"}],"author":[{"embeddable":true,"href":"https:\/\/fmtinkunaco.ar\/index.php?rest_route=\/wp\/v2\/users\/1"}],"replies":[{"embeddable":true,"href":"https:\/\/fmtinkunaco.ar\/index.php?rest_route=%2Fwp%2Fv2%2Fcomments&post=4550"}],"version-history":[{"count":0,"href":"https:\/\/fmtinkunaco.ar\/index.php?rest_route=\/wp\/v2\/posts\/4550\/revisions"}],"wp:featuredmedia":[{"embeddable":true,"href":"https:\/\/fmtinkunaco.ar\/index.php?rest_route=\/"}],"wp:attachment":[{"href":"https:\/\/fmtinkunaco.ar\/index.php?rest_route=%2Fwp%2Fv2%2Fmedia&parent=4550"}],"wp:term":[{"taxonomy":"category","embeddable":true,"href":"https:\/\/fmtinkunaco.ar\/index.php?rest_route=%2Fwp%2Fv2%2Fcategories&post=4550"},{"taxonomy":"post_tag","embeddable":true,"href":"https:\/\/fmtinkunaco.ar\/index.php?rest_route=%2Fwp%2Fv2%2Ftags&post=4550"}],"curies":[{"name":"wp","href":"https:\/\/api.w.org\/{rel}","templated":true}]}}