{"id":4569,"date":"2022-05-03T14:42:14","date_gmt":"2022-05-03T17:42:14","guid":{"rendered":"http:\/\/fmtinkunaco.com.ar\/?p=4569"},"modified":"2022-05-03T14:42:14","modified_gmt":"2022-05-03T17:42:14","slug":"familiares-y-amigos-exigen-justicia-para-rodrigo-hiuma","status":"publish","type":"post","link":"https:\/\/fmtinkunaco.ar\/?p=4569","title":{"rendered":"Familiares y amigos exigen Justicia para Rodrigo Hiuma"},"content":{"rendered":"<p>Rodrigo Alejandro Hiuma, era un joven de 15 a\u00f1os, que fue asesinado en un siniestro vial el d\u00eda mi\u00e9rcoles 20 de abril.<\/p>\n<p>El hecho ocurri\u00f3, aproximadamente, entre las 06.50 am y la 07.00 am, en Avenida Saavedra Lamas (Moreno) cuando el joven se dirig\u00eda al colegio.<\/p>\n<p>En este marco, la familia y amigos convocan a una marcha para el pr\u00f3ximo jueves 5 de mayo a partir de las 16hs que saldr\u00e1 de Sargento Cabral 10747 hasta el lugar del siniestro.<\/p>\n<p>En di\u00e1logo con el programa radial \u201cEncuentro con las Noticias\u201d, Karina \u00c1vila, t\u00eda de Rodrigo Alejandro Hiuma, se refiri\u00f3 al hecho, <em>\u201cMi hermana como todos los d\u00edas llevaba a mis dos sobrinos a la parada porque ellos iban a la T\u00e9cnica N\u00b0 2 de Derqui; el nene m\u00e1s chico se olvida la sube y el vuelve y Rodrigo, de 15 a\u00f1os, que es el m\u00e1s grandecito vio que ven\u00eda el colectivo y le dice a la mam\u00e1 yo voy a cruzar porque all\u00e1 viene el colectivo, que el gordo se tome el otro colectivo. Mi hermana nunca dejaba que viajen los dos separados y ese d\u00eda ella miro, espero que pase el colectivo que venia del lado de Derqui; miro y dijo bueno, cruza ahora. El cruza, sube al boulevard y a \u00e9l se le cae el celular a la orilla del boulevard. Cuando el gira arriba del boulevard para agarrar el celular, porque el gira pero nunca bajo, lo embisti\u00f3 un auto falc\u00f3n rojo. Le pego en la cabeza y lo hizo volar al medio del boulevard\u201d.<\/em><\/p>\n<p>\u00c1vila, adem\u00e1s, remarc\u00f3 <em>\u201cEl auto nunca par\u00f3, se fue, nunca fren\u00f3 a ayudar a mi hermana, la dejo ah\u00ed tirada con su hijo. Justo iba saliendo de la otra cuadra un vecino en el auto, que es vecino de al lado de la casa de mi hermana y \u00e9l es el \u00fanico que freno y la ayud\u00f3 a mi hermana a levantarlo, lo metieron al auto a mi sobrino y lo llevaron al UPA 15 de Saavedra Lamas y lleg\u00f3 al UPA ya sin vida\u201d.<\/em><\/p>\n<p>La Fiscal que interviene en el caso a\u00fan no se comunic\u00f3 con la familia de Rodrigo y si bien les informaron que el responsable del siniestro Julio Ben\u00edtez se encuentra detenido, la familia duda de esta afirmaci\u00f3n por no tener contacto directo con las autoridades correspondientes.<\/p>\n<p>Compartimos la entrevista completa<\/p>\n<p><a href=\"https:\/\/archive.org\/details\/audio-karina-avila-tia-de-rodrigo-03-05-2022\">Descargar\u00a0<\/a><\/p>\n<audio class=\"wp-audio-shortcode\" id=\"audio-4569-2\" preload=\"none\" style=\"width: 100%;\" controls=\"controls\"><source type=\"audio\/mpeg\" src=\"https:\/\/archive.org\/download\/audio-karina-avila-tia-de-rodrigo-03-05-2022\/AUDIO%20-%20KARINA%20AVILA%20%28TIA%20DE%20RODRIGO%29%2003%2005%202022.mp3?_=2\" \/><a href=\"https:\/\/archive.org\/download\/audio-karina-avila-tia-de-rodrigo-03-05-2022\/AUDIO%20-%20KARINA%20AVILA%20%28TIA%20DE%20RODRIGO%29%2003%2005%202022.mp3\">https:\/\/archive.org\/download\/audio-karina-avila-tia-de-rodrigo-03-05-2022\/AUDIO%20-%20KARINA%20AVILA%20%28TIA%20DE%20RODRIGO%29%2003%2005%202022.mp3<\/a><\/audio>\n<div class=\"powerpress_player\" id=\"powerpress_player_3619\"><audio class=\"wp-audio-shortcode\" id=\"audio-4569-1\" preload=\"none\" style=\"width: 100%;\" controls=\"controls\"><source type=\"audio\/mpeg\" src=\"https:\/\/archive.org\/download\/audio-karina-avila-tia-de-rodrigo-03-05-2022\/AUDIO%20-%20KARINA%20AVILA%20%28TIA%20DE%20RODRIGO%29%2003%2005%202022.mp3?_=1\" \/><a href=\"https:\/\/archive.org\/download\/audio-karina-avila-tia-de-rodrigo-03-05-2022\/AUDIO%20-%20KARINA%20AVILA%20%28TIA%20DE%20RODRIGO%29%2003%2005%202022.mp3\">https:\/\/archive.org\/download\/audio-karina-avila-tia-de-rodrigo-03-05-2022\/AUDIO%20-%20KARINA%20AVILA%20%28TIA%20DE%20RODRIGO%29%2003%2005%202022.mp3<\/a><\/audio><\/div><p class=\"powerpress_links powerpress_links_mp3\" style=\"margin-bottom: 1px !important;\">Podcast: <a href=\"https:\/\/archive.org\/download\/audio-karina-avila-tia-de-rodrigo-03-05-2022\/AUDIO%20-%20KARINA%20AVILA%20%28TIA%20DE%20RODRIGO%29%2003%2005%202022.mp3\" class=\"powerpress_link_pinw\" target=\"_blank\" title=\"Reproducir en una nueva ventana\" onclick=\"return powerpress_pinw('https:\/\/fmtinkunaco.ar\/?powerpress_pinw=4569-podcast');\" rel=\"nofollow\">Reproducir en una nueva ventana<\/a> | <a href=\"https:\/\/archive.org\/download\/audio-karina-avila-tia-de-rodrigo-03-05-2022\/AUDIO%20-%20KARINA%20AVILA%20%28TIA%20DE%20RODRIGO%29%2003%2005%202022.mp3\" class=\"powerpress_link_d\" title=\"Descargar\" rel=\"nofollow\" download=\"AUDIO%20-%20KARINA%20AVILA%20%28TIA%20DE%20RODRIGO%29%2003%2005%202022.mp3\">Descargar<\/a><\/p>","protected":false},"excerpt":{"rendered":"<p>Rodrigo Alejandro Hiuma, era un joven de 15 a\u00f1os, que fue asesinado en un siniestro vial el d\u00eda mi\u00e9rcoles 20 de abril. El hecho ocurri\u00f3, aproximadamente, entre las 06.50 am y la 07.00 am, en Avenida Saavedra Lamas (Moreno) cuando el joven se dirig\u00eda al colegio. En este marco, la familia y amigos convocan a [&hellip;]<\/p>\n","protected":false},"author":1,"featured_media":4570,"comment_status":"open","ping_status":"open","sticky":false,"template":"","format":"standard","meta":{"footnotes":""},"categories":[4],"tags":[],"class_list":["post-4569","post","type-post","status-publish","format-standard","has-post-thumbnail","hentry","category-derechos-humanos"],"_links":{"self":[{"href":"https:\/\/fmtinkunaco.ar\/index.php?rest_route=\/wp\/v2\/posts\/4569","targetHints":{"allow":["GET"]}}],"collection":[{"href":"https:\/\/fmtinkunaco.ar\/index.php?rest_route=\/wp\/v2\/posts"}],"about":[{"href":"https:\/\/fmtinkunaco.ar\/index.php?rest_route=\/wp\/v2\/types\/post"}],"author":[{"embeddable":true,"href":"https:\/\/fmtinkunaco.ar\/index.php?rest_route=\/wp\/v2\/users\/1"}],"replies":[{"embeddable":true,"href":"https:\/\/fmtinkunaco.ar\/index.php?rest_route=%2Fwp%2Fv2%2Fcomments&post=4569"}],"version-history":[{"count":0,"href":"https:\/\/fmtinkunaco.ar\/index.php?rest_route=\/wp\/v2\/posts\/4569\/revisions"}],"wp:featuredmedia":[{"embeddable":true,"href":"https:\/\/fmtinkunaco.ar\/index.php?rest_route=\/"}],"wp:attachment":[{"href":"https:\/\/fmtinkunaco.ar\/index.php?rest_route=%2Fwp%2Fv2%2Fmedia&parent=4569"}],"wp:term":[{"taxonomy":"category","embeddable":true,"href":"https:\/\/fmtinkunaco.ar\/index.php?rest_route=%2Fwp%2Fv2%2Fcategories&post=4569"},{"taxonomy":"post_tag","embeddable":true,"href":"https:\/\/fmtinkunaco.ar\/index.php?rest_route=%2Fwp%2Fv2%2Ftags&post=4569"}],"curies":[{"name":"wp","href":"https:\/\/api.w.org\/{rel}","templated":true}]}}