{"id":4582,"date":"2022-05-09T13:41:25","date_gmt":"2022-05-09T16:41:25","guid":{"rendered":"http:\/\/fmtinkunaco.com.ar\/?p=4582"},"modified":"2022-05-09T13:41:25","modified_gmt":"2022-05-09T16:41:25","slug":"jose-c-paz-el-mtd-oscar-barrios-lanza-los-talleres-de-genero","status":"publish","type":"post","link":"https:\/\/fmtinkunaco.ar\/?p=4582","title":{"rendered":"Jos\u00e9. C. Paz: El MTD Oscar Barrios lanza los \u201cTalleres de G\u00e9nero\u201d"},"content":{"rendered":"<p>El MTD Oscar Barrios en la FOB La Libertaria lanza, el pr\u00f3ximo mi\u00e9rcoles 11 de mayo, una serie de \u201cTalleres de G\u00e9nero\u201d a partir de las 14hs en Sarand\u00ed 850, entre P\u00e1ez y Castelli, barrio San Luis.<\/p>\n<p>En di\u00e1logo con el programa radial \u201cEncuentro con las Noticias\u201d, Ruth Saucedo, referente del MTD Oscar Barrios, se refiri\u00f3 al camino recorrido hasta esta propuesta, <em>\u201cNosotras ya ven\u00edamos realizando talleres antes de la pandemia pero no hab\u00eda tanto difusi\u00f3n, era como m\u00e1s interno de la organizaci\u00f3n y a partir del aislamiento social y obligatorio se agudizaron las violencias de g\u00e9nero; hab\u00edan muchas mujeres en situaciones de violencia y entonces ve\u00edamos la necesidad de estos espacios en los barrios. Y ah\u00ed hac\u00edamos como pod\u00edamos porque era un contexto muy complejo el de la pandemia, (\u2026) y al ver que esto cada vez era peor o se hac\u00eda m\u00e1s visible comenzamos a hacer talleres virtuales y a partir de eso comenzamos a charlar que como se levantaron las medidas y se est\u00e1n haciendo m\u00e1s cosas de manera presencial, de la necesidad de hacer talleres presenciales. Nuestro objetivo es desnaturalizar las situaciones de violencia y ponerle nombre\u201d.<\/em><\/p>\n<p>Saucedo, explic\u00f3 que los encuentros contar\u00e1n con talleristas invitadas, <em>\u201cTenemos varias talleristas convocadas, este mi\u00e9rcoles arranca Fernanda Ludue\u00f1a que es militante de las Defensor\u00edas de Genero y vamos a hablar sobre los tipos de violencia. Pero cada mi\u00e9rcoles va a ser distinto el tema del que se va a charlar\u201d.<\/em><\/p>\n<p>Algunos temas que se desarrollar\u00e1n a lo largo de los talleres son: Violencia de g\u00e9nero, Estrategias para prevenir y detectar el abuso contra las infancias, Identidad, diversidad y estereotipos; Feminismo desde abajo, antirracista y decolonial, La ruta de la denuncia y ESI.<\/p>\n<p>Finalmente Ruth Saucedo, remarc\u00f3, \u201cApuntamos a formar redes, que son muy importantes creemos para abordar el tema de la violencia de g\u00e9nero\u201d.<\/p>\n<p>El primer encuentro ser\u00e1 el mi\u00e9rcoles 11 de mayo, a partir de las 14hs en Sarand\u00ed 850, entre P\u00e1ez y Castelli, barrio San Luis.<\/p>\n<p>Compartimos la entrevista completa<\/p>\n<p><a href=\"https:\/\/archive.org\/details\/audio-ruth-saucedo-mtd-09-05-2022\">Descargar<\/a><\/p>\n<audio class=\"wp-audio-shortcode\" id=\"audio-4582-2\" preload=\"none\" style=\"width: 100%;\" controls=\"controls\"><source type=\"audio\/mpeg\" src=\"https:\/\/archive.org\/download\/audio-ruth-saucedo-mtd-09-05-2022\/AUDIO%20-%20RUTH%20SAUCEDO%20%28MTD%29%2009%2005%202022.mp3?_=2\" \/><a href=\"https:\/\/archive.org\/download\/audio-ruth-saucedo-mtd-09-05-2022\/AUDIO%20-%20RUTH%20SAUCEDO%20%28MTD%29%2009%2005%202022.mp3\">https:\/\/archive.org\/download\/audio-ruth-saucedo-mtd-09-05-2022\/AUDIO%20-%20RUTH%20SAUCEDO%20%28MTD%29%2009%2005%202022.mp3<\/a><\/audio>\n<div class=\"powerpress_player\" id=\"powerpress_player_6872\"><audio class=\"wp-audio-shortcode\" id=\"audio-4582-1\" preload=\"none\" style=\"width: 100%;\" controls=\"controls\"><source type=\"audio\/mpeg\" src=\"https:\/\/archive.org\/download\/audio-ruth-saucedo-mtd-09-05-2022\/AUDIO%20-%20RUTH%20SAUCEDO%20%28MTD%29%2009%2005%202022.mp3?_=1\" \/><a href=\"https:\/\/archive.org\/download\/audio-ruth-saucedo-mtd-09-05-2022\/AUDIO%20-%20RUTH%20SAUCEDO%20%28MTD%29%2009%2005%202022.mp3\">https:\/\/archive.org\/download\/audio-ruth-saucedo-mtd-09-05-2022\/AUDIO%20-%20RUTH%20SAUCEDO%20%28MTD%29%2009%2005%202022.mp3<\/a><\/audio><\/div><p class=\"powerpress_links powerpress_links_mp3\" style=\"margin-bottom: 1px !important;\">Podcast: <a href=\"https:\/\/archive.org\/download\/audio-ruth-saucedo-mtd-09-05-2022\/AUDIO%20-%20RUTH%20SAUCEDO%20%28MTD%29%2009%2005%202022.mp3\" class=\"powerpress_link_pinw\" target=\"_blank\" title=\"Reproducir en una nueva ventana\" onclick=\"return powerpress_pinw('https:\/\/fmtinkunaco.ar\/?powerpress_pinw=4582-podcast');\" rel=\"nofollow\">Reproducir en una nueva ventana<\/a> | <a href=\"https:\/\/archive.org\/download\/audio-ruth-saucedo-mtd-09-05-2022\/AUDIO%20-%20RUTH%20SAUCEDO%20%28MTD%29%2009%2005%202022.mp3\" class=\"powerpress_link_d\" title=\"Descargar\" rel=\"nofollow\" download=\"AUDIO%20-%20RUTH%20SAUCEDO%20%28MTD%29%2009%2005%202022.mp3\">Descargar<\/a><\/p>","protected":false},"excerpt":{"rendered":"<p>El MTD Oscar Barrios en la FOB La Libertaria lanza, el pr\u00f3ximo mi\u00e9rcoles 11 de mayo, una serie de \u201cTalleres de G\u00e9nero\u201d a partir de las 14hs en Sarand\u00ed 850, entre P\u00e1ez y Castelli, barrio San Luis. En di\u00e1logo con el programa radial \u201cEncuentro con las Noticias\u201d, Ruth Saucedo, referente del MTD Oscar Barrios, se [&hellip;]<\/p>\n","protected":false},"author":1,"featured_media":4583,"comment_status":"open","ping_status":"open","sticky":false,"template":"","format":"standard","meta":{"footnotes":""},"categories":[6],"tags":[],"class_list":["post-4582","post","type-post","status-publish","format-standard","has-post-thumbnail","hentry","category-genero"],"_links":{"self":[{"href":"https:\/\/fmtinkunaco.ar\/index.php?rest_route=\/wp\/v2\/posts\/4582","targetHints":{"allow":["GET"]}}],"collection":[{"href":"https:\/\/fmtinkunaco.ar\/index.php?rest_route=\/wp\/v2\/posts"}],"about":[{"href":"https:\/\/fmtinkunaco.ar\/index.php?rest_route=\/wp\/v2\/types\/post"}],"author":[{"embeddable":true,"href":"https:\/\/fmtinkunaco.ar\/index.php?rest_route=\/wp\/v2\/users\/1"}],"replies":[{"embeddable":true,"href":"https:\/\/fmtinkunaco.ar\/index.php?rest_route=%2Fwp%2Fv2%2Fcomments&post=4582"}],"version-history":[{"count":0,"href":"https:\/\/fmtinkunaco.ar\/index.php?rest_route=\/wp\/v2\/posts\/4582\/revisions"}],"wp:featuredmedia":[{"embeddable":true,"href":"https:\/\/fmtinkunaco.ar\/index.php?rest_route=\/"}],"wp:attachment":[{"href":"https:\/\/fmtinkunaco.ar\/index.php?rest_route=%2Fwp%2Fv2%2Fmedia&parent=4582"}],"wp:term":[{"taxonomy":"category","embeddable":true,"href":"https:\/\/fmtinkunaco.ar\/index.php?rest_route=%2Fwp%2Fv2%2Fcategories&post=4582"},{"taxonomy":"post_tag","embeddable":true,"href":"https:\/\/fmtinkunaco.ar\/index.php?rest_route=%2Fwp%2Fv2%2Ftags&post=4582"}],"curies":[{"name":"wp","href":"https:\/\/api.w.org\/{rel}","templated":true}]}}