{"id":4595,"date":"2022-05-17T14:25:18","date_gmt":"2022-05-17T17:25:18","guid":{"rendered":"http:\/\/fmtinkunaco.com.ar\/?p=4595"},"modified":"2022-05-17T14:25:18","modified_gmt":"2022-05-17T17:25:18","slug":"se-reunio-la-mesa-de-nineces-y-adolescencias-de-jose-c-paz","status":"publish","type":"post","link":"https:\/\/fmtinkunaco.ar\/?p=4595","title":{"rendered":"Se reuni\u00f3 la Mesa de Ni\u00f1eces y Adolescencias de Jos\u00e9. C. Paz"},"content":{"rendered":"<p>El pasado s\u00e1bado 14 de mayo, se reuni\u00f3 nuevamente la Mesa de Ni\u00f1eces y Adolescencias del partido de Jos\u00e9. C. Paz en la Sede del Servicio de Paz y Justicia, una de las organizaciones integrantes de esta mesa.<\/p>\n<p>En di\u00e1logo con el programa radial \u201cEncuentro con las Noticias\u201d, Lourdes Cayata, integrante de la Mesa de Ni\u00f1eces, se refiri\u00f3 al principal objetivo de conformar el Consejo Local de Protecci\u00f3n y Promoci\u00f3n de Derechos de ni\u00f1os, ni\u00f1as y adolescentes, <em>\u201cEstamos trabajando en la mesa de ni\u00f1ez, ya hicimos la presentaci\u00f3n ante el Concejo Deliberante para ver si podemos por fin lograr la aprobaci\u00f3n del Consejo Local y todav\u00eda estamos a la espera de alguna novedad\u201d.<\/em><\/p>\n<p>Adem\u00e1s, desde la Mesa se encuentran organizando lo que ser\u00e1 el pr\u00f3ximo Plenario de la Red de Consejos locales de la provincia de Buenos Aires que se realizar\u00e1 en el partido pace\u00f1o.<\/p>\n<p>Cayata sostuvo que la mesa de ni\u00f1eces tiene intenciones que el encuentra se pueda concretar en la Universidad Nacional de Jos\u00e9. C. Paz (UNPAZ) pero que a\u00fan no obtuvieron respuestas, <em>\u201cTodav\u00eda no nos la han aprobado, cuando hicimos el primer acercamiento el mes pasado, nos dijeron que todav\u00eda era muy temprano en fecha, que no se pod\u00eda confirmar todav\u00eda el espacio. Volvimos a reiterar el pedido y medio que no nos est\u00e1n escuchando demasiado. As\u00ed que estamos pensando. Igualmente tenemos pensado insistir con el espacio de la UNPAZ porque creemos que la universidad p\u00fablica debe ser realmente un espacio donde podamos todas las instituciones y la gente de la comunidad realizar que tengan que ver con los intereses propios de la comunidad y adem\u00e1s porque es un espacio que le dar\u00eda visibilidad a nuestro trabajo\u201d.<\/em><\/p>\n<p>La siguiente reuni\u00f3n de la Mesa de ni\u00f1eces y adolescencias ser\u00e1 el pr\u00f3ximo s\u00e1bado 4 de junio y el encuentro provincial de la red de consejos locales ser\u00e1 el 2 de julio.<\/p>\n<p>Compartimos la entrevista completa<\/p>\n<p><a href=\"https:\/\/archive.org\/details\/audio-lourdes-cayata-17-05-2022\">Descargar<\/a><\/p>\n<audio class=\"wp-audio-shortcode\" id=\"audio-4595-2\" preload=\"none\" style=\"width: 100%;\" controls=\"controls\"><source type=\"audio\/mpeg\" src=\"https:\/\/archive.org\/download\/audio-lourdes-cayata-17-05-2022\/AUDIO%20-%20LOURDES%20CAYATA%2017%2005%202022.mp3?_=2\" \/><a href=\"https:\/\/archive.org\/download\/audio-lourdes-cayata-17-05-2022\/AUDIO%20-%20LOURDES%20CAYATA%2017%2005%202022.mp3\">https:\/\/archive.org\/download\/audio-lourdes-cayata-17-05-2022\/AUDIO%20-%20LOURDES%20CAYATA%2017%2005%202022.mp3<\/a><\/audio>\n<div class=\"powerpress_player\" id=\"powerpress_player_7276\"><audio class=\"wp-audio-shortcode\" id=\"audio-4595-1\" preload=\"none\" style=\"width: 100%;\" controls=\"controls\"><source type=\"audio\/mpeg\" src=\"https:\/\/archive.org\/download\/audio-lourdes-cayata-17-05-2022\/AUDIO%20-%20LOURDES%20CAYATA%2017%2005%202022.mp3?_=1\" \/><a href=\"https:\/\/archive.org\/download\/audio-lourdes-cayata-17-05-2022\/AUDIO%20-%20LOURDES%20CAYATA%2017%2005%202022.mp3\">https:\/\/archive.org\/download\/audio-lourdes-cayata-17-05-2022\/AUDIO%20-%20LOURDES%20CAYATA%2017%2005%202022.mp3<\/a><\/audio><\/div><p class=\"powerpress_links powerpress_links_mp3\" style=\"margin-bottom: 1px !important;\">Podcast: <a href=\"https:\/\/archive.org\/download\/audio-lourdes-cayata-17-05-2022\/AUDIO%20-%20LOURDES%20CAYATA%2017%2005%202022.mp3\" class=\"powerpress_link_pinw\" target=\"_blank\" title=\"Reproducir en una nueva ventana\" onclick=\"return powerpress_pinw('https:\/\/fmtinkunaco.ar\/?powerpress_pinw=4595-podcast');\" rel=\"nofollow\">Reproducir en una nueva ventana<\/a> | <a href=\"https:\/\/archive.org\/download\/audio-lourdes-cayata-17-05-2022\/AUDIO%20-%20LOURDES%20CAYATA%2017%2005%202022.mp3\" class=\"powerpress_link_d\" title=\"Descargar\" rel=\"nofollow\" download=\"AUDIO%20-%20LOURDES%20CAYATA%2017%2005%202022.mp3\">Descargar<\/a><\/p>","protected":false},"excerpt":{"rendered":"<p>El pasado s\u00e1bado 14 de mayo, se reuni\u00f3 nuevamente la Mesa de Ni\u00f1eces y Adolescencias del partido de Jos\u00e9. C. Paz en la Sede del Servicio de Paz y Justicia, una de las organizaciones integrantes de esta mesa. En di\u00e1logo con el programa radial \u201cEncuentro con las Noticias\u201d, Lourdes Cayata, integrante de la Mesa de [&hellip;]<\/p>\n","protected":false},"author":1,"featured_media":4596,"comment_status":"open","ping_status":"open","sticky":false,"template":"","format":"standard","meta":{"footnotes":""},"categories":[4],"tags":[],"class_list":["post-4595","post","type-post","status-publish","format-standard","has-post-thumbnail","hentry","category-derechos-humanos"],"_links":{"self":[{"href":"https:\/\/fmtinkunaco.ar\/index.php?rest_route=\/wp\/v2\/posts\/4595","targetHints":{"allow":["GET"]}}],"collection":[{"href":"https:\/\/fmtinkunaco.ar\/index.php?rest_route=\/wp\/v2\/posts"}],"about":[{"href":"https:\/\/fmtinkunaco.ar\/index.php?rest_route=\/wp\/v2\/types\/post"}],"author":[{"embeddable":true,"href":"https:\/\/fmtinkunaco.ar\/index.php?rest_route=\/wp\/v2\/users\/1"}],"replies":[{"embeddable":true,"href":"https:\/\/fmtinkunaco.ar\/index.php?rest_route=%2Fwp%2Fv2%2Fcomments&post=4595"}],"version-history":[{"count":0,"href":"https:\/\/fmtinkunaco.ar\/index.php?rest_route=\/wp\/v2\/posts\/4595\/revisions"}],"wp:featuredmedia":[{"embeddable":true,"href":"https:\/\/fmtinkunaco.ar\/index.php?rest_route=\/"}],"wp:attachment":[{"href":"https:\/\/fmtinkunaco.ar\/index.php?rest_route=%2Fwp%2Fv2%2Fmedia&parent=4595"}],"wp:term":[{"taxonomy":"category","embeddable":true,"href":"https:\/\/fmtinkunaco.ar\/index.php?rest_route=%2Fwp%2Fv2%2Fcategories&post=4595"},{"taxonomy":"post_tag","embeddable":true,"href":"https:\/\/fmtinkunaco.ar\/index.php?rest_route=%2Fwp%2Fv2%2Ftags&post=4595"}],"curies":[{"name":"wp","href":"https:\/\/api.w.org\/{rel}","templated":true}]}}