{"id":4599,"date":"2022-05-20T13:34:05","date_gmt":"2022-05-20T16:34:05","guid":{"rendered":"http:\/\/fmtinkunaco.com.ar\/?p=4599"},"modified":"2022-05-20T13:34:05","modified_gmt":"2022-05-20T16:34:05","slug":"semana-del-parto-respetado","status":"publish","type":"post","link":"https:\/\/fmtinkunaco.ar\/?p=4599","title":{"rendered":"Semana del Parto Respetado"},"content":{"rendered":"<p>A partir del 16 de mayo y hasta el 22 de mayo se conmemora la \u201cSemana del Parto Respetado\u201d, bajo el lema \u00abMuchas formas de parir, los mismos derechos\u00bb.<\/p>\n<p>En Argentina, la Ley 25.929 <strong>\u201cParto Humanizado\u201d<\/strong> se aprob\u00f3 durante el a\u00f1o 2004 pero fue reglamentada en el a\u00f1o 2015.<\/p>\n<p>En di\u00e1logo con el programa radial \u201cEncuentro con las Noticias\u201d, Silvana Fava, Licenciada en Obstetricia del Hospital Pirovano (Ciudad de Buenos Aires) y en el Hospital Petrona Villegas de Cordero en San Fernando (Provincia de Buenos Aires) y Docente de la carrera de Obstetricia de la Universidad de Buenos Aires, se refiri\u00f3 a la violencia obst\u00e9trica, <em>\u201cA trav\u00e9s del tiempo como que esta violencia que a lo mejor antes en la atenci\u00f3n diaria uno no lo visibilizaba, ahora la visibiliza en muchas situaciones, se repite a diario. Y la violencia b\u00e1sicamente es no respetar los derechos del otro, de una mujer que est\u00e1 en una situaci\u00f3n vulnerable donde necesita mucho apoyo de nosotros y hacer entrar a su familia tambi\u00e9n porque antes era como que era algo exclusivo de la instituci\u00f3n y de la madre. Como yo te hago el parto y el parto lo hace la mam\u00e1 con toda su sabidur\u00eda corporal y lo mismo que \u00e9l bebe, entonces se cambi\u00f3 una mirada. Y por eso lo que todav\u00eda no hicieron ese cambio, tanto familia, tanto asistente en nacimientos, ese cambio y esa mirada de que la madre es la que necesita, y donde pone todos sus derechos y nosotros tenemos que respetar\u201d.<\/em><\/p>\n<p>Fava, adem\u00e1s, se refiri\u00f3 a los principales derechos a conocer al momento del parto <em>\u201cLo m\u00e1s importante es la informaci\u00f3n, si vos no estas informada como mam\u00e1 no podes elegir o elegir\u00edas mal o estar\u00edas insegura, entonces por eso en el otro, en el que aporta ese servicio de salud pones todo ese poder. Entonces, lo primero es informar de todo el proceso de nacimiento, a la familia, a la mam\u00e1 principalmente e incorporar a la familia. Es necesario que la mama est\u00e9 acompa\u00f1ada por su familia durante todo el proceso de embarazo, parto, posparto y crianza. La instituci\u00f3n de salud le tiene que permitir estar con su bebe desde el momento que nace y que no se separen nunca, salvo si hay alg\u00fan problema de salud m\u00e1s importante que lo amerita, que \u00e9l bebe tenga que estar en neo o algo as\u00ed. Pero no deber\u00edan separarse nunca, una mam\u00e1 sana y un bebe sano despu\u00e9s de un nacimiento no deber\u00edan separarse nunca\u201d.<\/em><\/p>\n<p>La semana por el Parto Respetado busca concientizar e informar, no solo sobre el momento del parto, sino tambi\u00e9n sobre el embarazo y la lactancia.<\/p>\n<p>Compartimos la entrevista completa<\/p>\n<p><a href=\"https:\/\/archive.org\/details\/audio-silvana-fava-20-05-2022\">Descargar<\/a><\/p>\n<audio class=\"wp-audio-shortcode\" id=\"audio-4599-2\" preload=\"none\" style=\"width: 100%;\" controls=\"controls\"><source type=\"audio\/mpeg\" src=\"https:\/\/archive.org\/download\/audio-silvana-fava-20-05-2022\/AUDIO%20-%20SILVANA%20FAVA%2020%2005%202022.mp3?_=2\" \/><a href=\"https:\/\/archive.org\/download\/audio-silvana-fava-20-05-2022\/AUDIO%20-%20SILVANA%20FAVA%2020%2005%202022.mp3\">https:\/\/archive.org\/download\/audio-silvana-fava-20-05-2022\/AUDIO%20-%20SILVANA%20FAVA%2020%2005%202022.mp3<\/a><\/audio>\n<div class=\"powerpress_player\" id=\"powerpress_player_2857\"><audio class=\"wp-audio-shortcode\" id=\"audio-4599-1\" preload=\"none\" style=\"width: 100%;\" controls=\"controls\"><source type=\"audio\/mpeg\" src=\"https:\/\/archive.org\/download\/audio-silvana-fava-20-05-2022\/AUDIO%20-%20SILVANA%20FAVA%2020%2005%202022.mp3?_=1\" \/><a href=\"https:\/\/archive.org\/download\/audio-silvana-fava-20-05-2022\/AUDIO%20-%20SILVANA%20FAVA%2020%2005%202022.mp3\">https:\/\/archive.org\/download\/audio-silvana-fava-20-05-2022\/AUDIO%20-%20SILVANA%20FAVA%2020%2005%202022.mp3<\/a><\/audio><\/div><p class=\"powerpress_links powerpress_links_mp3\" style=\"margin-bottom: 1px !important;\">Podcast: <a href=\"https:\/\/archive.org\/download\/audio-silvana-fava-20-05-2022\/AUDIO%20-%20SILVANA%20FAVA%2020%2005%202022.mp3\" class=\"powerpress_link_pinw\" target=\"_blank\" title=\"Reproducir en una nueva ventana\" onclick=\"return powerpress_pinw('https:\/\/fmtinkunaco.ar\/?powerpress_pinw=4599-podcast');\" rel=\"nofollow\">Reproducir en una nueva ventana<\/a> | <a href=\"https:\/\/archive.org\/download\/audio-silvana-fava-20-05-2022\/AUDIO%20-%20SILVANA%20FAVA%2020%2005%202022.mp3\" class=\"powerpress_link_d\" title=\"Descargar\" rel=\"nofollow\" download=\"AUDIO%20-%20SILVANA%20FAVA%2020%2005%202022.mp3\">Descargar<\/a><\/p>","protected":false},"excerpt":{"rendered":"<p>A partir del 16 de mayo y hasta el 22 de mayo se conmemora la \u201cSemana del Parto Respetado\u201d, bajo el lema \u00abMuchas formas de parir, los mismos derechos\u00bb. En Argentina, la Ley 25.929 \u201cParto Humanizado\u201d se aprob\u00f3 durante el a\u00f1o 2004 pero fue reglamentada en el a\u00f1o 2015. En di\u00e1logo con el programa radial [&hellip;]<\/p>\n","protected":false},"author":1,"featured_media":4600,"comment_status":"open","ping_status":"open","sticky":false,"template":"","format":"standard","meta":{"footnotes":""},"categories":[4],"tags":[],"class_list":["post-4599","post","type-post","status-publish","format-standard","has-post-thumbnail","hentry","category-derechos-humanos"],"_links":{"self":[{"href":"https:\/\/fmtinkunaco.ar\/index.php?rest_route=\/wp\/v2\/posts\/4599","targetHints":{"allow":["GET"]}}],"collection":[{"href":"https:\/\/fmtinkunaco.ar\/index.php?rest_route=\/wp\/v2\/posts"}],"about":[{"href":"https:\/\/fmtinkunaco.ar\/index.php?rest_route=\/wp\/v2\/types\/post"}],"author":[{"embeddable":true,"href":"https:\/\/fmtinkunaco.ar\/index.php?rest_route=\/wp\/v2\/users\/1"}],"replies":[{"embeddable":true,"href":"https:\/\/fmtinkunaco.ar\/index.php?rest_route=%2Fwp%2Fv2%2Fcomments&post=4599"}],"version-history":[{"count":0,"href":"https:\/\/fmtinkunaco.ar\/index.php?rest_route=\/wp\/v2\/posts\/4599\/revisions"}],"wp:featuredmedia":[{"embeddable":true,"href":"https:\/\/fmtinkunaco.ar\/index.php?rest_route=\/"}],"wp:attachment":[{"href":"https:\/\/fmtinkunaco.ar\/index.php?rest_route=%2Fwp%2Fv2%2Fmedia&parent=4599"}],"wp:term":[{"taxonomy":"category","embeddable":true,"href":"https:\/\/fmtinkunaco.ar\/index.php?rest_route=%2Fwp%2Fv2%2Fcategories&post=4599"},{"taxonomy":"post_tag","embeddable":true,"href":"https:\/\/fmtinkunaco.ar\/index.php?rest_route=%2Fwp%2Fv2%2Ftags&post=4599"}],"curies":[{"name":"wp","href":"https:\/\/api.w.org\/{rel}","templated":true}]}}