{"id":4605,"date":"2022-05-23T10:26:49","date_gmt":"2022-05-23T13:26:49","guid":{"rendered":"http:\/\/fmtinkunaco.com.ar\/?p=4605"},"modified":"2022-05-23T10:26:49","modified_gmt":"2022-05-23T13:26:49","slug":"pilar-restaurando-memoria-sonia-colman-presente","status":"publish","type":"post","link":"https:\/\/fmtinkunaco.ar\/?p=4605","title":{"rendered":"Pilar: Restaurando Memoria. Sonia Colman, \u00a1presente!"},"content":{"rendered":"<p>Hoy, lunes 23 de mayo a partir de las 10hs, se desarrollar\u00e1 la jornada de restauraci\u00f3n del mural de Sonia Colman, v\u00edctima de gatillo f\u00e1cil en el municipio de Pilar.<\/p>\n<p>La jornada \u201cRestaurando Memoria. Sonia Colman, \u00a1Presente!\u201d de restauraci\u00f3n del mural, contar\u00e1 tambi\u00e9n con la protecci\u00f3n del corto documental y con un importante anuncio.<\/p>\n<p>En di\u00e1logo con el programa radial \u201cEncuentro con las Noticias\u201d, Natalia Espasa, Hija de Sonia Colman, se refiri\u00f3 a esta jornada de memoria, <em>\u201cEstamos arrancando con los preparativos para restaurar el mural de la calle Tucum\u00e1n, en Pilar, entre las calles 11 de Septiembre y San Mart\u00edn; un mural que ya hace varios a\u00f1os que esta sobre esa calle y que hemos podido lograr que permanezca pero el transcurso de los a\u00f1os, las lluvias, el sol, a echo que se desgaste, que haya parte de las paredes que se rompan y eso a echo que parte del dibujo se caiga, as\u00ed que bueno, pusimos esta fecha para poder restaurarlo con compa\u00f1eras y compa\u00f1eros del MST y otras organizaciones que tambi\u00e9n van a estar dando una mano\u201d.<\/em><\/p>\n<p>Espasa, adem\u00e1s, describi\u00f3 a Sonia,\u00a0<em>\u201cSonia Colman una luchadora social, barrial y pol\u00edtica que durante muchos a\u00f1os ha puesto su vida al servicio de las luchas, al servicio de la comunidad por diferentes causas ella viv\u00eda en Manuel Alberti. Toda su vida lo hizo ah\u00ed y militaba por estas causas sociales, a favor del agua, a favor de la educaci\u00f3n p\u00fablica, a favor de las obras publicas en los barrios, en contra de las injusticias. Entonces una compa\u00f1era reconocida en la zona y reconocida tambi\u00e9n por sus pares y por otras organizaciones que han acompa\u00f1ado toda esta lucha y la jornada final del juicio y todas las iniciativas que hemos llevado adelante hasta poder lograr c\u00e1rcel para su asesino. Este a\u00f1o se van a cumplir 15 a\u00f1os de su asesinato\u201d.<\/em><\/p>\n<p>La jornada es hoy, a partir de las 10 hs en Tucum\u00e1n y 11 de Septiembre.<\/p>\n<p>Compartimos la entrevista completa<\/p>\n<p><a href=\"https:\/\/archive.org\/details\/audio-natalia-espasa-23-05-2022\">Descargar<\/a><\/p>\n<audio class=\"wp-audio-shortcode\" id=\"audio-4605-2\" preload=\"none\" style=\"width: 100%;\" controls=\"controls\"><source type=\"audio\/mpeg\" src=\"https:\/\/archive.org\/download\/audio-natalia-espasa-23-05-2022\/AUDIO%20-%20NATALIA%20ESPASA%2023%2005%202022.mp3?_=2\" \/><a href=\"https:\/\/archive.org\/download\/audio-natalia-espasa-23-05-2022\/AUDIO%20-%20NATALIA%20ESPASA%2023%2005%202022.mp3\">https:\/\/archive.org\/download\/audio-natalia-espasa-23-05-2022\/AUDIO%20-%20NATALIA%20ESPASA%2023%2005%202022.mp3<\/a><\/audio>\n<div class=\"powerpress_player\" id=\"powerpress_player_9391\"><audio class=\"wp-audio-shortcode\" id=\"audio-4605-1\" preload=\"none\" style=\"width: 100%;\" controls=\"controls\"><source type=\"audio\/mpeg\" src=\"https:\/\/archive.org\/download\/audio-natalia-espasa-23-05-2022\/AUDIO%20-%20NATALIA%20ESPASA%2023%2005%202022.mp3?_=1\" \/><a href=\"https:\/\/archive.org\/download\/audio-natalia-espasa-23-05-2022\/AUDIO%20-%20NATALIA%20ESPASA%2023%2005%202022.mp3\">https:\/\/archive.org\/download\/audio-natalia-espasa-23-05-2022\/AUDIO%20-%20NATALIA%20ESPASA%2023%2005%202022.mp3<\/a><\/audio><\/div><p class=\"powerpress_links powerpress_links_mp3\" style=\"margin-bottom: 1px !important;\">Podcast: <a href=\"https:\/\/archive.org\/download\/audio-natalia-espasa-23-05-2022\/AUDIO%20-%20NATALIA%20ESPASA%2023%2005%202022.mp3\" class=\"powerpress_link_pinw\" target=\"_blank\" title=\"Reproducir en una nueva ventana\" onclick=\"return powerpress_pinw('https:\/\/fmtinkunaco.ar\/?powerpress_pinw=4605-podcast');\" rel=\"nofollow\">Reproducir en una nueva ventana<\/a> | <a href=\"https:\/\/archive.org\/download\/audio-natalia-espasa-23-05-2022\/AUDIO%20-%20NATALIA%20ESPASA%2023%2005%202022.mp3\" class=\"powerpress_link_d\" title=\"Descargar\" rel=\"nofollow\" download=\"AUDIO%20-%20NATALIA%20ESPASA%2023%2005%202022.mp3\">Descargar<\/a><\/p>","protected":false},"excerpt":{"rendered":"<p>Hoy, lunes 23 de mayo a partir de las 10hs, se desarrollar\u00e1 la jornada de restauraci\u00f3n del mural de Sonia Colman, v\u00edctima de gatillo f\u00e1cil en el municipio de Pilar. La jornada \u201cRestaurando Memoria. Sonia Colman, \u00a1Presente!\u201d de restauraci\u00f3n del mural, contar\u00e1 tambi\u00e9n con la protecci\u00f3n del corto documental y con un importante anuncio. En [&hellip;]<\/p>\n","protected":false},"author":1,"featured_media":4606,"comment_status":"open","ping_status":"open","sticky":false,"template":"","format":"standard","meta":{"footnotes":""},"categories":[4],"tags":[],"class_list":["post-4605","post","type-post","status-publish","format-standard","has-post-thumbnail","hentry","category-derechos-humanos"],"_links":{"self":[{"href":"https:\/\/fmtinkunaco.ar\/index.php?rest_route=\/wp\/v2\/posts\/4605","targetHints":{"allow":["GET"]}}],"collection":[{"href":"https:\/\/fmtinkunaco.ar\/index.php?rest_route=\/wp\/v2\/posts"}],"about":[{"href":"https:\/\/fmtinkunaco.ar\/index.php?rest_route=\/wp\/v2\/types\/post"}],"author":[{"embeddable":true,"href":"https:\/\/fmtinkunaco.ar\/index.php?rest_route=\/wp\/v2\/users\/1"}],"replies":[{"embeddable":true,"href":"https:\/\/fmtinkunaco.ar\/index.php?rest_route=%2Fwp%2Fv2%2Fcomments&post=4605"}],"version-history":[{"count":0,"href":"https:\/\/fmtinkunaco.ar\/index.php?rest_route=\/wp\/v2\/posts\/4605\/revisions"}],"wp:featuredmedia":[{"embeddable":true,"href":"https:\/\/fmtinkunaco.ar\/index.php?rest_route=\/"}],"wp:attachment":[{"href":"https:\/\/fmtinkunaco.ar\/index.php?rest_route=%2Fwp%2Fv2%2Fmedia&parent=4605"}],"wp:term":[{"taxonomy":"category","embeddable":true,"href":"https:\/\/fmtinkunaco.ar\/index.php?rest_route=%2Fwp%2Fv2%2Fcategories&post=4605"},{"taxonomy":"post_tag","embeddable":true,"href":"https:\/\/fmtinkunaco.ar\/index.php?rest_route=%2Fwp%2Fv2%2Ftags&post=4605"}],"curies":[{"name":"wp","href":"https:\/\/api.w.org\/{rel}","templated":true}]}}