{"id":4611,"date":"2022-05-24T14:51:55","date_gmt":"2022-05-24T17:51:55","guid":{"rendered":"http:\/\/fmtinkunaco.com.ar\/?p=4611"},"modified":"2022-05-24T14:51:55","modified_gmt":"2022-05-24T17:51:55","slug":"24-anos-del-centro-comunitario-lagarto-juancho","status":"publish","type":"post","link":"https:\/\/fmtinkunaco.ar\/?p=4611","title":{"rendered":"24 A\u00f1os del Centro Comunitario Lagarto Juancho"},"content":{"rendered":"<p>El Centro Comunitario Lagarto Juancho, ubicado en barrio Vucetich \u2013 Jos\u00e9. C. Paz, e integrante de la Red de Centros Comunitarios El Encuentro cumple 24 a\u00f1os de trabajo con las infancias en el territorio.<\/p>\n<p>En di\u00e1logo con el programa radial \u201cEncuentro con las Noticias\u201d, Mauro Miranda, referente del Centro Comunitario Lagarto Juancho, describi\u00f3 como tienen pensada la celebraci\u00f3n el pr\u00f3ximo 25 de mayo, <em>\u201cEstamos con todos los preparativos muy ansiosos y expectantes a ver que va a pasar con el tiempo, pero as\u00ed y todo estamos preparando un poco la calle, invitando a los vecinos y empezando a preparar todo para el locro que se va a hacer en la calle del centro. (\u2026) Y es algo que convoca a todos los vecinos, a la gente que viene al centro, a la gente que no porque por lo general se hace en la calle con le\u00f1a, lo hacen las mamas del centro y siempre se arranca desde temprano, con torta fritas, con mate cocido y ah\u00ed la gente se va sumando hasta que al mediod\u00eda por fin comemos todos juntos el locro\u201d.<\/em><\/p>\n<p>Miranda, adem\u00e1s, cont\u00f3 se est\u00e1n preparando las infancias del centro comunitario para esta celebraci\u00f3n, <em>\u201cLos chicos y chicas del centro est\u00e1n preparando la muestra de los talleres, est\u00e1n preparando distintos numeritos con los profes de educaci\u00f3n f\u00edsica, con los profes de m\u00fasica, con los profes de batucada y se lo van a mostrar a las vecinas, las mam\u00e1s, los padres y las familias en general. As\u00ed que est\u00e1n a full\u201d.<\/em><\/p>\n<p>La celebraci\u00f3n es ma\u00f1ana, mi\u00e9rcoles 25 de mayo, a partir de las 10.30hs en el Centro Comunitario Lagarto Juancho \u2013 Colonia 4730, barrio Vucetich, Jos\u00e9. C. Paz.<\/p>\n<p>La celebraci\u00f3n contar\u00e1 con la presentaci\u00f3n de Mi Ciela Folk, Ca\u00f1a con Ruda y Ubuntu Tambor.<\/p>\n<p>Compartimos la entrevista completa<\/p>\n<p><a href=\"https:\/\/archive.org\/details\/audio-mauro-miranda-lagarto-juancho-24-05-2022\">Descargar<br \/>\n<\/a><\/p>\n<audio class=\"wp-audio-shortcode\" id=\"audio-4611-2\" preload=\"none\" style=\"width: 100%;\" controls=\"controls\"><source type=\"audio\/mpeg\" src=\"https:\/\/archive.org\/download\/audio-mauro-miranda-lagarto-juancho-24-05-2022\/AUDIO%20-%20MAURO%20MIRANDA%20%28LAGARTO%20JUANCHO%29%2024%2005%202022.mp3?_=2\" \/><a href=\"https:\/\/archive.org\/download\/audio-mauro-miranda-lagarto-juancho-24-05-2022\/AUDIO%20-%20MAURO%20MIRANDA%20%28LAGARTO%20JUANCHO%29%2024%2005%202022.mp3\">https:\/\/archive.org\/download\/audio-mauro-miranda-lagarto-juancho-24-05-2022\/AUDIO%20-%20MAURO%20MIRANDA%20%28LAGARTO%20JUANCHO%29%2024%2005%202022.mp3<\/a><\/audio>\n<div class=\"powerpress_player\" id=\"powerpress_player_6627\"><audio class=\"wp-audio-shortcode\" id=\"audio-4611-1\" preload=\"none\" style=\"width: 100%;\" controls=\"controls\"><source type=\"audio\/mpeg\" src=\"https:\/\/archive.org\/download\/audio-mauro-miranda-lagarto-juancho-24-05-2022\/AUDIO%20-%20MAURO%20MIRANDA%20%28LAGARTO%20JUANCHO%29%2024%2005%202022.mp3?_=1\" \/><a href=\"https:\/\/archive.org\/download\/audio-mauro-miranda-lagarto-juancho-24-05-2022\/AUDIO%20-%20MAURO%20MIRANDA%20%28LAGARTO%20JUANCHO%29%2024%2005%202022.mp3\">https:\/\/archive.org\/download\/audio-mauro-miranda-lagarto-juancho-24-05-2022\/AUDIO%20-%20MAURO%20MIRANDA%20%28LAGARTO%20JUANCHO%29%2024%2005%202022.mp3<\/a><\/audio><\/div><p class=\"powerpress_links powerpress_links_mp3\" style=\"margin-bottom: 1px !important;\">Podcast: <a href=\"https:\/\/archive.org\/download\/audio-mauro-miranda-lagarto-juancho-24-05-2022\/AUDIO%20-%20MAURO%20MIRANDA%20%28LAGARTO%20JUANCHO%29%2024%2005%202022.mp3\" class=\"powerpress_link_pinw\" target=\"_blank\" title=\"Reproducir en una nueva ventana\" onclick=\"return powerpress_pinw('https:\/\/fmtinkunaco.ar\/?powerpress_pinw=4611-podcast');\" rel=\"nofollow\">Reproducir en una nueva ventana<\/a> | <a href=\"https:\/\/archive.org\/download\/audio-mauro-miranda-lagarto-juancho-24-05-2022\/AUDIO%20-%20MAURO%20MIRANDA%20%28LAGARTO%20JUANCHO%29%2024%2005%202022.mp3\" class=\"powerpress_link_d\" title=\"Descargar\" rel=\"nofollow\" download=\"AUDIO%20-%20MAURO%20MIRANDA%20%28LAGARTO%20JUANCHO%29%2024%2005%202022.mp3\">Descargar<\/a><\/p>","protected":false},"excerpt":{"rendered":"<p>El Centro Comunitario Lagarto Juancho, ubicado en barrio Vucetich \u2013 Jos\u00e9. C. Paz, e integrante de la Red de Centros Comunitarios El Encuentro cumple 24 a\u00f1os de trabajo con las infancias en el territorio. En di\u00e1logo con el programa radial \u201cEncuentro con las Noticias\u201d, Mauro Miranda, referente del Centro Comunitario Lagarto Juancho, describi\u00f3 como tienen [&hellip;]<\/p>\n","protected":false},"author":1,"featured_media":4612,"comment_status":"open","ping_status":"open","sticky":false,"template":"","format":"standard","meta":{"footnotes":""},"categories":[9],"tags":[],"class_list":["post-4611","post","type-post","status-publish","format-standard","has-post-thumbnail","hentry","category-sociedad"],"_links":{"self":[{"href":"https:\/\/fmtinkunaco.ar\/index.php?rest_route=\/wp\/v2\/posts\/4611","targetHints":{"allow":["GET"]}}],"collection":[{"href":"https:\/\/fmtinkunaco.ar\/index.php?rest_route=\/wp\/v2\/posts"}],"about":[{"href":"https:\/\/fmtinkunaco.ar\/index.php?rest_route=\/wp\/v2\/types\/post"}],"author":[{"embeddable":true,"href":"https:\/\/fmtinkunaco.ar\/index.php?rest_route=\/wp\/v2\/users\/1"}],"replies":[{"embeddable":true,"href":"https:\/\/fmtinkunaco.ar\/index.php?rest_route=%2Fwp%2Fv2%2Fcomments&post=4611"}],"version-history":[{"count":0,"href":"https:\/\/fmtinkunaco.ar\/index.php?rest_route=\/wp\/v2\/posts\/4611\/revisions"}],"wp:featuredmedia":[{"embeddable":true,"href":"https:\/\/fmtinkunaco.ar\/index.php?rest_route=\/"}],"wp:attachment":[{"href":"https:\/\/fmtinkunaco.ar\/index.php?rest_route=%2Fwp%2Fv2%2Fmedia&parent=4611"}],"wp:term":[{"taxonomy":"category","embeddable":true,"href":"https:\/\/fmtinkunaco.ar\/index.php?rest_route=%2Fwp%2Fv2%2Fcategories&post=4611"},{"taxonomy":"post_tag","embeddable":true,"href":"https:\/\/fmtinkunaco.ar\/index.php?rest_route=%2Fwp%2Fv2%2Ftags&post=4611"}],"curies":[{"name":"wp","href":"https:\/\/api.w.org\/{rel}","templated":true}]}}