{"id":4639,"date":"2022-06-01T11:04:15","date_gmt":"2022-06-01T14:04:15","guid":{"rendered":"http:\/\/fmtinkunaco.com.ar\/?p=4639"},"modified":"2022-06-01T11:04:15","modified_gmt":"2022-06-01T14:04:15","slug":"la-familia-de-eliana-gimenez-victima-de-femicidio-exige-la-detencion-de-su-pareja","status":"publish","type":"post","link":"https:\/\/fmtinkunaco.ar\/?p=4639","title":{"rendered":"La familia de Eliana Gim\u00e9nez, v\u00edctima de femicidio, exige la detenci\u00f3n de su pareja"},"content":{"rendered":"<div class=\"\"><\/div>\n<div class=\"\"><\/div>\n<div class=\"\">\n<div class=\"_1mf _1mj\"><span>Gim\u00e9nez Eliana Daniela falleci\u00f3 el d\u00eda 20 de abril en el Hospital Trauma durante la ma\u00f1ana. La familia de la v\u00edctima denuncia que, su pareja Duarte Jes\u00fas Esteban, d\u00edas despu\u00e9s fue al Cementerio Municipal de Grand Bourg a corroborar que hab\u00eda fallecido.<\/span><\/div>\n<\/div>\n<div class=\"\">\n<div class=\"_1mf _1mj\"><span>\u00a0<\/span><\/div>\n<\/div>\n<div class=\"\">\n<div class=\"_1mf _1mj\"><span>Duarte ya ten\u00eda varias denuncias por violencia de g\u00e9nero realizadas por Eliana y su familia que la justicia no respondi\u00f3.<\/span><\/div>\n<\/div>\n<div class=\"\">\n<div class=\"_1mf _1mj\"><span>\u00a0<\/span><\/div>\n<\/div>\n<div class=\"\">\n<div class=\"_1mf _1mj\"><span>Eliana a fines de marzo logra escapar de la casa de Duarte, se encontraba muy mal con golpes en el cuerpo, desorientada. Lleg\u00f3 a la casa de su mam\u00e1, pero el 2 de abril se descompensa y termina Hospitalizada en el Trauma, pero como no era del distrito le quer\u00edan cobrar un canon diario que no pod\u00eda costear ni ella ni su familia. <\/span><\/div>\n<\/div>\n<div class=\"\">\n<div class=\"_1mf _1mj\"><span>\u00a0<\/span><\/div>\n<\/div>\n<div class=\"\">\n<div class=\"_1mf _1mj\"><span>Al otro d\u00eda Eliana acept\u00f3 el alta voluntaria y volvi\u00f3 a la casa de su mam\u00e1; 4 d\u00edas despu\u00e9s se descompensa y nuevamente es llevada al Trauma y posteriormente fallece.<\/span><\/div>\n<\/div>\n<div class=\"\">\n<div class=\"_1mf _1mj\"><span>\u00a0<\/span><\/div>\n<\/div>\n<div class=\"\">\n<div class=\"_1mf _1mj\"><span>En di\u00e1logo con el programa radial \u201c<\/span><span class=\"diy96o5h\"><span>Encuentro con las Noticias<\/span><\/span><span>\u201d, Graciela Vera, mam\u00e1 de Eliana Gim\u00e9nez, relato la situaci\u00f3n judicial de Duarte, <em>\u201cElla cuando se escap\u00f3 a los poquitos d\u00edas fue a la comisaria de la mujer y le tomaron la denuncia, tambi\u00e9n hizo la perimetral tanto para mi hija como para mi nieta. Despu\u00e9s de eso, a los poquitos d\u00edas cuando yo comente que hab\u00eda sido internada me mandaron enseguida la perimetral y despu\u00e9s yo hice la denuncia cuando fallece\u201d.<\/em><\/span><\/div>\n<\/div>\n<div class=\"\">\n<div class=\"_1mf _1mj\"><span>\u00a0<\/span><\/div>\n<\/div>\n<div class=\"\">\n<div class=\"_1mf _1mj\"><span>Hasta el momento Duarte se encuentra en libertad, seg\u00fan la familia el Fiscal sostiene que se encuentran investigando pero a\u00fan no pueden detenerlo.<\/span><\/div>\n<\/div>\n<div class=\"\">\n<div class=\"_1mf _1mj\"><span>\u00a0<\/span><\/div>\n<\/div>\n<div class=\"\">\n<div class=\"_1mf _1mj\"><span>Los familiares y amigos de Eliana Gim\u00e9nez exigen la inmediata detenci\u00f3n de Duarte y sus c\u00f3mplices.<\/span><\/div>\n<\/div>\n<div class=\"\">\n<div class=\"_1mf _1mj\"><span>\u00a0<\/span><\/div>\n<\/div>\n<div class=\"\">\n<div class=\"_1mf _1mj\"><span>Compartimos la entrevista completa<\/span><\/div>\n<div class=\"_1mf _1mj\"><\/div>\n<\/div>\n<div class=\"\">\n<div class=\"_1mf _1mj\"><span><a href=\"https:\/\/archive.org\/details\/audio-graciela-vera-mama-de-eliana-gimenez-01-06\">Descargar<\/a><br \/>\n<\/span><\/div>\n<\/div>\n<div class=\"_1mf _1mj\"><\/div>\n<div class=\"_1mf _1mj\"><\/div>\n","protected":false},"excerpt":{"rendered":"<p>Gim\u00e9nez Eliana Daniela falleci\u00f3 el d\u00eda 20 de abril en el Hospital Trauma durante la ma\u00f1ana. La familia de la v\u00edctima denuncia que, su pareja Duarte Jes\u00fas Esteban, d\u00edas despu\u00e9s fue al Cementerio Municipal de Grand Bourg a corroborar que hab\u00eda fallecido. \u00a0 Duarte ya ten\u00eda varias denuncias por violencia de g\u00e9nero realizadas por Eliana [&hellip;]<\/p>\n","protected":false},"author":1,"featured_media":4640,"comment_status":"open","ping_status":"open","sticky":false,"template":"","format":"standard","meta":{"footnotes":""},"categories":[6],"tags":[],"class_list":["post-4639","post","type-post","status-publish","format-standard","has-post-thumbnail","hentry","category-genero"],"_links":{"self":[{"href":"https:\/\/fmtinkunaco.ar\/index.php?rest_route=\/wp\/v2\/posts\/4639","targetHints":{"allow":["GET"]}}],"collection":[{"href":"https:\/\/fmtinkunaco.ar\/index.php?rest_route=\/wp\/v2\/posts"}],"about":[{"href":"https:\/\/fmtinkunaco.ar\/index.php?rest_route=\/wp\/v2\/types\/post"}],"author":[{"embeddable":true,"href":"https:\/\/fmtinkunaco.ar\/index.php?rest_route=\/wp\/v2\/users\/1"}],"replies":[{"embeddable":true,"href":"https:\/\/fmtinkunaco.ar\/index.php?rest_route=%2Fwp%2Fv2%2Fcomments&post=4639"}],"version-history":[{"count":0,"href":"https:\/\/fmtinkunaco.ar\/index.php?rest_route=\/wp\/v2\/posts\/4639\/revisions"}],"wp:featuredmedia":[{"embeddable":true,"href":"https:\/\/fmtinkunaco.ar\/index.php?rest_route=\/"}],"wp:attachment":[{"href":"https:\/\/fmtinkunaco.ar\/index.php?rest_route=%2Fwp%2Fv2%2Fmedia&parent=4639"}],"wp:term":[{"taxonomy":"category","embeddable":true,"href":"https:\/\/fmtinkunaco.ar\/index.php?rest_route=%2Fwp%2Fv2%2Fcategories&post=4639"},{"taxonomy":"post_tag","embeddable":true,"href":"https:\/\/fmtinkunaco.ar\/index.php?rest_route=%2Fwp%2Fv2%2Ftags&post=4639"}],"curies":[{"name":"wp","href":"https:\/\/api.w.org\/{rel}","templated":true}]}}