{"id":4646,"date":"2022-06-02T10:49:50","date_gmt":"2022-06-02T13:49:50","guid":{"rendered":"http:\/\/fmtinkunaco.com.ar\/?p=4646"},"modified":"2022-06-02T10:49:50","modified_gmt":"2022-06-02T13:49:50","slug":"3j-ni-una-menos-en-san-miguel","status":"publish","type":"post","link":"https:\/\/fmtinkunaco.ar\/?p=4646","title":{"rendered":"3J: \u201cNI UNA MENOS\u201d en San Miguel"},"content":{"rendered":"<p>La Asamblea Feminista Conurbana Noroeste convoca a un nuevo \u201c\u00a1Ni una menos!\u201d en el territorio con el objetivo de seguir visibilizando la violencia machista en los barrios del conurbano.<\/p>\n<p>La convocatoria de la Asamblea es a las 17.30 hs en la Plaza de San Miguel y la jornada contar\u00e1 con radio abierta, intervenciones art\u00edsticas y lectura del documento con exigencias.<\/p>\n<p>En di\u00e1logo con el programa radial \u201cEncuentro con las Noticias\u201d, Claudia \u201cQolka\u201d Ben\u00edtez, Referente del Espacio de G\u00e9neros Integral Frida Kahlo e integrante de la Asamblea Feminista Conurbana Noroeste, se refiri\u00f3 a las principales exigencias, \u201cExigimos que se garantice el derecho al aborto es nuestro territorio porque todav\u00eda hoy no lo podemos garantizar, es una ley pero no se cumple como muchas de las leyes; despu\u00e9s exigimos un abordaje integral contra la violencia machista y patriarcal, porque a veces el mismo estado te va revictimizando tantas o much\u00edsimas veces\u201d.<\/p>\n<p>Adem\u00e1s, Ben\u00edtez sostuvo \u201cSabemos que siempre el 3J es una fecha feminista por excelencia, viene por los femicidios y los femicidios pr\u00e1cticamente no paran. Del 1 de enero al 25 de mayo tenemos 199 femicidios. As\u00ed que esta es una convocatoria b\u00e1sicamente para gritar esto que pasa desde hace tanto tiempo y no cesa\u201d.<\/p>\n<p>La convocatoria es ma\u00f1ana, 3 de junio, 17.30hs en la Plaza de San Miguel.<\/p>\n<p>Compartimos la entrevista completa<\/p>\n<p><a href=\"https:\/\/archive.org\/details\/audio-claudia-qolka-benitez-02-06-2022\">Descargar<\/a><\/p>\n<audio class=\"wp-audio-shortcode\" id=\"audio-4646-2\" preload=\"none\" style=\"width: 100%;\" controls=\"controls\"><source type=\"audio\/mpeg\" src=\"https:\/\/archive.org\/download\/audio-claudia-qolka-benitez-02-06-2022\/AUDIO%20-%20CLAUDIA%20QOLKA%20BENITEZ%2002%2006%202022.mp3?_=2\" \/><a href=\"https:\/\/archive.org\/download\/audio-claudia-qolka-benitez-02-06-2022\/AUDIO%20-%20CLAUDIA%20QOLKA%20BENITEZ%2002%2006%202022.mp3\">https:\/\/archive.org\/download\/audio-claudia-qolka-benitez-02-06-2022\/AUDIO%20-%20CLAUDIA%20QOLKA%20BENITEZ%2002%2006%202022.mp3<\/a><\/audio>\n<div class=\"powerpress_player\" id=\"powerpress_player_639\"><audio class=\"wp-audio-shortcode\" id=\"audio-4646-1\" preload=\"none\" style=\"width: 100%;\" controls=\"controls\"><source type=\"audio\/mpeg\" src=\"https:\/\/archive.org\/download\/audio-claudia-qolka-benitez-02-06-2022\/AUDIO%20-%20CLAUDIA%20QOLKA%20BENITEZ%2002%2006%202022.mp3?_=1\" \/><a href=\"https:\/\/archive.org\/download\/audio-claudia-qolka-benitez-02-06-2022\/AUDIO%20-%20CLAUDIA%20QOLKA%20BENITEZ%2002%2006%202022.mp3\">https:\/\/archive.org\/download\/audio-claudia-qolka-benitez-02-06-2022\/AUDIO%20-%20CLAUDIA%20QOLKA%20BENITEZ%2002%2006%202022.mp3<\/a><\/audio><\/div><p class=\"powerpress_links powerpress_links_mp3\" style=\"margin-bottom: 1px !important;\">Podcast: <a href=\"https:\/\/archive.org\/download\/audio-claudia-qolka-benitez-02-06-2022\/AUDIO%20-%20CLAUDIA%20QOLKA%20BENITEZ%2002%2006%202022.mp3\" class=\"powerpress_link_pinw\" target=\"_blank\" title=\"Reproducir en una nueva ventana\" onclick=\"return powerpress_pinw('https:\/\/fmtinkunaco.ar\/?powerpress_pinw=4646-podcast');\" rel=\"nofollow\">Reproducir en una nueva ventana<\/a> | <a href=\"https:\/\/archive.org\/download\/audio-claudia-qolka-benitez-02-06-2022\/AUDIO%20-%20CLAUDIA%20QOLKA%20BENITEZ%2002%2006%202022.mp3\" class=\"powerpress_link_d\" title=\"Descargar\" rel=\"nofollow\" download=\"AUDIO%20-%20CLAUDIA%20QOLKA%20BENITEZ%2002%2006%202022.mp3\">Descargar<\/a><\/p>","protected":false},"excerpt":{"rendered":"<p>La Asamblea Feminista Conurbana Noroeste convoca a un nuevo \u201c\u00a1Ni una menos!\u201d en el territorio con el objetivo de seguir visibilizando la violencia machista en los barrios del conurbano. La convocatoria de la Asamblea es a las 17.30 hs en la Plaza de San Miguel y la jornada contar\u00e1 con radio abierta, intervenciones art\u00edsticas y [&hellip;]<\/p>\n","protected":false},"author":1,"featured_media":4647,"comment_status":"open","ping_status":"open","sticky":false,"template":"","format":"standard","meta":{"footnotes":""},"categories":[6],"tags":[],"class_list":["post-4646","post","type-post","status-publish","format-standard","has-post-thumbnail","hentry","category-genero"],"_links":{"self":[{"href":"https:\/\/fmtinkunaco.ar\/index.php?rest_route=\/wp\/v2\/posts\/4646","targetHints":{"allow":["GET"]}}],"collection":[{"href":"https:\/\/fmtinkunaco.ar\/index.php?rest_route=\/wp\/v2\/posts"}],"about":[{"href":"https:\/\/fmtinkunaco.ar\/index.php?rest_route=\/wp\/v2\/types\/post"}],"author":[{"embeddable":true,"href":"https:\/\/fmtinkunaco.ar\/index.php?rest_route=\/wp\/v2\/users\/1"}],"replies":[{"embeddable":true,"href":"https:\/\/fmtinkunaco.ar\/index.php?rest_route=%2Fwp%2Fv2%2Fcomments&post=4646"}],"version-history":[{"count":0,"href":"https:\/\/fmtinkunaco.ar\/index.php?rest_route=\/wp\/v2\/posts\/4646\/revisions"}],"wp:featuredmedia":[{"embeddable":true,"href":"https:\/\/fmtinkunaco.ar\/index.php?rest_route=\/"}],"wp:attachment":[{"href":"https:\/\/fmtinkunaco.ar\/index.php?rest_route=%2Fwp%2Fv2%2Fmedia&parent=4646"}],"wp:term":[{"taxonomy":"category","embeddable":true,"href":"https:\/\/fmtinkunaco.ar\/index.php?rest_route=%2Fwp%2Fv2%2Fcategories&post=4646"},{"taxonomy":"post_tag","embeddable":true,"href":"https:\/\/fmtinkunaco.ar\/index.php?rest_route=%2Fwp%2Fv2%2Ftags&post=4646"}],"curies":[{"name":"wp","href":"https:\/\/api.w.org\/{rel}","templated":true}]}}