{"id":4654,"date":"2022-06-06T13:54:41","date_gmt":"2022-06-06T16:54:41","guid":{"rendered":"http:\/\/fmtinkunaco.com.ar\/?p=4654"},"modified":"2022-06-06T13:54:41","modified_gmt":"2022-06-06T16:54:41","slug":"presentacion-de-la-mesa-de-nineces-y-adolescencias-de-jose-c-paz","status":"publish","type":"post","link":"https:\/\/fmtinkunaco.ar\/?p=4654","title":{"rendered":"Presentaci\u00f3n de la Mesa de Ni\u00f1eces y Adolescencias de Jos\u00e9. C. Paz"},"content":{"rendered":"<p>El pr\u00f3ximo jueves 16 de junio, la Mesa de Ni\u00f1eces y Adolescencias del partido de Jos\u00e9. C. Paz convoca a una jornada para visibilizar el trabajo que vienen organizando desde el espacio.<\/p>\n<p>Las actividades comenzar\u00e1n a partir de las 10hs en la Plaza Manuel Belgrano y habr\u00e1 juegos y m\u00fasica.<\/p>\n<p>En di\u00e1logo con el programa radial \u201cEncuentro con las Noticias\u201d, Luc\u00eda Espindola, referente del Centro Comunitario Lagarto Juancho e integrante de la Mesa de Ni\u00f1eces y Adolescencias, se refiri\u00f3 al objetivo de esta jornada, <em>\u201cUna jornada que venimos pensando desde las organizaciones de visibilizaci\u00f3n de lo que estamos haciendo ac\u00e1 en Jos\u00e9. C. Paz, (\u2026) con la idea de contar qui\u00e9nes somos, qu\u00e9 hacemos, y tambi\u00e9n poder sumar por ah\u00ed alg\u00fan centro de estudiantes o alguna organizaci\u00f3n que todav\u00eda no tenga la informaci\u00f3n y que no hayamos podido llegar a estas organizaciones. Compartir un poco todo este trabajo\u201d.<\/em><\/p>\n<p>Adem\u00e1s, posteriormente, en el mes de julio se realizar\u00e1 en el partido pace\u00f1o el Encuentro provincial de mesas de ni\u00f1eces y adolescencias y Consejos Locales. A\u00fan las y los integrantes de la mesa de Jos\u00e9. C. Paz esperan la aprobaci\u00f3n de las autoridades al pedido de la Universidad Nacional de Jos\u00e9. C. Paz para realizar este encuentro.<\/p>\n<p>La jornada de visibilizacion ser\u00e1 el pr\u00f3ximo jueves 16 de junio a partir de las 10hs en la Plaza Manuel Belgrano de Jos\u00e9. C. Paz \u2013 frente al Banco Provincia-.<\/p>\n<p>Compartimos la entrevista completa<\/p>\n<p><a href=\"https:\/\/archive.org\/details\/audio-lucia-espindola-06-06-2022\">Descargar<\/a><\/p>\n<audio class=\"wp-audio-shortcode\" id=\"audio-4654-2\" preload=\"none\" style=\"width: 100%;\" controls=\"controls\"><source type=\"audio\/mpeg\" src=\"https:\/\/archive.org\/download\/audio-lucia-espindola-06-06-2022\/AUDIO%20-%20LUCIA%20ESPINDOLA%2006%2006%202022.mp3?_=2\" \/><a href=\"https:\/\/archive.org\/download\/audio-lucia-espindola-06-06-2022\/AUDIO%20-%20LUCIA%20ESPINDOLA%2006%2006%202022.mp3\">https:\/\/archive.org\/download\/audio-lucia-espindola-06-06-2022\/AUDIO%20-%20LUCIA%20ESPINDOLA%2006%2006%202022.mp3<\/a><\/audio>\n<div class=\"powerpress_player\" id=\"powerpress_player_6727\"><audio class=\"wp-audio-shortcode\" id=\"audio-4654-1\" preload=\"none\" style=\"width: 100%;\" controls=\"controls\"><source type=\"audio\/mpeg\" src=\"https:\/\/archive.org\/download\/audio-lucia-espindola-06-06-2022\/AUDIO%20-%20LUCIA%20ESPINDOLA%2006%2006%202022.mp3?_=1\" \/><a href=\"https:\/\/archive.org\/download\/audio-lucia-espindola-06-06-2022\/AUDIO%20-%20LUCIA%20ESPINDOLA%2006%2006%202022.mp3\">https:\/\/archive.org\/download\/audio-lucia-espindola-06-06-2022\/AUDIO%20-%20LUCIA%20ESPINDOLA%2006%2006%202022.mp3<\/a><\/audio><\/div><p class=\"powerpress_links powerpress_links_mp3\" style=\"margin-bottom: 1px !important;\">Podcast: <a href=\"https:\/\/archive.org\/download\/audio-lucia-espindola-06-06-2022\/AUDIO%20-%20LUCIA%20ESPINDOLA%2006%2006%202022.mp3\" class=\"powerpress_link_pinw\" target=\"_blank\" title=\"Reproducir en una nueva ventana\" onclick=\"return powerpress_pinw('https:\/\/fmtinkunaco.ar\/?powerpress_pinw=4654-podcast');\" rel=\"nofollow\">Reproducir en una nueva ventana<\/a> | <a href=\"https:\/\/archive.org\/download\/audio-lucia-espindola-06-06-2022\/AUDIO%20-%20LUCIA%20ESPINDOLA%2006%2006%202022.mp3\" class=\"powerpress_link_d\" title=\"Descargar\" rel=\"nofollow\" download=\"AUDIO%20-%20LUCIA%20ESPINDOLA%2006%2006%202022.mp3\">Descargar<\/a><\/p>","protected":false},"excerpt":{"rendered":"<p>El pr\u00f3ximo jueves 16 de junio, la Mesa de Ni\u00f1eces y Adolescencias del partido de Jos\u00e9. C. Paz convoca a una jornada para visibilizar el trabajo que vienen organizando desde el espacio. Las actividades comenzar\u00e1n a partir de las 10hs en la Plaza Manuel Belgrano y habr\u00e1 juegos y m\u00fasica. En di\u00e1logo con el programa [&hellip;]<\/p>\n","protected":false},"author":1,"featured_media":4656,"comment_status":"open","ping_status":"open","sticky":false,"template":"","format":"standard","meta":{"footnotes":""},"categories":[4],"tags":[],"class_list":["post-4654","post","type-post","status-publish","format-standard","has-post-thumbnail","hentry","category-derechos-humanos"],"_links":{"self":[{"href":"https:\/\/fmtinkunaco.ar\/index.php?rest_route=\/wp\/v2\/posts\/4654","targetHints":{"allow":["GET"]}}],"collection":[{"href":"https:\/\/fmtinkunaco.ar\/index.php?rest_route=\/wp\/v2\/posts"}],"about":[{"href":"https:\/\/fmtinkunaco.ar\/index.php?rest_route=\/wp\/v2\/types\/post"}],"author":[{"embeddable":true,"href":"https:\/\/fmtinkunaco.ar\/index.php?rest_route=\/wp\/v2\/users\/1"}],"replies":[{"embeddable":true,"href":"https:\/\/fmtinkunaco.ar\/index.php?rest_route=%2Fwp%2Fv2%2Fcomments&post=4654"}],"version-history":[{"count":0,"href":"https:\/\/fmtinkunaco.ar\/index.php?rest_route=\/wp\/v2\/posts\/4654\/revisions"}],"wp:featuredmedia":[{"embeddable":true,"href":"https:\/\/fmtinkunaco.ar\/index.php?rest_route=\/"}],"wp:attachment":[{"href":"https:\/\/fmtinkunaco.ar\/index.php?rest_route=%2Fwp%2Fv2%2Fmedia&parent=4654"}],"wp:term":[{"taxonomy":"category","embeddable":true,"href":"https:\/\/fmtinkunaco.ar\/index.php?rest_route=%2Fwp%2Fv2%2Fcategories&post=4654"},{"taxonomy":"post_tag","embeddable":true,"href":"https:\/\/fmtinkunaco.ar\/index.php?rest_route=%2Fwp%2Fv2%2Ftags&post=4654"}],"curies":[{"name":"wp","href":"https:\/\/api.w.org\/{rel}","templated":true}]}}