{"id":4685,"date":"2022-06-15T13:58:48","date_gmt":"2022-06-15T16:58:48","guid":{"rendered":"http:\/\/fmtinkunaco.com.ar\/?p=4685"},"modified":"2022-06-15T13:58:48","modified_gmt":"2022-06-15T16:58:48","slug":"campo-de-mayo-senalizacion-del-hospital-militar-como-centro-de-detencion-y-maternidad-clandestina","status":"publish","type":"post","link":"https:\/\/fmtinkunaco.ar\/?p=4685","title":{"rendered":"Campo de Mayo: Se\u00f1alizaci\u00f3n del Hospital Militar como Centro de Detenci\u00f3n y Maternidad Clandestina"},"content":{"rendered":"<p>Nietos, nietas, familiares, sobrevivientes, compa\u00f1eros y compa\u00f1eras de las v\u00edctimas junto a funcionarios participaron del acto de se\u00f1alizaci\u00f3n del Hospital Militar de Campo de Mayo como Centro de Detenci\u00f3n y Maternidad Clandestina durante la \u00faltima dictadura c\u00edvica militar y eclesi\u00e1stica.<\/p>\n<p>Se estima que al menos 37 mujeres embarazadas fueron detenidas ilegalmente y mantenidas all\u00ed y unas 7 dieron a luz clandestinamente en el Hospital Militar.<\/p>\n<p>En di\u00e1logo con el programa radial \u201cEncuentro con las Noticias\u201d, Iris Avellaneda, sobreviviente de El Campito de Campo de Mayo, Presidenta de la Liga por los Derechos Humanos y de la Asociaci\u00f3n de Sobrevivientes, familiares, compa\u00f1eros y compa\u00f1eras de Campo de Mayo, se refiri\u00f3 a esta se\u00f1alizaci\u00f3n, <em>\u201cEstuvo muy emotivo por lo que significa ese hospital, cuando uno habla de un hospital que es un lugar para atender personas, ni\u00f1os, gente grande, que se aun hospital del horror es tremendo. Eso se dio en el 76, que desaparecieron tantas personas que fueron atendidas ah\u00ed y aparte las parturientas que iban a tener familia ah\u00ed, que los milicos las llevaban, y despu\u00e9s les robaban los chicos. As\u00ed que fue emotivo en ese sentido, porque hace 46 a\u00f1os del golpe militar y reci\u00e9n ahora se est\u00e1n se\u00f1alizando los centros clandestinos\u201d.<\/em><\/p>\n<p>Avellaneda, adem\u00e1s, relat\u00f3 <em>\u201cA m\u00ed me toco hablar, hable y ped\u00ed el apoyo a toda la gente para cuando se abra el Sitio de Memoria y son cosas que van pasando de a poco, que vamos haci\u00e9ndoles mover el esqueleto a la directiva\u201d.<\/em><\/p>\n<p>Respecto al Sitio de Memoria, Iris Pereyra de Avellaneda afirm\u00f3, <em>\u201cDicen que ya est\u00e1n en licitaci\u00f3n, as\u00ed que creen que para el a\u00f1o que viene, para marzo maso menos, ya estar\u00eda el edificio echo. El edificio va a tener 1600 mts. (\u2026) Pero bueno, el pedido nuestro es que se haga en El Campito porque es el lugar donde hubo tanto horror pero dado de que esta tordavia en estudio, se va a hacer ah\u00ed\u201d.<\/em><\/p>\n<p>La se\u00f1alizaci\u00f3n se da a pocas semanas de conocerse la sentencia de la Megacausa Campo de Mayo, en el que fueron imputados 22 genocidas, 2 de ellos fallecidos durante este proceso.<\/p>\n<p>Compartimos la entrevista completa<\/p>\n<p><a href=\"https:\/\/archive.org\/details\/audio-iris-avellaneda-15-06-2022\">Descargar<\/a><\/p>\n<audio class=\"wp-audio-shortcode\" id=\"audio-4685-2\" preload=\"none\" style=\"width: 100%;\" controls=\"controls\"><source type=\"audio\/mpeg\" src=\"https:\/\/archive.org\/download\/audio-iris-avellaneda-15-06-2022\/AUDIO%20-%20IRIS%20AVELLANEDA%2015%2006%202022.mp3?_=2\" \/><a href=\"https:\/\/archive.org\/download\/audio-iris-avellaneda-15-06-2022\/AUDIO%20-%20IRIS%20AVELLANEDA%2015%2006%202022.mp3\">https:\/\/archive.org\/download\/audio-iris-avellaneda-15-06-2022\/AUDIO%20-%20IRIS%20AVELLANEDA%2015%2006%202022.mp3<\/a><\/audio>\n<div class=\"powerpress_player\" id=\"powerpress_player_6374\"><audio class=\"wp-audio-shortcode\" id=\"audio-4685-1\" preload=\"none\" style=\"width: 100%;\" controls=\"controls\"><source type=\"audio\/mpeg\" src=\"https:\/\/archive.org\/download\/audio-iris-avellaneda-15-06-2022\/AUDIO%20-%20IRIS%20AVELLANEDA%2015%2006%202022.mp3?_=1\" \/><a href=\"https:\/\/archive.org\/download\/audio-iris-avellaneda-15-06-2022\/AUDIO%20-%20IRIS%20AVELLANEDA%2015%2006%202022.mp3\">https:\/\/archive.org\/download\/audio-iris-avellaneda-15-06-2022\/AUDIO%20-%20IRIS%20AVELLANEDA%2015%2006%202022.mp3<\/a><\/audio><\/div><p class=\"powerpress_links powerpress_links_mp3\" style=\"margin-bottom: 1px !important;\">Podcast: <a href=\"https:\/\/archive.org\/download\/audio-iris-avellaneda-15-06-2022\/AUDIO%20-%20IRIS%20AVELLANEDA%2015%2006%202022.mp3\" class=\"powerpress_link_pinw\" target=\"_blank\" title=\"Reproducir en una nueva ventana\" onclick=\"return powerpress_pinw('https:\/\/fmtinkunaco.ar\/?powerpress_pinw=4685-podcast');\" rel=\"nofollow\">Reproducir en una nueva ventana<\/a> | <a href=\"https:\/\/archive.org\/download\/audio-iris-avellaneda-15-06-2022\/AUDIO%20-%20IRIS%20AVELLANEDA%2015%2006%202022.mp3\" class=\"powerpress_link_d\" title=\"Descargar\" rel=\"nofollow\" download=\"AUDIO%20-%20IRIS%20AVELLANEDA%2015%2006%202022.mp3\">Descargar<\/a><\/p>","protected":false},"excerpt":{"rendered":"<p>Nietos, nietas, familiares, sobrevivientes, compa\u00f1eros y compa\u00f1eras de las v\u00edctimas junto a funcionarios participaron del acto de se\u00f1alizaci\u00f3n del Hospital Militar de Campo de Mayo como Centro de Detenci\u00f3n y Maternidad Clandestina durante la \u00faltima dictadura c\u00edvica militar y eclesi\u00e1stica. Se estima que al menos 37 mujeres embarazadas fueron detenidas ilegalmente y mantenidas all\u00ed y [&hellip;]<\/p>\n","protected":false},"author":1,"featured_media":4686,"comment_status":"open","ping_status":"open","sticky":false,"template":"","format":"standard","meta":{"footnotes":""},"categories":[4],"tags":[],"class_list":["post-4685","post","type-post","status-publish","format-standard","has-post-thumbnail","hentry","category-derechos-humanos"],"_links":{"self":[{"href":"https:\/\/fmtinkunaco.ar\/index.php?rest_route=\/wp\/v2\/posts\/4685","targetHints":{"allow":["GET"]}}],"collection":[{"href":"https:\/\/fmtinkunaco.ar\/index.php?rest_route=\/wp\/v2\/posts"}],"about":[{"href":"https:\/\/fmtinkunaco.ar\/index.php?rest_route=\/wp\/v2\/types\/post"}],"author":[{"embeddable":true,"href":"https:\/\/fmtinkunaco.ar\/index.php?rest_route=\/wp\/v2\/users\/1"}],"replies":[{"embeddable":true,"href":"https:\/\/fmtinkunaco.ar\/index.php?rest_route=%2Fwp%2Fv2%2Fcomments&post=4685"}],"version-history":[{"count":0,"href":"https:\/\/fmtinkunaco.ar\/index.php?rest_route=\/wp\/v2\/posts\/4685\/revisions"}],"wp:featuredmedia":[{"embeddable":true,"href":"https:\/\/fmtinkunaco.ar\/index.php?rest_route=\/"}],"wp:attachment":[{"href":"https:\/\/fmtinkunaco.ar\/index.php?rest_route=%2Fwp%2Fv2%2Fmedia&parent=4685"}],"wp:term":[{"taxonomy":"category","embeddable":true,"href":"https:\/\/fmtinkunaco.ar\/index.php?rest_route=%2Fwp%2Fv2%2Fcategories&post=4685"},{"taxonomy":"post_tag","embeddable":true,"href":"https:\/\/fmtinkunaco.ar\/index.php?rest_route=%2Fwp%2Fv2%2Ftags&post=4685"}],"curies":[{"name":"wp","href":"https:\/\/api.w.org\/{rel}","templated":true}]}}