{"id":4691,"date":"2022-06-21T10:39:51","date_gmt":"2022-06-21T13:39:51","guid":{"rendered":"http:\/\/fmtinkunaco.com.ar\/?p=4691"},"modified":"2022-06-21T10:39:51","modified_gmt":"2022-06-21T13:39:51","slug":"se-presento-la-mesa-local-de-ninez-y-adolescencia-de-jose-c-paz","status":"publish","type":"post","link":"https:\/\/fmtinkunaco.ar\/?p=4691","title":{"rendered":"Se present\u00f3 la Mesa Local de Ni\u00f1ez y Adolescencia de Jos\u00e9. C. Paz"},"content":{"rendered":"<p>Se present\u00f3 la Mesa Local de Ni\u00f1ez y Adolescencia de Jos\u00e9. C. Paz en la Plaza central Manuel Belgrano, en una jornada que conto con radio abierta, stands con informaci\u00f3n y tuvo como objetivo visibilizar el trabajo que viene realizando el espacio hace m\u00e1s de dos a\u00f1os.<\/p>\n<p>Adem\u00e1s, la Mesa Local busca la conformaci\u00f3n del Consejo Local de Ni\u00f1ez y Adolescencias.<\/p>\n<p>Mat\u00edas Santill\u00e1n, integrante de la Mesa de Ni\u00f1ees y Adolescencias, se refiri\u00f3 al prop\u00f3sito de la jornada <em>\u201cSe trata de contar un poquito este proceso, que estamos hablando de una ley que desde el 2005 se aprob\u00f3 y la realidad es que en Jos\u00e9. C. Paz hubo intento por aquello a\u00f1os, que llev\u00f3\u00a0 mucho tiempo, para tratar de constituir el Consejo Local y que se haga la adhesi\u00f3n a la ley de promoci\u00f3n y protecci\u00f3n de los derechos pero bueno, se abandon\u00f3 en su momento por el desgaste y hoy hay una nueva oportunidad y hay nuevas organizaciones, o son las mismas organizaciones y se sumaron otras, para tratar de darle un reimpulso a esto que tiene que ver con la defensa de los derechos de las ni\u00f1eces de Jos\u00e9. C. Paz. Tan importante algo que vemos d\u00eda a d\u00eda, las instituciones que trabajamos en esta localidad sabemos lo dif\u00edcil que es acceder a estas cuestiones que tiene que ver con los derechos de las ni\u00f1eces\u201d.<\/em><\/p>\n<p>Luc\u00eda Espindola, referente del Centro Comunitario Lagarto Juancho e integrante de la Mesa Local de Ni\u00f1ez, remarc\u00f3 <em>\u201cHoy estamos ac\u00e1 haciendo fuerza porque ya los municipios vecinos ya tienen su Consejo Local, no son mesas, son consejos locales y nosotros estamos apuntando a esto, cada vez tenemos que ser m\u00e1s y hoy es un d\u00eda de visibilizacion muy importante para que todos los que pasen nos conozcan, que se sumen, los invitamos a sumarse\u201d.<\/em><\/p>\n<p>La Mesa Local tiene como objetivo pr\u00f3ximo conformar el Consejo Local de Ni\u00f1ez y Adolescencias y camino a \u00e9l, ser\u00e1n en el mes de julio la sede del Plenario de la Red de Consejos locales de la provincia de Buenos Aires.<\/p>\n<p>Compartimos la entrevista completa<\/p>\n<p><a href=\"https:\/\/archive.org\/details\/audio-01-inicio-radio-abierta-de-la-mesa-de-nin-ez-16-06\">Descargar<\/a><\/p>\n<audio class=\"wp-audio-shortcode\" id=\"audio-4691-2\" preload=\"none\" style=\"width: 100%;\" controls=\"controls\"><source type=\"audio\/mpeg\" src=\"https:\/\/archive.org\/download\/audio-01-inicio-radio-abierta-de-la-mesa-de-nin-ez-16-06\/AUDIO%2001%20-%20INICIO%20RADIO%20ABIERTA%20DE%20LA%20MESA%20DE%20NI%C3%91EZ%2016%2006.mp3?_=2\" \/><a href=\"https:\/\/archive.org\/download\/audio-01-inicio-radio-abierta-de-la-mesa-de-nin-ez-16-06\/AUDIO%2001%20-%20INICIO%20RADIO%20ABIERTA%20DE%20LA%20MESA%20DE%20NI%C3%91EZ%2016%2006.mp3\">https:\/\/archive.org\/download\/audio-01-inicio-radio-abierta-de-la-mesa-de-nin-ez-16-06\/AUDIO%2001%20-%20INICIO%20RADIO%20ABIERTA%20DE%20LA%20MESA%20DE%20NI%C3%91EZ%2016%2006.mp3<\/a><\/audio>\n<div class=\"powerpress_player\" id=\"powerpress_player_7729\"><audio class=\"wp-audio-shortcode\" id=\"audio-4691-1\" preload=\"none\" style=\"width: 100%;\" controls=\"controls\"><source type=\"audio\/mpeg\" src=\"https:\/\/archive.org\/download\/audio-01-inicio-radio-abierta-de-la-mesa-de-nin-ez-16-06\/AUDIO%2001%20-%20INICIO%20RADIO%20ABIERTA%20DE%20LA%20MESA%20DE%20NI%C3%91EZ%2016%2006.mp3?_=1\" \/><a href=\"https:\/\/archive.org\/download\/audio-01-inicio-radio-abierta-de-la-mesa-de-nin-ez-16-06\/AUDIO%2001%20-%20INICIO%20RADIO%20ABIERTA%20DE%20LA%20MESA%20DE%20NI%C3%91EZ%2016%2006.mp3\">https:\/\/archive.org\/download\/audio-01-inicio-radio-abierta-de-la-mesa-de-nin-ez-16-06\/AUDIO%2001%20-%20INICIO%20RADIO%20ABIERTA%20DE%20LA%20MESA%20DE%20NI%C3%91EZ%2016%2006.mp3<\/a><\/audio><\/div><p class=\"powerpress_links powerpress_links_mp3\" style=\"margin-bottom: 1px !important;\">Podcast: <a href=\"https:\/\/archive.org\/download\/audio-01-inicio-radio-abierta-de-la-mesa-de-nin-ez-16-06\/AUDIO%2001%20-%20INICIO%20RADIO%20ABIERTA%20DE%20LA%20MESA%20DE%20NI%C3%91EZ%2016%2006.mp3\" class=\"powerpress_link_pinw\" target=\"_blank\" title=\"Reproducir en una nueva ventana\" onclick=\"return powerpress_pinw('https:\/\/fmtinkunaco.ar\/?powerpress_pinw=4691-podcast');\" rel=\"nofollow\">Reproducir en una nueva ventana<\/a> | <a href=\"https:\/\/archive.org\/download\/audio-01-inicio-radio-abierta-de-la-mesa-de-nin-ez-16-06\/AUDIO%2001%20-%20INICIO%20RADIO%20ABIERTA%20DE%20LA%20MESA%20DE%20NI%C3%91EZ%2016%2006.mp3\" class=\"powerpress_link_d\" title=\"Descargar\" rel=\"nofollow\" download=\"AUDIO%2001%20-%20INICIO%20RADIO%20ABIERTA%20DE%20LA%20MESA%20DE%20NI%C3%91EZ%2016%2006.mp3\">Descargar<\/a><\/p>","protected":false},"excerpt":{"rendered":"<p>Se present\u00f3 la Mesa Local de Ni\u00f1ez y Adolescencia de Jos\u00e9. C. Paz en la Plaza central Manuel Belgrano, en una jornada que conto con radio abierta, stands con informaci\u00f3n y tuvo como objetivo visibilizar el trabajo que viene realizando el espacio hace m\u00e1s de dos a\u00f1os. Adem\u00e1s, la Mesa Local busca la conformaci\u00f3n del [&hellip;]<\/p>\n","protected":false},"author":1,"featured_media":4692,"comment_status":"open","ping_status":"open","sticky":false,"template":"","format":"standard","meta":{"footnotes":""},"categories":[4],"tags":[],"class_list":["post-4691","post","type-post","status-publish","format-standard","has-post-thumbnail","hentry","category-derechos-humanos"],"_links":{"self":[{"href":"https:\/\/fmtinkunaco.ar\/index.php?rest_route=\/wp\/v2\/posts\/4691","targetHints":{"allow":["GET"]}}],"collection":[{"href":"https:\/\/fmtinkunaco.ar\/index.php?rest_route=\/wp\/v2\/posts"}],"about":[{"href":"https:\/\/fmtinkunaco.ar\/index.php?rest_route=\/wp\/v2\/types\/post"}],"author":[{"embeddable":true,"href":"https:\/\/fmtinkunaco.ar\/index.php?rest_route=\/wp\/v2\/users\/1"}],"replies":[{"embeddable":true,"href":"https:\/\/fmtinkunaco.ar\/index.php?rest_route=%2Fwp%2Fv2%2Fcomments&post=4691"}],"version-history":[{"count":0,"href":"https:\/\/fmtinkunaco.ar\/index.php?rest_route=\/wp\/v2\/posts\/4691\/revisions"}],"wp:featuredmedia":[{"embeddable":true,"href":"https:\/\/fmtinkunaco.ar\/index.php?rest_route=\/"}],"wp:attachment":[{"href":"https:\/\/fmtinkunaco.ar\/index.php?rest_route=%2Fwp%2Fv2%2Fmedia&parent=4691"}],"wp:term":[{"taxonomy":"category","embeddable":true,"href":"https:\/\/fmtinkunaco.ar\/index.php?rest_route=%2Fwp%2Fv2%2Fcategories&post=4691"},{"taxonomy":"post_tag","embeddable":true,"href":"https:\/\/fmtinkunaco.ar\/index.php?rest_route=%2Fwp%2Fv2%2Ftags&post=4691"}],"curies":[{"name":"wp","href":"https:\/\/api.w.org\/{rel}","templated":true}]}}