{"id":4707,"date":"2022-06-28T10:44:19","date_gmt":"2022-06-28T13:44:19","guid":{"rendered":"http:\/\/fmtinkunaco.com.ar\/?p=4707"},"modified":"2022-06-28T10:44:19","modified_gmt":"2022-06-28T13:44:19","slug":"jose-c-paz-se-realizara-el-plenario-de-la-red-de-consejos-locales-de-la-provincia-de-buenos-aires","status":"publish","type":"post","link":"https:\/\/fmtinkunaco.ar\/?p=4707","title":{"rendered":"Jos\u00e9. C. Paz: Se realizar\u00e1 el Plenario de la Red de Consejos locales de la provincia de Buenos Aires"},"content":{"rendered":"<p>La Mesa de ni\u00f1ez y adolescencia de Jos\u00e9. C. Paz se encuentra organizando el Plenario de la Red de Consejos Locales de la provincia de Buenos Aires, que ser\u00e1 el segundo del a\u00f1o y tendr\u00e1 como sede a la Red de Centros Comunitarios El Encuentro y el Espacio de Primera Infancia \u201cD\u00edas Felices\u201d.<\/p>\n<p>El encuentro se realizar\u00e1 el pr\u00f3ximo s\u00e1bado 2 de julio y ser\u00e1 una jornada de encuentro e intercambio de experiencias.<\/p>\n<p>En di\u00e1logo con el programa radial \u201cEncuentro con las Noticias\u201d, Mat\u00edas Santill\u00e1n, integrante de la Mesa de ni\u00f1ez y adolescencia de Jos\u00e9. C. Paz, se refiri\u00f3 en principio a la negativa de la Universidad Nacional de Jos\u00e9. C. Paz (UNPAZ) para realizar en este espacio el encuentro, <em>\u201cHab\u00edamos tenido el intento de que este encuentro provincial se realizar\u00e1 en la UNPAZ, lo hicimos desde la formalidad con nota mediante pero no se pudo, la respuesta no fue la que esper\u00e1bamos as\u00ed que de todos modos el encuentro se realiza en el EPI D\u00edas Felices y en la Red El Encuentro en simultaneo, se van a utilizar ambos espacios porque esperamos que sea convocante, que vengan varios representantes de la provincia\u201d.<\/em><\/p>\n<p>Santill\u00e1n, adem\u00e1s, se refiri\u00f3 a los principales ejes de trabajo en estos encuentros, <em>\u201cHay ejes que son transversales pero se dividen en comisiones para ser m\u00e1s operativos, uno de ellos es las voces de las ni\u00f1eces y juventudes y adolescencias de diferentes espacios de las mesas locales y de los consejos locales. (\u2026) Despu\u00e9s el otro que tiene que ver mas con el acompa\u00f1amiento porque Jos\u00e9. C. Paz es el \u00fanico distrito que no ha firmado el convenio para tener un servicio local y dem\u00e1s pero hay algunos otros distritos como San Fernando que todav\u00eda no han sido reconocidos por la ordenanza como Consejo Local entonces en este eje lo que se hace es simular y apoyar a estos espacios para ver que este objetivo sea posible, se comparte por ah\u00ed las experiencias de c\u00f3mo se realizaron en los otros consejos para ver si es viable aplicar esas estrategias y despu\u00e9s todo lo que tiene que ver con la protecci\u00f3n y promoci\u00f3n de los derechos de las ni\u00f1eces\u201d.<\/em><\/p>\n<p>La jornada de encuentro se realizar\u00e1 a partir de las 9hs y est\u00e1 previsto que culmine cerca de las 17hs, con un trabajo en comisiones y un posterior plenario de puesta en com\u00fan.<\/p>\n<p>La Mesa Local tiene como objetivo pr\u00f3ximo conformar el Consejo Local de Ni\u00f1ez y Adolescencias.<\/p>\n<p>Compartimos la entrevista completa<\/p>\n<p><a href=\"https:\/\/archive.org\/details\/audio-matias-santillan-28-06-2022\">Descargar \u00a0<\/a><\/p>\n<audio class=\"wp-audio-shortcode\" id=\"audio-4707-2\" preload=\"none\" style=\"width: 100%;\" controls=\"controls\"><source type=\"audio\/mpeg\" src=\"https:\/\/archive.org\/download\/audio-matias-santillan-28-06-2022\/AUDIO%20-%20MATIAS%20SANTILLAN%2028%2006%202022.mp3?_=2\" \/><a href=\"https:\/\/archive.org\/download\/audio-matias-santillan-28-06-2022\/AUDIO%20-%20MATIAS%20SANTILLAN%2028%2006%202022.mp3\">https:\/\/archive.org\/download\/audio-matias-santillan-28-06-2022\/AUDIO%20-%20MATIAS%20SANTILLAN%2028%2006%202022.mp3<\/a><\/audio>\n<div class=\"powerpress_player\" id=\"powerpress_player_7954\"><audio class=\"wp-audio-shortcode\" id=\"audio-4707-1\" preload=\"none\" style=\"width: 100%;\" controls=\"controls\"><source type=\"audio\/mpeg\" src=\"https:\/\/archive.org\/download\/audio-matias-santillan-28-06-2022\/AUDIO%20-%20MATIAS%20SANTILLAN%2028%2006%202022.mp3?_=1\" \/><a href=\"https:\/\/archive.org\/download\/audio-matias-santillan-28-06-2022\/AUDIO%20-%20MATIAS%20SANTILLAN%2028%2006%202022.mp3\">https:\/\/archive.org\/download\/audio-matias-santillan-28-06-2022\/AUDIO%20-%20MATIAS%20SANTILLAN%2028%2006%202022.mp3<\/a><\/audio><\/div><p class=\"powerpress_links powerpress_links_mp3\" style=\"margin-bottom: 1px !important;\">Podcast: <a href=\"https:\/\/archive.org\/download\/audio-matias-santillan-28-06-2022\/AUDIO%20-%20MATIAS%20SANTILLAN%2028%2006%202022.mp3\" class=\"powerpress_link_pinw\" target=\"_blank\" title=\"Reproducir en una nueva ventana\" onclick=\"return powerpress_pinw('https:\/\/fmtinkunaco.ar\/?powerpress_pinw=4707-podcast');\" rel=\"nofollow\">Reproducir en una nueva ventana<\/a> | <a href=\"https:\/\/archive.org\/download\/audio-matias-santillan-28-06-2022\/AUDIO%20-%20MATIAS%20SANTILLAN%2028%2006%202022.mp3\" class=\"powerpress_link_d\" title=\"Descargar\" rel=\"nofollow\" download=\"AUDIO%20-%20MATIAS%20SANTILLAN%2028%2006%202022.mp3\">Descargar<\/a><\/p>","protected":false},"excerpt":{"rendered":"<p>La Mesa de ni\u00f1ez y adolescencia de Jos\u00e9. C. Paz se encuentra organizando el Plenario de la Red de Consejos Locales de la provincia de Buenos Aires, que ser\u00e1 el segundo del a\u00f1o y tendr\u00e1 como sede a la Red de Centros Comunitarios El Encuentro y el Espacio de Primera Infancia \u201cD\u00edas Felices\u201d. El encuentro [&hellip;]<\/p>\n","protected":false},"author":1,"featured_media":4692,"comment_status":"open","ping_status":"open","sticky":false,"template":"","format":"standard","meta":{"footnotes":""},"categories":[4],"tags":[],"class_list":["post-4707","post","type-post","status-publish","format-standard","has-post-thumbnail","hentry","category-derechos-humanos"],"_links":{"self":[{"href":"https:\/\/fmtinkunaco.ar\/index.php?rest_route=\/wp\/v2\/posts\/4707","targetHints":{"allow":["GET"]}}],"collection":[{"href":"https:\/\/fmtinkunaco.ar\/index.php?rest_route=\/wp\/v2\/posts"}],"about":[{"href":"https:\/\/fmtinkunaco.ar\/index.php?rest_route=\/wp\/v2\/types\/post"}],"author":[{"embeddable":true,"href":"https:\/\/fmtinkunaco.ar\/index.php?rest_route=\/wp\/v2\/users\/1"}],"replies":[{"embeddable":true,"href":"https:\/\/fmtinkunaco.ar\/index.php?rest_route=%2Fwp%2Fv2%2Fcomments&post=4707"}],"version-history":[{"count":0,"href":"https:\/\/fmtinkunaco.ar\/index.php?rest_route=\/wp\/v2\/posts\/4707\/revisions"}],"wp:featuredmedia":[{"embeddable":true,"href":"https:\/\/fmtinkunaco.ar\/index.php?rest_route=\/"}],"wp:attachment":[{"href":"https:\/\/fmtinkunaco.ar\/index.php?rest_route=%2Fwp%2Fv2%2Fmedia&parent=4707"}],"wp:term":[{"taxonomy":"category","embeddable":true,"href":"https:\/\/fmtinkunaco.ar\/index.php?rest_route=%2Fwp%2Fv2%2Fcategories&post=4707"},{"taxonomy":"post_tag","embeddable":true,"href":"https:\/\/fmtinkunaco.ar\/index.php?rest_route=%2Fwp%2Fv2%2Ftags&post=4707"}],"curies":[{"name":"wp","href":"https:\/\/api.w.org\/{rel}","templated":true}]}}