{"id":4728,"date":"2022-07-06T13:50:39","date_gmt":"2022-07-06T16:50:39","guid":{"rendered":"http:\/\/fmtinkunaco.com.ar\/?p=4728"},"modified":"2022-07-06T13:50:39","modified_gmt":"2022-07-06T16:50:39","slug":"malvinas-argentinas-violencia-laboral-y-de-genero-en-el-juzgado-de-paz","status":"publish","type":"post","link":"https:\/\/fmtinkunaco.ar\/?p=4728","title":{"rendered":"Malvinas Argentinas: Violencia laboral y de g\u00e9nero en el Juzgado de Paz"},"content":{"rendered":"<p>La Asociaci\u00f3n Judicial Bonaerense (AJB) denuncia por violencia laboral y de g\u00e9nero al titular del Juzgado de Paz de Malvinas Argentinas, Juan Jos\u00e9 Paci.<\/p>\n<p>Paci fue denunciado por la AJB en abril de 2022 por graves hechos que encuadran en las leyes 13.168 (violencia laboral) y 26.485 (violencia de g\u00e9nero), y que configuran en su conjunto un caso de abuso de autoridad.<\/p>\n<p>En di\u00e1logo con el programa radial \u201cEncuentro con las Noticias\u201d, Carlos Ariel Gil, \u00a0Vocal de la comisi\u00f3n provincial de la AJB, se refiri\u00f3 a la situaci\u00f3n, <em>\u201cEsto no es una situaci\u00f3n nueva, en este Juzgado de Paz estamos teniendo intervenciones hace mucho tiempo, hace muchos a\u00f1os, y como sabemos en general a cualquier v\u00edctima de violencia o violencia de genero cuesta mucho lograr cristalizar la denuncia porque cada v\u00edctima tiene sus tiempos y hay situaciones diversas. As\u00ed que nosotros venimos interviniendo hace mucho tiempo con distintas \u00e1reas de la Corte y ahora reci\u00e9n en abril pudimos cristalizar a denuncia formal\u201d.<\/em><\/p>\n<p>Gil, adem\u00e1s, describi\u00f3 situaciones de violencia laboral y de g\u00e9nero en el Juzgado, <em>\u201cHay hace muchos a\u00f1os destratos, maltratos a compa\u00f1eros varones en particular con cambios de lugar de tareas, con denegaci\u00f3n de trabajo, con sobrecarga a modo de castigo, eso es en general. Y despu\u00e9s, tambi\u00e9n, hemos tenido cuestiones m\u00e1s relacionadas al g\u00e9nero donde a compa\u00f1eras mujeres, espec\u00edficamente, se las denigra, hay comentarios sexistas o en base a estereotipos de g\u00e9nero de los m\u00e1s diversos. Cuestiones por temas de embarazo, cuestiones por la relaci\u00f3n que pueden llegar a tener compa\u00f1eras mujeres, todas enmarcadas en estereotipos de g\u00e9nero que en general\u201d.<\/em><\/p>\n<p>Las denuncias son de, al menos, cuatro personas que desarrollan sus actividades en el Juzgado de Paz de Malvinas Argentinas, as\u00ed lo explic\u00f3 Carlos Gil, <em>\u201cSon varios casos, son cuatro personas que trabajan en el Juzgado y despu\u00e9s, a lo largo de estos a\u00f1os, se fueron yendo varias personas m\u00e1s por distintos motivos pero se fueron tambi\u00e9n por estas cuestiones de violencia, tanto de violencia laboral como de violencia de g\u00e9nero que se iban dando a lo largo de estos a\u00f1os\u201d.<\/em><\/p>\n<p>La Asociaci\u00f3n Judicial Bonaerense denuncia que el magistrado, Juan Jos\u00e9 Paci, ejerci\u00f3 de manera consecuente acoso y discriminaci\u00f3n al personal femenino del juzgado a su cargo, mediante la utilizaci\u00f3n de estereotipos de g\u00e9nero y un abuso de la doble asimetr\u00eda de poder que le otorgan su condici\u00f3n de var\u00f3n y de superior jer\u00e1rquico, utilizado como forma expl\u00edcita de acoso sexual.<\/p>\n<p>Entre otras conductas, se denunci\u00f3 adem\u00e1s la pr\u00e1ctica habitual del magistrado de crear climas de rivalidad y enojo, mediante comentarios maliciosos y denigrantes al resto del grupo para desprestigiar a una persona o su desempe\u00f1o laboral; la prohibici\u00f3n al resto de sus compa\u00f1eros de hablarle a ciertas personas o la asignaci\u00f3n de tareas que no corresponden a la funci\u00f3n.<\/p>\n<p>Compartimos la entrevista completa<\/p>\n<p><a href=\"https:\/\/archive.org\/details\/audio-carlos-ariel-gil-06-07-2022\">Descargar<\/a><\/p>\n<audio class=\"wp-audio-shortcode\" id=\"audio-4728-2\" preload=\"none\" style=\"width: 100%;\" controls=\"controls\"><source type=\"audio\/mpeg\" src=\"https:\/\/archive.org\/download\/audio-carlos-ariel-gil-06-07-2022\/AUDIO%20-%20CARLOS%20ARIEL%20GIL%2006%2007%202022.mp3?_=2\" \/><a href=\"https:\/\/archive.org\/download\/audio-carlos-ariel-gil-06-07-2022\/AUDIO%20-%20CARLOS%20ARIEL%20GIL%2006%2007%202022.mp3\">https:\/\/archive.org\/download\/audio-carlos-ariel-gil-06-07-2022\/AUDIO%20-%20CARLOS%20ARIEL%20GIL%2006%2007%202022.mp3<\/a><\/audio>\n<div class=\"powerpress_player\" id=\"powerpress_player_2255\"><audio class=\"wp-audio-shortcode\" id=\"audio-4728-1\" preload=\"none\" style=\"width: 100%;\" controls=\"controls\"><source type=\"audio\/mpeg\" src=\"https:\/\/archive.org\/download\/audio-carlos-ariel-gil-06-07-2022\/AUDIO%20-%20CARLOS%20ARIEL%20GIL%2006%2007%202022.mp3?_=1\" \/><a href=\"https:\/\/archive.org\/download\/audio-carlos-ariel-gil-06-07-2022\/AUDIO%20-%20CARLOS%20ARIEL%20GIL%2006%2007%202022.mp3\">https:\/\/archive.org\/download\/audio-carlos-ariel-gil-06-07-2022\/AUDIO%20-%20CARLOS%20ARIEL%20GIL%2006%2007%202022.mp3<\/a><\/audio><\/div><p class=\"powerpress_links powerpress_links_mp3\" style=\"margin-bottom: 1px !important;\">Podcast: <a href=\"https:\/\/archive.org\/download\/audio-carlos-ariel-gil-06-07-2022\/AUDIO%20-%20CARLOS%20ARIEL%20GIL%2006%2007%202022.mp3\" class=\"powerpress_link_pinw\" target=\"_blank\" title=\"Reproducir en una nueva ventana\" onclick=\"return powerpress_pinw('https:\/\/fmtinkunaco.ar\/?powerpress_pinw=4728-podcast');\" rel=\"nofollow\">Reproducir en una nueva ventana<\/a> | <a href=\"https:\/\/archive.org\/download\/audio-carlos-ariel-gil-06-07-2022\/AUDIO%20-%20CARLOS%20ARIEL%20GIL%2006%2007%202022.mp3\" class=\"powerpress_link_d\" title=\"Descargar\" rel=\"nofollow\" download=\"AUDIO%20-%20CARLOS%20ARIEL%20GIL%2006%2007%202022.mp3\">Descargar<\/a><\/p>","protected":false},"excerpt":{"rendered":"<p>La Asociaci\u00f3n Judicial Bonaerense (AJB) denuncia por violencia laboral y de g\u00e9nero al titular del Juzgado de Paz de Malvinas Argentinas, Juan Jos\u00e9 Paci. Paci fue denunciado por la AJB en abril de 2022 por graves hechos que encuadran en las leyes 13.168 (violencia laboral) y 26.485 (violencia de g\u00e9nero), y que configuran en su [&hellip;]<\/p>\n","protected":false},"author":1,"featured_media":4727,"comment_status":"open","ping_status":"open","sticky":false,"template":"","format":"standard","meta":{"footnotes":""},"categories":[6],"tags":[],"class_list":["post-4728","post","type-post","status-publish","format-standard","has-post-thumbnail","hentry","category-genero"],"_links":{"self":[{"href":"https:\/\/fmtinkunaco.ar\/index.php?rest_route=\/wp\/v2\/posts\/4728","targetHints":{"allow":["GET"]}}],"collection":[{"href":"https:\/\/fmtinkunaco.ar\/index.php?rest_route=\/wp\/v2\/posts"}],"about":[{"href":"https:\/\/fmtinkunaco.ar\/index.php?rest_route=\/wp\/v2\/types\/post"}],"author":[{"embeddable":true,"href":"https:\/\/fmtinkunaco.ar\/index.php?rest_route=\/wp\/v2\/users\/1"}],"replies":[{"embeddable":true,"href":"https:\/\/fmtinkunaco.ar\/index.php?rest_route=%2Fwp%2Fv2%2Fcomments&post=4728"}],"version-history":[{"count":0,"href":"https:\/\/fmtinkunaco.ar\/index.php?rest_route=\/wp\/v2\/posts\/4728\/revisions"}],"wp:featuredmedia":[{"embeddable":true,"href":"https:\/\/fmtinkunaco.ar\/index.php?rest_route=\/"}],"wp:attachment":[{"href":"https:\/\/fmtinkunaco.ar\/index.php?rest_route=%2Fwp%2Fv2%2Fmedia&parent=4728"}],"wp:term":[{"taxonomy":"category","embeddable":true,"href":"https:\/\/fmtinkunaco.ar\/index.php?rest_route=%2Fwp%2Fv2%2Fcategories&post=4728"},{"taxonomy":"post_tag","embeddable":true,"href":"https:\/\/fmtinkunaco.ar\/index.php?rest_route=%2Fwp%2Fv2%2Ftags&post=4728"}],"curies":[{"name":"wp","href":"https:\/\/api.w.org\/{rel}","templated":true}]}}