{"id":4730,"date":"2022-07-07T10:52:25","date_gmt":"2022-07-07T13:52:25","guid":{"rendered":"http:\/\/fmtinkunaco.com.ar\/?p=4730"},"modified":"2022-07-07T10:52:25","modified_gmt":"2022-07-07T13:52:25","slug":"el-centro-cultural-el-hormiguero-se-prepara-para-las-vacaciones-de-invierno","status":"publish","type":"post","link":"https:\/\/fmtinkunaco.ar\/?p=4730","title":{"rendered":"El Centro Cultural El Hormiguero se prepara para las vacaciones de invierno"},"content":{"rendered":"<p>El Centro Cultural El Hormiguero, ubicado en la calle Uruguay 372 esquina Dorrego y Pagano (Moreno), prepara diversas propuestas camino a las pr\u00f3ximas vacaciones de invierno.<\/p>\n<p>Las obras que estar\u00e1n presentes en cartelera son \u201cBit\u00e1cora de una aventura pirata\u201d, \u201cLa noche del Tat\u00fa\u201d y \u201cA la hora del mate\u201d, con presentaciones a las 15 y a las 17hs del lunes 18 de julio al viernes 22 de julio.<\/p>\n<p>En di\u00e1logo con el programa radial \u201cEncuentro con las Noticias\u201d, M\u00f3nica Trivi\u00f1o, referente del Centro Cultural El Hormiguero, se refiri\u00f3 a este pronto encuentro invernal, \u201cEstamos ah\u00ed armando es espacio para recibir a las familias, a los ni\u00f1es en estas vacaciones. Despu\u00e9s de tanto tiempo, la verdad que estamos muy contentes de poder abrir las puertas nuevamente para estas infancias. (\u2026) A\u00f1os anteriores cada uno de los momentos de vacaciones de invierno hac\u00edamos funciones para ni\u00f1es, a partir de la pandemia tuvimos que cerrar el espacio y reabrimos nuevamente en el 2022\u201d.<\/p>\n<p>Trivi\u00f1o, adem\u00e1s, confirm\u00f3 que hay que realizar las reservas para asistir a las obras, \u201cLa sala tiene un cupo determinado entonces pedimos que reserven al 1159205834, eso es importante. Y esperamos como todos los a\u00f1os que nuestro espacio se llene de las voces de los ni\u00f1es y las familias pospuesto\u201d.<\/p>\n<p>La entrada es un bono contribuci\u00f3n de $500 pesos y se abona al momento del ingreso a las salas. Es decir, la reserva se puede realizar al 1159205834 pero se paga al momento de asistir.<\/p>\n<p>Compartimos la entrevista completa<\/p>\n<p><a href=\"https:\/\/archive.org\/details\/audio-monica-trivin-o-cc-el-hormiguero-07-07-2022\">Descargar<\/a><\/p>\n<p>&nbsp;<\/p>\n<audio class=\"wp-audio-shortcode\" id=\"audio-4730-2\" preload=\"none\" style=\"width: 100%;\" controls=\"controls\"><source type=\"audio\/mpeg\" src=\"https:\/\/archive.org\/download\/audio-monica-trivin-o-cc-el-hormiguero-07-07-2022\/AUDIO%20-%20MONICA%20TRIVI%C3%91O%20%28CC%20EL%20HORMIGUERO%29%2007%2007%202022.mp3?_=2\" \/><a href=\"https:\/\/archive.org\/download\/audio-monica-trivin-o-cc-el-hormiguero-07-07-2022\/AUDIO%20-%20MONICA%20TRIVI%C3%91O%20%28CC%20EL%20HORMIGUERO%29%2007%2007%202022.mp3\">https:\/\/archive.org\/download\/audio-monica-trivin-o-cc-el-hormiguero-07-07-2022\/AUDIO%20-%20MONICA%20TRIVI%C3%91O%20%28CC%20EL%20HORMIGUERO%29%2007%2007%202022.mp3<\/a><\/audio>\n<div class=\"powerpress_player\" id=\"powerpress_player_4349\"><audio class=\"wp-audio-shortcode\" id=\"audio-4730-1\" preload=\"none\" style=\"width: 100%;\" controls=\"controls\"><source type=\"audio\/mpeg\" src=\"https:\/\/archive.org\/download\/audio-monica-trivin-o-cc-el-hormiguero-07-07-2022\/AUDIO%20-%20MONICA%20TRIVI%C3%91O%20%28CC%20EL%20HORMIGUERO%29%2007%2007%202022.mp3?_=1\" \/><a href=\"https:\/\/archive.org\/download\/audio-monica-trivin-o-cc-el-hormiguero-07-07-2022\/AUDIO%20-%20MONICA%20TRIVI%C3%91O%20%28CC%20EL%20HORMIGUERO%29%2007%2007%202022.mp3\">https:\/\/archive.org\/download\/audio-monica-trivin-o-cc-el-hormiguero-07-07-2022\/AUDIO%20-%20MONICA%20TRIVI%C3%91O%20%28CC%20EL%20HORMIGUERO%29%2007%2007%202022.mp3<\/a><\/audio><\/div><p class=\"powerpress_links powerpress_links_mp3\" style=\"margin-bottom: 1px !important;\">Podcast: <a href=\"https:\/\/archive.org\/download\/audio-monica-trivin-o-cc-el-hormiguero-07-07-2022\/AUDIO%20-%20MONICA%20TRIVI%C3%91O%20%28CC%20EL%20HORMIGUERO%29%2007%2007%202022.mp3\" class=\"powerpress_link_pinw\" target=\"_blank\" title=\"Reproducir en una nueva ventana\" onclick=\"return powerpress_pinw('https:\/\/fmtinkunaco.ar\/?powerpress_pinw=4730-podcast');\" rel=\"nofollow\">Reproducir en una nueva ventana<\/a> | <a href=\"https:\/\/archive.org\/download\/audio-monica-trivin-o-cc-el-hormiguero-07-07-2022\/AUDIO%20-%20MONICA%20TRIVI%C3%91O%20%28CC%20EL%20HORMIGUERO%29%2007%2007%202022.mp3\" class=\"powerpress_link_d\" title=\"Descargar\" rel=\"nofollow\" download=\"AUDIO%20-%20MONICA%20TRIVI%C3%91O%20%28CC%20EL%20HORMIGUERO%29%2007%2007%202022.mp3\">Descargar<\/a><\/p>","protected":false},"excerpt":{"rendered":"<p>El Centro Cultural El Hormiguero, ubicado en la calle Uruguay 372 esquina Dorrego y Pagano (Moreno), prepara diversas propuestas camino a las pr\u00f3ximas vacaciones de invierno. Las obras que estar\u00e1n presentes en cartelera son \u201cBit\u00e1cora de una aventura pirata\u201d, \u201cLa noche del Tat\u00fa\u201d y \u201cA la hora del mate\u201d, con presentaciones a las 15 y [&hellip;]<\/p>\n","protected":false},"author":1,"featured_media":4731,"comment_status":"open","ping_status":"open","sticky":false,"template":"","format":"standard","meta":{"footnotes":""},"categories":[8],"tags":[],"class_list":["post-4730","post","type-post","status-publish","format-standard","has-post-thumbnail","hentry","category-sem-categoria"],"_links":{"self":[{"href":"https:\/\/fmtinkunaco.ar\/index.php?rest_route=\/wp\/v2\/posts\/4730","targetHints":{"allow":["GET"]}}],"collection":[{"href":"https:\/\/fmtinkunaco.ar\/index.php?rest_route=\/wp\/v2\/posts"}],"about":[{"href":"https:\/\/fmtinkunaco.ar\/index.php?rest_route=\/wp\/v2\/types\/post"}],"author":[{"embeddable":true,"href":"https:\/\/fmtinkunaco.ar\/index.php?rest_route=\/wp\/v2\/users\/1"}],"replies":[{"embeddable":true,"href":"https:\/\/fmtinkunaco.ar\/index.php?rest_route=%2Fwp%2Fv2%2Fcomments&post=4730"}],"version-history":[{"count":0,"href":"https:\/\/fmtinkunaco.ar\/index.php?rest_route=\/wp\/v2\/posts\/4730\/revisions"}],"wp:featuredmedia":[{"embeddable":true,"href":"https:\/\/fmtinkunaco.ar\/index.php?rest_route=\/"}],"wp:attachment":[{"href":"https:\/\/fmtinkunaco.ar\/index.php?rest_route=%2Fwp%2Fv2%2Fmedia&parent=4730"}],"wp:term":[{"taxonomy":"category","embeddable":true,"href":"https:\/\/fmtinkunaco.ar\/index.php?rest_route=%2Fwp%2Fv2%2Fcategories&post=4730"},{"taxonomy":"post_tag","embeddable":true,"href":"https:\/\/fmtinkunaco.ar\/index.php?rest_route=%2Fwp%2Fv2%2Ftags&post=4730"}],"curies":[{"name":"wp","href":"https:\/\/api.w.org\/{rel}","templated":true}]}}