{"id":4739,"date":"2022-07-08T12:12:31","date_gmt":"2022-07-08T15:12:31","guid":{"rendered":"http:\/\/fmtinkunaco.com.ar\/?p=4739"},"modified":"2022-07-08T12:12:31","modified_gmt":"2022-07-08T15:12:31","slug":"el-centro-comunitario-belen-cumple-38-anos-de-trabajo-en-el-territorio","status":"publish","type":"post","link":"https:\/\/fmtinkunaco.ar\/?p=4739","title":{"rendered":"El Centro Comunitario Bel\u00e9n cumple 38 a\u00f1os de trabajo en el territorio"},"content":{"rendered":"<p>El Centro Comunitario Bel\u00e9n, ubicado en barrio San Atilio (Jos\u00e9. C. Paz) cumple 38 a\u00f1os de educaci\u00f3n popular y comunitaria y trabajo en el territorio, \u00a0el pr\u00f3ximo 9 de julio.<\/p>\n<p>La celebraci\u00f3n se realizar\u00e1 el s\u00e1bado 16 de julio en San Salvador y Carabobo, barrio San Atilio.<\/p>\n<p>En di\u00e1logo con el programa radial \u201cEncuentro con las Noticias\u201d, Bel\u00e9n Ben\u00edtez, una de las Coordinadoras del Centro Comunitario, describi\u00f3 el contexto en el que el espacio comenz\u00f3 con el trabajo comunitario <em>\u201cCuando nosotros pensamos c\u00f3mo empezamos, cu\u00e1les son esas cosas que te van llevando y te van invitando a pensar espacios. Nosotros ya tenemos una estructura recontra firme, planificada, pensada, debatida, cada tanto vamos pensando y repens\u00e1ndonos en funci\u00f3n de lo que necesita el barrio. En ese momento, cuenta Ramona hace muy poco, c\u00f3mo fue la primer chocolatada que se sirvi\u00f3 en la plaza, en qu\u00e9 contexto paso eso tambi\u00e9n, fue un contexto de crisis donde el barrio necesitaba primero un espacio de alimentaci\u00f3n y despu\u00e9s de cuidado de las infancias\u201d.<\/em><\/p>\n<p>Bel\u00e9n Ben\u00edtez, tambi\u00e9n remarc\u00f3, <em>\u201cEs un momento de festejo y tambi\u00e9n de ver la construcci\u00f3n de tantos a\u00f1os, nosotros no podemos visualizar lo que somos hasta que no nos pasa esto, un cumplea\u00f1os o viene alguien y nos dice che, el laburo que ustedes est\u00e1n haciendo esta re bueno por esto, esto y esto. (\u2026) El festejo es un poco un mimito para nosotras tambi\u00e9n, de poder decir seguimos cumpliendo a\u00f1os a pesar de todo, estamos abiertos, estamos trabajando, tenemos proyectos para cumplir. As\u00ed que estos 38 a\u00f1os lo vamos a festejar cortando la calle, que tenemos un asfalto despu\u00e9s de 38 a\u00f1os\u201d.<\/em><\/p>\n<p>El Centro Comunitario Bel\u00e9n trabajo con infancias de 45 d\u00edas a 18 a\u00f1os, acompa\u00f1\u00e1ndolos, conteni\u00e9ndolos y brind\u00e1ndoles herramientas para un desarrollo pleno en los diferentes aspectos de su vida. Adem\u00e1s, est\u00e1 conformado tambi\u00e9n por la Biblioteca Popular Paulo Freire que trabaja con las y los j\u00f3venes y por la Radio FM Tinkunaco.<\/p>\n<p>El festejo por los 38 a\u00f1os ser\u00e1 el pr\u00f3ximo s\u00e1bado 16 de julio a partir de las 12hs.<\/p>\n<p>Compartimos la entrevista completa<\/p>\n<p><a href=\"https:\/\/archive.org\/details\/audio-belen-benitez-ccb-08-07-2022\">Descargar<\/a><\/p>\n<audio class=\"wp-audio-shortcode\" id=\"audio-4739-2\" preload=\"none\" style=\"width: 100%;\" controls=\"controls\"><source type=\"audio\/mpeg\" src=\"https:\/\/archive.org\/download\/audio-belen-benitez-ccb-08-07-2022\/AUDIO%20-%20BELEN%20BENITEZ%20%28CCB%29%2008%2007%202022.mp3?_=2\" \/><a href=\"https:\/\/archive.org\/download\/audio-belen-benitez-ccb-08-07-2022\/AUDIO%20-%20BELEN%20BENITEZ%20%28CCB%29%2008%2007%202022.mp3\">https:\/\/archive.org\/download\/audio-belen-benitez-ccb-08-07-2022\/AUDIO%20-%20BELEN%20BENITEZ%20%28CCB%29%2008%2007%202022.mp3<\/a><\/audio>\n<div class=\"powerpress_player\" id=\"powerpress_player_8837\"><audio class=\"wp-audio-shortcode\" id=\"audio-4739-1\" preload=\"none\" style=\"width: 100%;\" controls=\"controls\"><source type=\"audio\/mpeg\" src=\"https:\/\/archive.org\/download\/audio-belen-benitez-ccb-08-07-2022\/AUDIO%20-%20BELEN%20BENITEZ%20%28CCB%29%2008%2007%202022.mp3?_=1\" \/><a href=\"https:\/\/archive.org\/download\/audio-belen-benitez-ccb-08-07-2022\/AUDIO%20-%20BELEN%20BENITEZ%20%28CCB%29%2008%2007%202022.mp3\">https:\/\/archive.org\/download\/audio-belen-benitez-ccb-08-07-2022\/AUDIO%20-%20BELEN%20BENITEZ%20%28CCB%29%2008%2007%202022.mp3<\/a><\/audio><\/div><p class=\"powerpress_links powerpress_links_mp3\" style=\"margin-bottom: 1px !important;\">Podcast: <a href=\"https:\/\/archive.org\/download\/audio-belen-benitez-ccb-08-07-2022\/AUDIO%20-%20BELEN%20BENITEZ%20%28CCB%29%2008%2007%202022.mp3\" class=\"powerpress_link_pinw\" target=\"_blank\" title=\"Reproducir en una nueva ventana\" onclick=\"return powerpress_pinw('https:\/\/fmtinkunaco.ar\/?powerpress_pinw=4739-podcast');\" rel=\"nofollow\">Reproducir en una nueva ventana<\/a> | <a href=\"https:\/\/archive.org\/download\/audio-belen-benitez-ccb-08-07-2022\/AUDIO%20-%20BELEN%20BENITEZ%20%28CCB%29%2008%2007%202022.mp3\" class=\"powerpress_link_d\" title=\"Descargar\" rel=\"nofollow\" download=\"AUDIO%20-%20BELEN%20BENITEZ%20%28CCB%29%2008%2007%202022.mp3\">Descargar<\/a><\/p>","protected":false},"excerpt":{"rendered":"<p>El Centro Comunitario Bel\u00e9n, ubicado en barrio San Atilio (Jos\u00e9. C. Paz) cumple 38 a\u00f1os de educaci\u00f3n popular y comunitaria y trabajo en el territorio, \u00a0el pr\u00f3ximo 9 de julio. La celebraci\u00f3n se realizar\u00e1 el s\u00e1bado 16 de julio en San Salvador y Carabobo, barrio San Atilio. En di\u00e1logo con el programa radial \u201cEncuentro con [&hellip;]<\/p>\n","protected":false},"author":1,"featured_media":4740,"comment_status":"open","ping_status":"open","sticky":false,"template":"","format":"standard","meta":{"footnotes":""},"categories":[8],"tags":[],"class_list":["post-4739","post","type-post","status-publish","format-standard","has-post-thumbnail","hentry","category-sem-categoria"],"_links":{"self":[{"href":"https:\/\/fmtinkunaco.ar\/index.php?rest_route=\/wp\/v2\/posts\/4739","targetHints":{"allow":["GET"]}}],"collection":[{"href":"https:\/\/fmtinkunaco.ar\/index.php?rest_route=\/wp\/v2\/posts"}],"about":[{"href":"https:\/\/fmtinkunaco.ar\/index.php?rest_route=\/wp\/v2\/types\/post"}],"author":[{"embeddable":true,"href":"https:\/\/fmtinkunaco.ar\/index.php?rest_route=\/wp\/v2\/users\/1"}],"replies":[{"embeddable":true,"href":"https:\/\/fmtinkunaco.ar\/index.php?rest_route=%2Fwp%2Fv2%2Fcomments&post=4739"}],"version-history":[{"count":0,"href":"https:\/\/fmtinkunaco.ar\/index.php?rest_route=\/wp\/v2\/posts\/4739\/revisions"}],"wp:featuredmedia":[{"embeddable":true,"href":"https:\/\/fmtinkunaco.ar\/index.php?rest_route=\/"}],"wp:attachment":[{"href":"https:\/\/fmtinkunaco.ar\/index.php?rest_route=%2Fwp%2Fv2%2Fmedia&parent=4739"}],"wp:term":[{"taxonomy":"category","embeddable":true,"href":"https:\/\/fmtinkunaco.ar\/index.php?rest_route=%2Fwp%2Fv2%2Fcategories&post=4739"},{"taxonomy":"post_tag","embeddable":true,"href":"https:\/\/fmtinkunaco.ar\/index.php?rest_route=%2Fwp%2Fv2%2Ftags&post=4739"}],"curies":[{"name":"wp","href":"https:\/\/api.w.org\/{rel}","templated":true}]}}