{"id":4749,"date":"2022-07-12T10:42:22","date_gmt":"2022-07-12T13:42:22","guid":{"rendered":"http:\/\/fmtinkunaco.com.ar\/?p=4749"},"modified":"2022-07-12T10:42:22","modified_gmt":"2022-07-12T13:42:22","slug":"alma-y-su-familia-presentaron-un-recurso-de-amparo-contra-ioma","status":"publish","type":"post","link":"https:\/\/fmtinkunaco.ar\/?p=4749","title":{"rendered":"Alma y su familia presentaron un recurso de amparo contra IOMA"},"content":{"rendered":"<p><a href=\"http:\/\/fmtinkunaco.com.ar\/alma-necesita-que-ioma-cubra-su-tratamiento\/\">Alma<\/a> junto a su mam\u00e1 Mayra, contin\u00faan exigiendo a la obra social IOMA que responda y cubra los tratamientos necesarios para el desarrollo pleno de la ni\u00f1a.<\/p>\n<p>En el d\u00eda de ayer, su mam\u00e1 present\u00f3 un recurso de amparo ya que no han conseguido una respuesta de las autoridades pertinentes.<\/p>\n<p>En di\u00e1logo con el programa radial \u201cEncuentro con las Noticias\u201d, Mayra Mac\u00edas, Mam\u00e1 de Alma, se refiri\u00f3 a la comunicaci\u00f3n que realiz\u00f3 IOMA, <em>\u201cNos llamaron de IOMA dos veces, de mesa de ayuda supuestamente; una primera vez nos llamaron para decirnos que nos iban a llamar ese mismo d\u00eda para darnos unos tel\u00e9fonos nuevos de prestadores, cosa que despu\u00e9s nunca m\u00e1s volvieron a llamar, por lo menos no en ese mismo d\u00eda y una semana despu\u00e9s nos volvieron a llamar dici\u00e9ndonos que nos iban a mandar los tel\u00e9fonos de los prestadores por mail. Otros prestadores, no los que yo hab\u00eda llamado, hasta el d\u00eda de hoy sigo esperando porque no me llego nada\u201d.<\/em><\/p>\n<p>Mayra, adem\u00e1s, se refiri\u00f3 a la parte legal,<em> \u201cY nosotros seguimos con la parte legal, volv\u00ed a llevar otra nota y la semana pasada firme un poder para que \u00e9l me pueda representar, as\u00ed que esta semana arranc\u00f3 con el recurso de amparo lamentablemente. (\u2026) Nosotros ya arrancamos el lunes con el recurso de amparo pero obviamente si me responder\u00edan cancelar\u00edamos todo pero todav\u00eda nada. (\u2026) El abogado me dijo que son de 5 a 20 d\u00edas que tardan en dar una resoluci\u00f3n y que no me preocupara que en general los jueces siempre fallar a favor de nosotros, y m\u00e1s que Alma tiene carnet de discapacidad y en teor\u00eda ellos no se tendr\u00edan por qu\u00e9 negar en darte las cosas, las terapias y todo eso\u201d.<\/em><\/p>\n<p>Alma y su familia esperan obtener una respuesta favorable y que finalmente la obra social IOMA responda y cubra los tratamientos que la ni\u00f1a debe realizar para mejorar su desarrollo general.<\/p>\n<p>Compartimos la entrevista completa<\/p>\n<p><a href=\"https:\/\/archive.org\/details\/audio-mayra-macias-12-07\">Descargar<\/a><\/p>\n<audio class=\"wp-audio-shortcode\" id=\"audio-4749-2\" preload=\"none\" style=\"width: 100%;\" controls=\"controls\"><source type=\"audio\/mpeg\" src=\"https:\/\/archive.org\/download\/audio-mayra-macias-12-07\/AUDIO%20-%20MAYRA%20MACIAS%2012%2007%20.mp3?_=2\" \/><a href=\"https:\/\/archive.org\/download\/audio-mayra-macias-12-07\/AUDIO%20-%20MAYRA%20MACIAS%2012%2007%20.mp3\">https:\/\/archive.org\/download\/audio-mayra-macias-12-07\/AUDIO%20-%20MAYRA%20MACIAS%2012%2007%20.mp3<\/a><\/audio>\n<div class=\"powerpress_player\" id=\"powerpress_player_2244\"><audio class=\"wp-audio-shortcode\" id=\"audio-4749-1\" preload=\"none\" style=\"width: 100%;\" controls=\"controls\"><source type=\"audio\/mpeg\" src=\"https:\/\/archive.org\/download\/audio-mayra-macias-12-07\/AUDIO%20-%20MAYRA%20MACIAS%2012%2007%20.mp3?_=1\" \/><a href=\"https:\/\/archive.org\/download\/audio-mayra-macias-12-07\/AUDIO%20-%20MAYRA%20MACIAS%2012%2007%20.mp3\">https:\/\/archive.org\/download\/audio-mayra-macias-12-07\/AUDIO%20-%20MAYRA%20MACIAS%2012%2007%20.mp3<\/a><\/audio><\/div><p class=\"powerpress_links powerpress_links_mp3\" style=\"margin-bottom: 1px !important;\">Podcast: <a href=\"https:\/\/archive.org\/download\/audio-mayra-macias-12-07\/AUDIO%20-%20MAYRA%20MACIAS%2012%2007%20.mp3\" class=\"powerpress_link_pinw\" target=\"_blank\" title=\"Reproducir en una nueva ventana\" onclick=\"return powerpress_pinw('https:\/\/fmtinkunaco.ar\/?powerpress_pinw=4749-podcast');\" rel=\"nofollow\">Reproducir en una nueva ventana<\/a> | <a href=\"https:\/\/archive.org\/download\/audio-mayra-macias-12-07\/AUDIO%20-%20MAYRA%20MACIAS%2012%2007%20.mp3\" class=\"powerpress_link_d\" title=\"Descargar\" rel=\"nofollow\" download=\"AUDIO%20-%20MAYRA%20MACIAS%2012%2007%20.mp3\">Descargar<\/a><\/p>","protected":false},"excerpt":{"rendered":"<p>Alma junto a su mam\u00e1 Mayra, contin\u00faan exigiendo a la obra social IOMA que responda y cubra los tratamientos necesarios para el desarrollo pleno de la ni\u00f1a. En el d\u00eda de ayer, su mam\u00e1 present\u00f3 un recurso de amparo ya que no han conseguido una respuesta de las autoridades pertinentes. En di\u00e1logo con el programa [&hellip;]<\/p>\n","protected":false},"author":1,"featured_media":4705,"comment_status":"open","ping_status":"open","sticky":false,"template":"","format":"standard","meta":{"footnotes":""},"categories":[7],"tags":[],"class_list":["post-4749","post","type-post","status-publish","format-standard","has-post-thumbnail","hentry","category-salud"],"_links":{"self":[{"href":"https:\/\/fmtinkunaco.ar\/index.php?rest_route=\/wp\/v2\/posts\/4749","targetHints":{"allow":["GET"]}}],"collection":[{"href":"https:\/\/fmtinkunaco.ar\/index.php?rest_route=\/wp\/v2\/posts"}],"about":[{"href":"https:\/\/fmtinkunaco.ar\/index.php?rest_route=\/wp\/v2\/types\/post"}],"author":[{"embeddable":true,"href":"https:\/\/fmtinkunaco.ar\/index.php?rest_route=\/wp\/v2\/users\/1"}],"replies":[{"embeddable":true,"href":"https:\/\/fmtinkunaco.ar\/index.php?rest_route=%2Fwp%2Fv2%2Fcomments&post=4749"}],"version-history":[{"count":0,"href":"https:\/\/fmtinkunaco.ar\/index.php?rest_route=\/wp\/v2\/posts\/4749\/revisions"}],"wp:featuredmedia":[{"embeddable":true,"href":"https:\/\/fmtinkunaco.ar\/index.php?rest_route=\/"}],"wp:attachment":[{"href":"https:\/\/fmtinkunaco.ar\/index.php?rest_route=%2Fwp%2Fv2%2Fmedia&parent=4749"}],"wp:term":[{"taxonomy":"category","embeddable":true,"href":"https:\/\/fmtinkunaco.ar\/index.php?rest_route=%2Fwp%2Fv2%2Fcategories&post=4749"},{"taxonomy":"post_tag","embeddable":true,"href":"https:\/\/fmtinkunaco.ar\/index.php?rest_route=%2Fwp%2Fv2%2Ftags&post=4749"}],"curies":[{"name":"wp","href":"https:\/\/api.w.org\/{rel}","templated":true}]}}