{"id":4752,"date":"2022-07-13T10:31:53","date_gmt":"2022-07-13T13:31:53","guid":{"rendered":"http:\/\/fmtinkunaco.com.ar\/?p=4752"},"modified":"2022-07-13T10:31:53","modified_gmt":"2022-07-13T13:31:53","slug":"llega-el-11-desborde-de-vacaciones-a-la-herreria-teatro","status":"publish","type":"post","link":"https:\/\/fmtinkunaco.ar\/?p=4752","title":{"rendered":"Llega el 11\u00b0 Desborde de Vacaciones a la Herrer\u00eda Teatro"},"content":{"rendered":"<p>El pr\u00f3ximo lunes 18 de julio arranca el 11\u00b0 Desborde de Vacaciones de Invierno en la Herrer\u00eda Teatro, con doble funci\u00f3n y un bono contribuci\u00f3n de \u00fanicamente $400 m\u00e1s la gorra a conciencia.<\/p>\n<p>En di\u00e1logo con el programa radial \u201cEncuentro con las Noticias\u201d, Mariano Guerra, referente de la Herrer\u00eda Teatro, \u00a0se refiri\u00f3 a este desborde que arranca la semana que viene \u201cNos venimos preparando con mucha ansiedad, compromiso con el p\u00fablico, volviendo despu\u00e9s de dos a\u00f1os de no hacerlo, as\u00ed que tambi\u00e9n reencontr\u00e1ndonos\u201d.<\/p>\n<p>Guerra, adem\u00e1s, nos cont\u00f3 c\u00f3mo y d\u00f3nde se podr\u00e1n adquirir las entradas para cada una de las funciones de las dos semanas de vacaciones de invierno, <em>\u201cLos horarios de las funciones son a las 15hs y 17 hs y nosotros durante el a\u00f1o trabajamos a la gorra pero en vacaciones por la demanda y para organizarnos un poquito el cupo, cobramos un bono contribuci\u00f3n de $400 pesos m\u00e1s la gorra. As\u00ed que pueden ya sacar las entradas a partir del lunes, se puede comprar el bono para cualquier funci\u00f3n de las vacaciones.<\/em><br \/>\n<em> (\u2026) La boleter\u00eda va a estar abierta de lunes a s\u00e1bados, de 13 a 17hs\u201d.<\/em><\/p>\n<p>Adem\u00e1s, Mariano Guerra, hizo hincapi\u00e9 en c\u00f3mo est\u00e1 conformado el cronograma, <em>\u201cViene bastante variadito, eso est\u00e1 bueno en las propuestas, va a haber dos talleres para las ni\u00f1es y ni\u00f1os, va a haber un taller de laboratorios de juegos del cual soy parte con Florencia Novo y Jos\u00e9 Ferrer\u00eda vamos a fusionar la m\u00fasica, la danza y el teatro. Va a estar La Grieta, que es un colectivo que hace microteatro. Van a estar dos compa\u00f1\u00edas de circo, una de Pilar y otra del oeste, dos compa\u00f1\u00edas de teatro de t\u00edteres, m\u00fasica para chiques, la verdad que viene bastante variado y est\u00e1 bueno\u201d.<\/em><\/p>\n<p>El Desborde arranca el 18 de julio, hasta el 29 de Julio, con doble funci\u00f3n a las 15 y 17hs. Habr\u00e1 un Bono contribuci\u00f3n de $400 + GORRA.<\/p>\n<p>La Herrer\u00eda esta ubicada en Sarmiento 2000, San Miguel.<\/p>\n<p>Compartimos la entrevista completa<\/p>\n<p><a href=\"https:\/\/archive.org\/details\/audio-mariano-guerra-13-07-2022\">Descargar<\/a><\/p>\n<audio class=\"wp-audio-shortcode\" id=\"audio-4752-2\" preload=\"none\" style=\"width: 100%;\" controls=\"controls\"><source type=\"audio\/mpeg\" src=\"https:\/\/archive.org\/download\/audio-mariano-guerra-13-07-2022\/AUDIO%20-%20MARIANO%20GUERRA%2013%2007%202022.mp3?_=2\" \/><a href=\"https:\/\/archive.org\/download\/audio-mariano-guerra-13-07-2022\/AUDIO%20-%20MARIANO%20GUERRA%2013%2007%202022.mp3\">https:\/\/archive.org\/download\/audio-mariano-guerra-13-07-2022\/AUDIO%20-%20MARIANO%20GUERRA%2013%2007%202022.mp3<\/a><\/audio>\n<div class=\"powerpress_player\" id=\"powerpress_player_7538\"><audio class=\"wp-audio-shortcode\" id=\"audio-4752-1\" preload=\"none\" style=\"width: 100%;\" controls=\"controls\"><source type=\"audio\/mpeg\" src=\"https:\/\/archive.org\/download\/audio-mariano-guerra-13-07-2022\/AUDIO%20-%20MARIANO%20GUERRA%2013%2007%202022.mp3?_=1\" \/><a href=\"https:\/\/archive.org\/download\/audio-mariano-guerra-13-07-2022\/AUDIO%20-%20MARIANO%20GUERRA%2013%2007%202022.mp3\">https:\/\/archive.org\/download\/audio-mariano-guerra-13-07-2022\/AUDIO%20-%20MARIANO%20GUERRA%2013%2007%202022.mp3<\/a><\/audio><\/div><p class=\"powerpress_links powerpress_links_mp3\" style=\"margin-bottom: 1px !important;\">Podcast: <a href=\"https:\/\/archive.org\/download\/audio-mariano-guerra-13-07-2022\/AUDIO%20-%20MARIANO%20GUERRA%2013%2007%202022.mp3\" class=\"powerpress_link_pinw\" target=\"_blank\" title=\"Reproducir en una nueva ventana\" onclick=\"return powerpress_pinw('https:\/\/fmtinkunaco.ar\/?powerpress_pinw=4752-podcast');\" rel=\"nofollow\">Reproducir en una nueva ventana<\/a> | <a href=\"https:\/\/archive.org\/download\/audio-mariano-guerra-13-07-2022\/AUDIO%20-%20MARIANO%20GUERRA%2013%2007%202022.mp3\" class=\"powerpress_link_d\" title=\"Descargar\" rel=\"nofollow\" download=\"AUDIO%20-%20MARIANO%20GUERRA%2013%2007%202022.mp3\">Descargar<\/a><\/p>","protected":false},"excerpt":{"rendered":"<p>El pr\u00f3ximo lunes 18 de julio arranca el 11\u00b0 Desborde de Vacaciones de Invierno en la Herrer\u00eda Teatro, con doble funci\u00f3n y un bono contribuci\u00f3n de \u00fanicamente $400 m\u00e1s la gorra a conciencia. En di\u00e1logo con el programa radial \u201cEncuentro con las Noticias\u201d, Mariano Guerra, referente de la Herrer\u00eda Teatro, \u00a0se refiri\u00f3 a este desborde [&hellip;]<\/p>\n","protected":false},"author":1,"featured_media":4753,"comment_status":"open","ping_status":"open","sticky":false,"template":"","format":"standard","meta":{"footnotes":""},"categories":[8],"tags":[],"class_list":["post-4752","post","type-post","status-publish","format-standard","has-post-thumbnail","hentry","category-sem-categoria"],"_links":{"self":[{"href":"https:\/\/fmtinkunaco.ar\/index.php?rest_route=\/wp\/v2\/posts\/4752","targetHints":{"allow":["GET"]}}],"collection":[{"href":"https:\/\/fmtinkunaco.ar\/index.php?rest_route=\/wp\/v2\/posts"}],"about":[{"href":"https:\/\/fmtinkunaco.ar\/index.php?rest_route=\/wp\/v2\/types\/post"}],"author":[{"embeddable":true,"href":"https:\/\/fmtinkunaco.ar\/index.php?rest_route=\/wp\/v2\/users\/1"}],"replies":[{"embeddable":true,"href":"https:\/\/fmtinkunaco.ar\/index.php?rest_route=%2Fwp%2Fv2%2Fcomments&post=4752"}],"version-history":[{"count":0,"href":"https:\/\/fmtinkunaco.ar\/index.php?rest_route=\/wp\/v2\/posts\/4752\/revisions"}],"wp:featuredmedia":[{"embeddable":true,"href":"https:\/\/fmtinkunaco.ar\/index.php?rest_route=\/"}],"wp:attachment":[{"href":"https:\/\/fmtinkunaco.ar\/index.php?rest_route=%2Fwp%2Fv2%2Fmedia&parent=4752"}],"wp:term":[{"taxonomy":"category","embeddable":true,"href":"https:\/\/fmtinkunaco.ar\/index.php?rest_route=%2Fwp%2Fv2%2Fcategories&post=4752"},{"taxonomy":"post_tag","embeddable":true,"href":"https:\/\/fmtinkunaco.ar\/index.php?rest_route=%2Fwp%2Fv2%2Ftags&post=4752"}],"curies":[{"name":"wp","href":"https:\/\/api.w.org\/{rel}","templated":true}]}}