{"id":4756,"date":"2022-07-13T14:24:10","date_gmt":"2022-07-13T17:24:10","guid":{"rendered":"http:\/\/fmtinkunaco.com.ar\/?p=4756"},"modified":"2022-07-13T14:24:10","modified_gmt":"2022-07-13T17:24:10","slug":"la-fundacion-por-un-autismo-sin-barreras-organiza-un-evento-para-personas-con-autismo","status":"publish","type":"post","link":"https:\/\/fmtinkunaco.ar\/?p=4756","title":{"rendered":"La Fundaci\u00f3n Por un autismo sin barreras organiza un evento para personas con autismo"},"content":{"rendered":"<p>La Fundaci\u00f3n por un autismo sin barreras, ubicada en Presidente Derqui partido de Pilar, junto a Promotores TEA se encuentra organizando la celebraci\u00f3n por el d\u00eda del ni\u00f1o para personas con Autismo.<\/p>\n<p>El festejo se llevar\u00e1 adelante en el predio de la cooperativa telef\u00f3nica de Derqui ubicada en las calles Sarmiento y Espa\u00f1a, adem\u00e1s la entrada es gratuita.<\/p>\n<p>En di\u00e1logo con el programa radial \u201cEncuentro con las Noticias\u201d, Liliana Monges, Presidenta de la Fundaci\u00f3n por un autismo sin barreras, describi\u00f3 el trabajo que viene realizando el espacio, <em>\u201cHace muy poquitos meses nos dieron a nosotros nuestra personer\u00eda jur\u00eddica pero hace bastante tiempo que venimos trabajando en acciones todas de referencia a lo que es el autismo para poder mejorar la calidad de vida de las familias porque cuando una persona es afectada es la familia entera la que lleva toda la carga.<br \/>\n(\u2026) Estamos arrancando con actividades y con asesor\u00edas para padres, orientaci\u00f3n; vamos a arrancar con talleres para padres m\u00e1s que nada para el manejo de las conductas en los chicos\u201d.<\/em><\/p>\n<p>En marco de las actividades que se encuentran llevando adelante, la Fundaci\u00f3n organiza un evento para las personas con autismo en el marco del d\u00eda del ni\u00f1o y la ni\u00f1a.<\/p>\n<p>As\u00ed lo explic\u00f3 Mabel Cama\u00f1o, Secretaria de la Fundaci\u00f3n por un autismo sin barreras, <em>\u201cEstamos con la organizaci\u00f3n del primer festejo del d\u00eda del ni\u00f1o para personas con autismo, (\u2026) es para ni\u00f1os, adolescentes y adultos con autismo porque la realidad nuestra es que siempre se hacen festejos y nosotros por las caracter\u00edsticas de nuestros hijos no podemos presenciar y por eso las ganas de hacer esto y sabemos que muchas familias van a estar presentes para poder disfrutar un d\u00eda con sus hijos.<\/em><br \/>\n<em> La idea es dividirlos por \u00e1rea porque no todos tienen los mismos intereses y no es lo mismo los tradicionales festejos del d\u00eda del ni\u00f1o donde est\u00e1 toda la gente junta, donde hay m\u00fasica fuerte. Esto va a estar todo sectorizado, vamos a tener paseos en bici, espacios terap\u00e9uticos con perros, espacio de m\u00fasica tenue, espacio de luces, talleres de arte de pintura, de huerta; todo sectorizado para que cada uno participe de la actividad que m\u00e1s le guste y no se canse\u00bb. \u00a0\u00a0\u00a0\u00a0\u00a0\u00a0\u00a0\u201d<\/em><\/p>\n<p>El evento ser\u00e1 el pr\u00f3ximo s\u00e1bado 28 de agosto en Sarmiento y Espa\u00f1a (Presidente Derqui), a partir de las 13hs. Es una actividad gratuita pero por cuestiones de organizaci\u00f3n es necesario que se inscriban previamente <a href=\"https:\/\/docs.google.com\/forms\/d\/e\/1FAIpQLScMVBl8-L3XmRYyRpO5q2mNLXdavrh3xWb9b9wZj1i5GfNfVw\/viewform\">aqu\u00ed<\/a> y que el d\u00eda del evento las personas con autismo presenten su certificado.<\/p>\n<p>Compartimos la entrevista completa<\/p>\n<p><a href=\"https:\/\/archive.org\/details\/audio-liliana-monges-y-mabel-caman-o-13-07-2022\">Descargar<\/a><\/p>\n<audio class=\"wp-audio-shortcode\" id=\"audio-4756-2\" preload=\"none\" style=\"width: 100%;\" controls=\"controls\"><source type=\"audio\/mpeg\" src=\"https:\/\/archive.org\/download\/audio-liliana-monges-y-mabel-caman-o-13-07-2022\/AUDIO%20-%20LILIANA%20MONGES%20Y%20MABEL%20CAMA%C3%91O%2013%2007%202022.mp3?_=2\" \/><a href=\"https:\/\/archive.org\/download\/audio-liliana-monges-y-mabel-caman-o-13-07-2022\/AUDIO%20-%20LILIANA%20MONGES%20Y%20MABEL%20CAMA%C3%91O%2013%2007%202022.mp3\">https:\/\/archive.org\/download\/audio-liliana-monges-y-mabel-caman-o-13-07-2022\/AUDIO%20-%20LILIANA%20MONGES%20Y%20MABEL%20CAMA%C3%91O%2013%2007%202022.mp3<\/a><\/audio>\n<div class=\"powerpress_player\" id=\"powerpress_player_6610\"><audio class=\"wp-audio-shortcode\" id=\"audio-4756-1\" preload=\"none\" style=\"width: 100%;\" controls=\"controls\"><source type=\"audio\/mpeg\" src=\"https:\/\/archive.org\/download\/audio-liliana-monges-y-mabel-caman-o-13-07-2022\/AUDIO%20-%20LILIANA%20MONGES%20Y%20MABEL%20CAMA%C3%91O%2013%2007%202022.mp3?_=1\" \/><a href=\"https:\/\/archive.org\/download\/audio-liliana-monges-y-mabel-caman-o-13-07-2022\/AUDIO%20-%20LILIANA%20MONGES%20Y%20MABEL%20CAMA%C3%91O%2013%2007%202022.mp3\">https:\/\/archive.org\/download\/audio-liliana-monges-y-mabel-caman-o-13-07-2022\/AUDIO%20-%20LILIANA%20MONGES%20Y%20MABEL%20CAMA%C3%91O%2013%2007%202022.mp3<\/a><\/audio><\/div><p class=\"powerpress_links powerpress_links_mp3\" style=\"margin-bottom: 1px !important;\">Podcast: <a href=\"https:\/\/archive.org\/download\/audio-liliana-monges-y-mabel-caman-o-13-07-2022\/AUDIO%20-%20LILIANA%20MONGES%20Y%20MABEL%20CAMA%C3%91O%2013%2007%202022.mp3\" class=\"powerpress_link_pinw\" target=\"_blank\" title=\"Reproducir en una nueva ventana\" onclick=\"return powerpress_pinw('https:\/\/fmtinkunaco.ar\/?powerpress_pinw=4756-podcast');\" rel=\"nofollow\">Reproducir en una nueva ventana<\/a> | <a href=\"https:\/\/archive.org\/download\/audio-liliana-monges-y-mabel-caman-o-13-07-2022\/AUDIO%20-%20LILIANA%20MONGES%20Y%20MABEL%20CAMA%C3%91O%2013%2007%202022.mp3\" class=\"powerpress_link_d\" title=\"Descargar\" rel=\"nofollow\" download=\"AUDIO%20-%20LILIANA%20MONGES%20Y%20MABEL%20CAMA%C3%91O%2013%2007%202022.mp3\">Descargar<\/a><\/p>","protected":false},"excerpt":{"rendered":"<p>La Fundaci\u00f3n por un autismo sin barreras, ubicada en Presidente Derqui partido de Pilar, junto a Promotores TEA se encuentra organizando la celebraci\u00f3n por el d\u00eda del ni\u00f1o para personas con Autismo. El festejo se llevar\u00e1 adelante en el predio de la cooperativa telef\u00f3nica de Derqui ubicada en las calles Sarmiento y Espa\u00f1a, adem\u00e1s la [&hellip;]<\/p>\n","protected":false},"author":1,"featured_media":4757,"comment_status":"open","ping_status":"open","sticky":false,"template":"","format":"standard","meta":{"footnotes":""},"categories":[3,7],"tags":[],"class_list":["post-4756","post","type-post","status-publish","format-standard","has-post-thumbnail","hentry","category-cultura","category-salud"],"_links":{"self":[{"href":"https:\/\/fmtinkunaco.ar\/index.php?rest_route=\/wp\/v2\/posts\/4756","targetHints":{"allow":["GET"]}}],"collection":[{"href":"https:\/\/fmtinkunaco.ar\/index.php?rest_route=\/wp\/v2\/posts"}],"about":[{"href":"https:\/\/fmtinkunaco.ar\/index.php?rest_route=\/wp\/v2\/types\/post"}],"author":[{"embeddable":true,"href":"https:\/\/fmtinkunaco.ar\/index.php?rest_route=\/wp\/v2\/users\/1"}],"replies":[{"embeddable":true,"href":"https:\/\/fmtinkunaco.ar\/index.php?rest_route=%2Fwp%2Fv2%2Fcomments&post=4756"}],"version-history":[{"count":0,"href":"https:\/\/fmtinkunaco.ar\/index.php?rest_route=\/wp\/v2\/posts\/4756\/revisions"}],"wp:featuredmedia":[{"embeddable":true,"href":"https:\/\/fmtinkunaco.ar\/index.php?rest_route=\/"}],"wp:attachment":[{"href":"https:\/\/fmtinkunaco.ar\/index.php?rest_route=%2Fwp%2Fv2%2Fmedia&parent=4756"}],"wp:term":[{"taxonomy":"category","embeddable":true,"href":"https:\/\/fmtinkunaco.ar\/index.php?rest_route=%2Fwp%2Fv2%2Fcategories&post=4756"},{"taxonomy":"post_tag","embeddable":true,"href":"https:\/\/fmtinkunaco.ar\/index.php?rest_route=%2Fwp%2Fv2%2Ftags&post=4756"}],"curies":[{"name":"wp","href":"https:\/\/api.w.org\/{rel}","templated":true}]}}