{"id":4798,"date":"2022-07-26T10:52:00","date_gmt":"2022-07-26T13:52:00","guid":{"rendered":"http:\/\/fmtinkunaco.com.ar\/?p=4798"},"modified":"2022-07-26T10:52:00","modified_gmt":"2022-07-26T13:52:00","slug":"el-juzgado-civil-n-18-fallo-a-favor-de-alma-y-su-familia","status":"publish","type":"post","link":"https:\/\/fmtinkunaco.ar\/?p=4798","title":{"rendered":"El Juzgado Civil N\u00b0 18 fall\u00f3 a favor de Alma y su familia"},"content":{"rendered":"<p>Alma es una ni\u00f1a que ven\u00eda, junto a su mam\u00e1, exigi\u00e9ndole a la obra social IOMA que d\u00e9 respuestas y cubra los tratamientos necesarios de la menor para acompa\u00f1ar su desarrollo.<\/p>\n<p>A mediados del mes de julio, Mayra Mac\u00edas, mam\u00e1 de Alma junto a su abogado present\u00f3 un <a href=\"http:\/\/fmtinkunaco.com.ar\/alma-y-su-familia-presentaron-un-recurso-de-amparo-contra-ioma\/\">recurso de amparo<\/a> contra IOMA y hace unos d\u00edas el juzgado civil 18 fall\u00f3 a su favor. Adem\u00e1s, al ser notificada la obra social deber\u00e1 pagar una multa por los d\u00edas que Alma pase sin sus tratamientos.<\/p>\n<p>En di\u00e1logo con el programa radial \u201cEncuentro con las Noticia\u201d, Mayra Mac\u00edas, mam\u00e1 de Alma se refiri\u00f3 al fallo del juzgado a su favor, <em>\u201cHace una semana me escribi\u00f3 mi abogado para avisarme que ya hab\u00eda salido el tema del recurso de amparo y el Juzgado N\u00b0 18 Civil de La Plata hab\u00eda fallado a favor nuestro y que una vez que IOMA sea notificado, por cada d\u00eda que pase que Alma no tenga sus terapias va a tener que pagar una multa. As\u00ed que al toque me llamaron del juzgado para hacer por videollamada la ratificaci\u00f3n de mi firma. As\u00ed que contentas por una parte porque en cuanto sea notificado va a estar obligado a darle todas las terapias \u00a0y tambi\u00e9n un poco baj\u00f3n porque tuve que recurrir a esto, a un abogado para que hagan lo que tienen que hacer\u201d.<\/em><\/p>\n<p>Adem\u00e1s, Mayra Mac\u00edas, describi\u00f3 la felicidad por este logro, <em>\u201cRe contenta por Alma porque ella lo necesita y porque quiero que ella tambi\u00e9n pueda desenvolverse y desarrollar sus capacidades al m\u00e1ximo de lo que pueda para que cuando sea una adulta pueda hacer de su vida lo que tenga ganas de hacer. Si tiene ganas de estudiar una carrera, que la estudie, si tiene ganas de ir a trabajar en una f\u00e1brica o en una empresa, que lo haga pero que tenga las herramientas para elegir de su vida lo que quiera hacer, que tenga una vida plena\u201d.<\/em><\/p>\n<p>Mayra, adem\u00e1s, remarco que posiblemente luego de la feria judicial de invierno IOMA sea notificada.<\/p>\n<p>Compartimos la entrevista completa<\/p>\n<p><a href=\"https:\/\/archive.org\/details\/audio-mayra-macias-26-07-2022\">Descargar<\/a><\/p>\n","protected":false},"excerpt":{"rendered":"<p>Alma es una ni\u00f1a que ven\u00eda, junto a su mam\u00e1, exigi\u00e9ndole a la obra social IOMA que d\u00e9 respuestas y cubra los tratamientos necesarios de la menor para acompa\u00f1ar su desarrollo. A mediados del mes de julio, Mayra Mac\u00edas, mam\u00e1 de Alma junto a su abogado present\u00f3 un recurso de amparo contra IOMA y hace [&hellip;]<\/p>\n","protected":false},"author":1,"featured_media":4799,"comment_status":"open","ping_status":"open","sticky":false,"template":"","format":"standard","meta":{"footnotes":""},"categories":[7],"tags":[],"class_list":["post-4798","post","type-post","status-publish","format-standard","has-post-thumbnail","hentry","category-salud"],"_links":{"self":[{"href":"https:\/\/fmtinkunaco.ar\/index.php?rest_route=\/wp\/v2\/posts\/4798","targetHints":{"allow":["GET"]}}],"collection":[{"href":"https:\/\/fmtinkunaco.ar\/index.php?rest_route=\/wp\/v2\/posts"}],"about":[{"href":"https:\/\/fmtinkunaco.ar\/index.php?rest_route=\/wp\/v2\/types\/post"}],"author":[{"embeddable":true,"href":"https:\/\/fmtinkunaco.ar\/index.php?rest_route=\/wp\/v2\/users\/1"}],"replies":[{"embeddable":true,"href":"https:\/\/fmtinkunaco.ar\/index.php?rest_route=%2Fwp%2Fv2%2Fcomments&post=4798"}],"version-history":[{"count":0,"href":"https:\/\/fmtinkunaco.ar\/index.php?rest_route=\/wp\/v2\/posts\/4798\/revisions"}],"wp:featuredmedia":[{"embeddable":true,"href":"https:\/\/fmtinkunaco.ar\/index.php?rest_route=\/"}],"wp:attachment":[{"href":"https:\/\/fmtinkunaco.ar\/index.php?rest_route=%2Fwp%2Fv2%2Fmedia&parent=4798"}],"wp:term":[{"taxonomy":"category","embeddable":true,"href":"https:\/\/fmtinkunaco.ar\/index.php?rest_route=%2Fwp%2Fv2%2Fcategories&post=4798"},{"taxonomy":"post_tag","embeddable":true,"href":"https:\/\/fmtinkunaco.ar\/index.php?rest_route=%2Fwp%2Fv2%2Ftags&post=4798"}],"curies":[{"name":"wp","href":"https:\/\/api.w.org\/{rel}","templated":true}]}}