{"id":4847,"date":"2022-08-12T10:53:57","date_gmt":"2022-08-12T13:53:57","guid":{"rendered":"http:\/\/fmtinkunaco.com.ar\/?p=4847"},"modified":"2022-08-12T10:53:57","modified_gmt":"2022-08-12T13:53:57","slug":"hospital-provincial-domingo-mercante-la-situacion-del-hospital-es-caotica","status":"publish","type":"post","link":"https:\/\/fmtinkunaco.ar\/?p=4847","title":{"rendered":"Hospital Provincial Domingo Mercante: \u201cLa situaci\u00f3n del hospital es ca\u00f3tica\u201d"},"content":{"rendered":"<p>Trabajadores y trabajadoras del Hospital Provincial Domingo Mercante de Jos\u00e9. C. Paz denuncian la grave situaci\u00f3n que atraviesa el mismo y la falta de presupuesto.<\/p>\n<p>En di\u00e1logo con el programa radial \u201cEncuentro con las Noticias\u201d, Paola Trejo, Enfermera del \u00e1rea de pediatr\u00eda del hospital mercante y Delegada de ATE, se refiri\u00f3 a la grave situaci\u00f3n del hospital <em>\u201cLa situaci\u00f3n del hospital es ca\u00f3tica, hay una falta de presupuesto total, lo llevan a que no se presentan los licitadores, el aumento del d\u00f3lar pero lo que no hay presupuesto. Nosotras hace muchos a\u00f1os anteriores les hemos dado a los pacientes que se van la betametazona, los puff, el antibi\u00f3tico, para que sigan el tratamiento en su domicilio. Ahora no, ahora ni siquiera hay amoxicilina para darles, un antibi\u00f3tico totalmente com\u00fan. Entonces dicen que es por la falta de licitaci\u00f3n que no se presentan, yo no s\u00e9 c\u00f3mo har\u00e1n pero que saquen la plata de donde sea porque los ni\u00f1os tienen que seguir con sus tratamientos en la casa\u201d.<\/em><\/p>\n<p>Trejo, adem\u00e1s, afirmo<em> \u201cEs ca\u00f3tico, esto es a nivel pediatr\u00eda, despu\u00e9s no tenemos medicaci\u00f3n, es la falta de insumos total, vamos cambiando con otros servicios, a vos te falta cierta medicaci\u00f3n, dame esto. Hay servicio muy solidarios como todos porque con pediatr\u00eda la verdad que todos los servicios colaboran. (\u2026) La falta de presupuesto es total, hablaba con compa\u00f1eros de la cocina y tambi\u00e9n, lo mismo, hace un a\u00f1o que est\u00e1n tratando de comprar dos hornos\u201d.<\/em><\/p>\n<p>La situaci\u00f3n de la falta de insumos, herramientas, medicaci\u00f3n, es particularmente visible en la guardia de pediatr\u00eda.<\/p>\n<p>Adem\u00e1s, profesionales del sector de enfermer\u00eda denuncian una liquidaci\u00f3n err\u00f3nea en el valor de las horas trabajadas y exigen que se les reconozca esa diferencia.<\/p>\n<p>Compartimos la entrevista completa<\/p>\n<p><a href=\"https:\/\/archive.org\/details\/audio-paola-trejo-12-08-2022\">Descargar<\/a><\/p>\n<audio class=\"wp-audio-shortcode\" id=\"audio-4847-2\" preload=\"none\" style=\"width: 100%;\" controls=\"controls\"><source type=\"audio\/mpeg\" src=\"https:\/\/archive.org\/download\/audio-paola-trejo-12-08-2022\/AUDIO%20-%20PAOLA%20TREJO%2012%2008%202022.mp3?_=2\" \/><a href=\"https:\/\/archive.org\/download\/audio-paola-trejo-12-08-2022\/AUDIO%20-%20PAOLA%20TREJO%2012%2008%202022.mp3\">https:\/\/archive.org\/download\/audio-paola-trejo-12-08-2022\/AUDIO%20-%20PAOLA%20TREJO%2012%2008%202022.mp3<\/a><\/audio>\n<div class=\"powerpress_player\" id=\"powerpress_player_8285\"><audio class=\"wp-audio-shortcode\" id=\"audio-4847-1\" preload=\"none\" style=\"width: 100%;\" controls=\"controls\"><source type=\"audio\/mpeg\" src=\"https:\/\/archive.org\/download\/audio-paola-trejo-12-08-2022\/AUDIO%20-%20PAOLA%20TREJO%2012%2008%202022.mp3?_=1\" \/><a href=\"https:\/\/archive.org\/download\/audio-paola-trejo-12-08-2022\/AUDIO%20-%20PAOLA%20TREJO%2012%2008%202022.mp3\">https:\/\/archive.org\/download\/audio-paola-trejo-12-08-2022\/AUDIO%20-%20PAOLA%20TREJO%2012%2008%202022.mp3<\/a><\/audio><\/div><p class=\"powerpress_links powerpress_links_mp3\" style=\"margin-bottom: 1px !important;\">Podcast: <a href=\"https:\/\/archive.org\/download\/audio-paola-trejo-12-08-2022\/AUDIO%20-%20PAOLA%20TREJO%2012%2008%202022.mp3\" class=\"powerpress_link_pinw\" target=\"_blank\" title=\"Reproducir en una nueva ventana\" onclick=\"return powerpress_pinw('https:\/\/fmtinkunaco.ar\/?powerpress_pinw=4847-podcast');\" rel=\"nofollow\">Reproducir en una nueva ventana<\/a> | <a href=\"https:\/\/archive.org\/download\/audio-paola-trejo-12-08-2022\/AUDIO%20-%20PAOLA%20TREJO%2012%2008%202022.mp3\" class=\"powerpress_link_d\" title=\"Descargar\" rel=\"nofollow\" download=\"AUDIO%20-%20PAOLA%20TREJO%2012%2008%202022.mp3\">Descargar<\/a><\/p>","protected":false},"excerpt":{"rendered":"<p>Trabajadores y trabajadoras del Hospital Provincial Domingo Mercante de Jos\u00e9. C. Paz denuncian la grave situaci\u00f3n que atraviesa el mismo y la falta de presupuesto. En di\u00e1logo con el programa radial \u201cEncuentro con las Noticias\u201d, Paola Trejo, Enfermera del \u00e1rea de pediatr\u00eda del hospital mercante y Delegada de ATE, se refiri\u00f3 a la grave situaci\u00f3n [&hellip;]<\/p>\n","protected":false},"author":1,"featured_media":4848,"comment_status":"open","ping_status":"open","sticky":false,"template":"","format":"standard","meta":{"footnotes":""},"categories":[7],"tags":[],"class_list":["post-4847","post","type-post","status-publish","format-standard","has-post-thumbnail","hentry","category-salud"],"_links":{"self":[{"href":"https:\/\/fmtinkunaco.ar\/index.php?rest_route=\/wp\/v2\/posts\/4847","targetHints":{"allow":["GET"]}}],"collection":[{"href":"https:\/\/fmtinkunaco.ar\/index.php?rest_route=\/wp\/v2\/posts"}],"about":[{"href":"https:\/\/fmtinkunaco.ar\/index.php?rest_route=\/wp\/v2\/types\/post"}],"author":[{"embeddable":true,"href":"https:\/\/fmtinkunaco.ar\/index.php?rest_route=\/wp\/v2\/users\/1"}],"replies":[{"embeddable":true,"href":"https:\/\/fmtinkunaco.ar\/index.php?rest_route=%2Fwp%2Fv2%2Fcomments&post=4847"}],"version-history":[{"count":0,"href":"https:\/\/fmtinkunaco.ar\/index.php?rest_route=\/wp\/v2\/posts\/4847\/revisions"}],"wp:featuredmedia":[{"embeddable":true,"href":"https:\/\/fmtinkunaco.ar\/index.php?rest_route=\/"}],"wp:attachment":[{"href":"https:\/\/fmtinkunaco.ar\/index.php?rest_route=%2Fwp%2Fv2%2Fmedia&parent=4847"}],"wp:term":[{"taxonomy":"category","embeddable":true,"href":"https:\/\/fmtinkunaco.ar\/index.php?rest_route=%2Fwp%2Fv2%2Fcategories&post=4847"},{"taxonomy":"post_tag","embeddable":true,"href":"https:\/\/fmtinkunaco.ar\/index.php?rest_route=%2Fwp%2Fv2%2Ftags&post=4847"}],"curies":[{"name":"wp","href":"https:\/\/api.w.org\/{rel}","templated":true}]}}